{"id":172868,"date":"2025-12-02T10:07:08","date_gmt":"2025-12-02T10:07:08","guid":{"rendered":"https:\/\/www.europesays.com\/pt\/172868\/"},"modified":"2025-12-02T10:07:08","modified_gmt":"2025-12-02T10:07:08","slug":"vem-ai-em-terra-forte-maria-de-fatima-revela-chantagem-de-vivi-e-mostra-alivio-pela-sua-morte-novelas","status":"publish","type":"post","link":"https:\/\/www.europesays.com\/pt\/172868\/","title":{"rendered":"Vem a\u00ed em \u00abTerra Forte\u00bb: Maria de F\u00e1tima revela chantagem de Vivi e mostra al\u00edvio pela sua morte &#8211; Novelas"},"content":{"rendered":"<p>Em \u00abTerra Forte\u00bb, \u00a0<a href=\"https:\/\/tvi.iol.pt\/novelas\/videos\/terra-forte-maria-de-fatima-e-manuel-tinham-um-caso\/68f65cdc0cf29d28d82976cb\" rel=\"nofollow noopener\" target=\"_blank\">Maria de F\u00e1tima (Rita Pereira)<\/a> admite a <a href=\"https:\/\/tvi.iol.pt\/novelas\/videos\/terra-forte-sammy-fica-sem-chao-ao-descobrir-que-flor-e-a-mae-de-rosinha\/68f7b83e0cf29d28d8297a75\" rel=\"nofollow noopener\" target=\"_blank\">Sammy (Jos\u00e9 Fidalgo)<\/a>\u00a0que <a href=\"https:\/\/tvi.iol.pt\/novelas\/videos\/maria-de-fatima-toma-decisao-sobre-vivi-esta-demitida\/68f8e7750cf285ab53a6b259\" rel=\"nofollow noopener\" target=\"_blank\">Vivi (Sofia Nicholson)<\/a>\u00a0a andava a chantagear a dizer que ela fazia desvios de dinheiro da empresa, e n\u00e3o quis avan\u00e7ar contra ela por n\u00e3o querer estragar a sua reputa\u00e7\u00e3o, dizendo que o destino se encarregou de fazer justi\u00e7a com o acidente que ela teve, vincando n\u00e3o ter nenhuma participa\u00e7\u00e3o nisso.<\/p>\n<p>Maria de F\u00e1tima diz a Sammy n\u00e3o ter receio que a pol\u00edcia a investigue por n\u00e3o ter tido nenhuma participa\u00e7\u00e3o no acidente de Vivi. Maria de F\u00e1tima tenta beijar Sammy, que a afasta a dizer n\u00e3o estar com vontade de estar com ela. Maria de F\u00e1tima fica a sorrir satisfeita com a morte de Vivi.<\/p>\n<p>Recorde-se a \u00faltima conversa de Maria de F\u00e1tima e Vivi:<\/p>\n","protected":false},"excerpt":{"rendered":"Em \u00abTerra Forte\u00bb, \u00a0Maria de F\u00e1tima (Rita Pereira) admite a Sammy (Jos\u00e9 Fidalgo)\u00a0que Vivi (Sofia Nicholson)\u00a0a andava a&hellip;\n","protected":false},"author":2,"featured_media":172869,"comment_status":"","ping_status":"","sticky":false,"template":"","format":"standard","meta":{"footnotes":""},"categories":[142],"tags":[160,166,114,115,157,167,164,8598,161,158,165,159,32,33,156,5871,26751,3086,18614,163,151,162,28302],"class_list":{"0":"post-172868","1":"post","2":"type-post","3":"status-publish","4":"format-standard","5":"has-post-thumbnail","7":"category-tv","8":"tag-ana-guiomar","9":"tag-cristina-ferreira","10":"tag-entertainment","11":"tag-entretenimento","12":"tag-festa-e-festa","13":"tag-ficcao","14":"tag-jose-fidalgo","15":"tag-maria-de-fatima","16":"tag-novelas","17":"tag-para-sempre","18":"tag-pedro-sousa","19":"tag-pedro-teixeira","20":"tag-portugal","21":"tag-pt","22":"tag-queridos-papas","23":"tag-rita-pereira","24":"tag-sammy","25":"tag-sofia-nicholson","26":"tag-terra-forte","27":"tag-tiago-teotonio-pereira","28":"tag-tv","29":"tag-tvi","30":"tag-vivi"},"share_on_mastodon":{"url":"https:\/\/pubeurope.com\/@pt\/115649422479844692","error":""},"_links":{"self":[{"href":"https:\/\/www.europesays.com\/pt\/wp-json\/wp\/v2\/posts\/172868","targetHints":{"allow":["GET"]}}],"collection":[{"href":"https:\/\/www.europesays.com\/pt\/wp-json\/wp\/v2\/posts"}],"about":[{"href":"https:\/\/www.europesays.com\/pt\/wp-json\/wp\/v2\/types\/post"}],"author":[{"embeddable":true,"href":"https:\/\/www.europesays.com\/pt\/wp-json\/wp\/v2\/users\/2"}],"replies":[{"embeddable":true,"href":"https:\/\/www.europesays.com\/pt\/wp-json\/wp\/v2\/comments?post=172868"}],"version-history":[{"count":0,"href":"https:\/\/www.europesays.com\/pt\/wp-json\/wp\/v2\/posts\/172868\/revisions"}],"wp:featuredmedia":[{"embeddable":true,"href":"https:\/\/www.europesays.com\/pt\/wp-json\/wp\/v2\/media\/172869"}],"wp:attachment":[{"href":"https:\/\/www.europesays.com\/pt\/wp-json\/wp\/v2\/media?parent=172868"}],"wp:term":[{"taxonomy":"category","embeddable":true,"href":"https:\/\/www.europesays.com\/pt\/wp-json\/wp\/v2\/categories?post=172868"},{"taxonomy":"post_tag","embeddable":true,"href":"https:\/\/www.europesays.com\/pt\/wp-json\/wp\/v2\/tags?post=172868"}],"curies":[{"name":"wp","href":"https:\/\/api.w.org\/{rel}","templated":true}]}}