{"id":172878,"date":"2025-12-02T10:18:12","date_gmt":"2025-12-02T10:18:12","guid":{"rendered":"https:\/\/www.europesays.com\/pt\/172878\/"},"modified":"2025-12-02T10:18:12","modified_gmt":"2025-12-02T10:18:12","slug":"fernanda-lima-revela-que-recebeu-apenas-um-presente-de-rodrigo-hilbert-em-25-anos-juntos-saiba-qual","status":"publish","type":"post","link":"https:\/\/www.europesays.com\/pt\/172878\/","title":{"rendered":"Fernanda Lima revela que recebeu apenas um presente de Rodrigo Hilbert em 25 anos juntos; saiba qual"},"content":{"rendered":"<p><a href=\"https:\/\/caras.com.br\/tags\/fernanda-lima\" rel=\"nofollow noopener\" target=\"_blank\"><strong>Fernanda Lima<\/strong><\/a> mencionou um fato curioso sobre seu casamento com <a href=\"https:\/\/caras.com.br\/tags\/rodrigo-hilbert\" rel=\"nofollow noopener\" target=\"_blank\"><strong>Rodrigo Hilbert<\/strong><\/a> ao compartilhar detalhes da rela\u00e7\u00e3o durante uma entrevista em podcast. A apresentadora comentou sobre a din\u00e2mica do casal e relembrou que, em 25 anos juntos, recebeu apenas um presente do marido, e ele n\u00e3o veio de loja.<\/p>\n<p>Fernanda contou que o \u00fanico mimo recebido de Hilbert foi totalmente produzido por ele. \u201cGanhei at\u00e9 hoje um presente do Rodrigo. Um casti\u00e7al de ferro-velho que ele fez para mim. Eu n\u00e3o me importo. O guri tem mais de 20 anos de casado e nunca me deu nada que comprou em uma loja. Tudo ele fez, ou faz [risos]\u201d, relatou.<\/p>\n<p>No podcast TerapiAR, a artista exibiu o objeto, feito com pe\u00e7as reaproveitadas da cozinha e de outras estruturas. \u201cEsse \u00e9 o \u00fanico presente que ganhei do meu marido em 25 anos. Ele fez toda essa estrutura. Isso \u00e9 um neg\u00f3cio de moer pimenta, n\u00e3o sei como ele fez isso\u201d, completou.<\/p>\n<p>Desapego com datas e presentes materiais<\/p>\n<p>A apresentadora explicou que nunca cobrou presentes materiais e n\u00e3o tem o h\u00e1bito de avisar sobre datas comemorativas. \u201cVejo amigas falando para os maridos: \u2018Olha, j\u00e1 vai chegar o meu anivers\u00e1rio, Dia dos Namorados\u2026\u2019. N\u00e3o \u00e9 uma coisa que me agrade pedir coisas ou avisar sobre meu anivers\u00e1rio\u201d, afirmou.<\/p>\n<p>Apesar disso, fez quest\u00e3o de dizer que n\u00e3o rejeita demonstra\u00e7\u00f5es de carinho, apenas prefere n\u00e3o criar expectativa. \u201cN\u00e3o quero nada material dele, e para mim est\u00e1 tudo certo. Essa coisa de: \u2018[Quero] um anel, uma alian\u00e7a\u2019. Eu vou trabalhar para comprar, como sempre fiz. N\u00e3o que eu ache ruim, adoraria ganhar alguma coisa, mas n\u00e3o \u00e9 a nossa pira\u201d, disse.<\/p>\n<p>Com uma trajet\u00f3ria de mais de duas d\u00e9cadas juntos, Fernanda Lima e Rodrigo Hilbert se consolidaram como um dos casais mais queridos da televis\u00e3o brasileira. Juntos desde 2001, eles s\u00e3o pais dos g\u00eameos <strong>Jo\u00e3o<\/strong> e <strong>Francisco,<\/strong> de 17 anos, e de <strong>Maria Manoela,<\/strong> de 5.<\/p>\n<p>Leia tamb\u00e9m: <a href=\"https:\/\/caras.com.br\/festas\/fernanda-lima-faz-festa-em-casa-no-aniversario-de-6-anos-da-filha-veja-as-fotos.phtml\" rel=\"nofollow noopener\" target=\"_blank\">Fernanda Lima faz festa em casa no anivers\u00e1rio de 6 anos da filha. Veja as fotos<\/a><\/p>\n<p>        <a href=\"https:\/\/caras.com.br\/autor\/izabella-nicolau\" rel=\"nofollow noopener\" target=\"_blank\">&#13;<br \/>\n          <img loading=\"lazy\" decoding=\"async\" alt=\"Izabella Nicolau\" src=\"https:\/\/www.europesays.com\/pt\/wp-content\/uploads\/2025\/10\/1761546134_794_whatsapp_image_2025-08-12_at_15.10.50_1_sqmd.jpeg\" class=\"avatar avatar-115 photo rounded-circle\" height=\"115\" width=\"115\"\/>        <\/a><\/p>\n<p><strong>Izabella Nicolau<\/strong> \u00e9 rep\u00f3rter de conte\u00fado do site CARAS. Formada em jornalismo, j\u00e1 passou por sites como Observat\u00f3rio do Cinema e Ultraverso. Escreve sobre cultura, entretenimento e celebridades.<\/p>\n<ul class=\"terms-list post_tag list-inline\">\n<li class=\"fernanda-lima list-inline-item\">\n\t\t\t\t\t<a href=\"https:\/\/caras.com.br\/tags\/fernanda-lima\" class=\"item-category\" rel=\"nofollow noopener\" target=\"_blank\">fernanda lima<\/a>\n\t\t\t\t<\/li>\n<li class=\"rodrigo-hilbert list-inline-item\">\n\t\t\t\t\t<a href=\"https:\/\/caras.com.br\/tags\/rodrigo-hilbert\" class=\"item-category\" rel=\"nofollow noopener\" target=\"_blank\">rodrigo hilbert<\/a>\n\t\t\t\t<\/li>\n<\/ul>\n","protected":false},"excerpt":{"rendered":"Fernanda Lima mencionou um fato curioso sobre seu casamento com Rodrigo Hilbert ao compartilhar detalhes da rela\u00e7\u00e3o durante&hellip;\n","protected":false},"author":2,"featured_media":172879,"comment_status":"","ping_status":"","sticky":false,"template":"","format":"standard","meta":{"footnotes":""},"categories":[145],"tags":[211,210,114,115,3869,32,33,13403],"class_list":{"0":"post-172878","1":"post","2":"type-post","3":"status-publish","4":"format-standard","5":"has-post-thumbnail","7":"category-celebridades","8":"tag-celebridades","9":"tag-celebrities","10":"tag-entertainment","11":"tag-entretenimento","12":"tag-fernanda-lima","13":"tag-portugal","14":"tag-pt","15":"tag-rodrigo-hilbert"},"share_on_mastodon":{"url":"https:\/\/pubeurope.com\/@pt\/115649465971216199","error":""},"_links":{"self":[{"href":"https:\/\/www.europesays.com\/pt\/wp-json\/wp\/v2\/posts\/172878","targetHints":{"allow":["GET"]}}],"collection":[{"href":"https:\/\/www.europesays.com\/pt\/wp-json\/wp\/v2\/posts"}],"about":[{"href":"https:\/\/www.europesays.com\/pt\/wp-json\/wp\/v2\/types\/post"}],"author":[{"embeddable":true,"href":"https:\/\/www.europesays.com\/pt\/wp-json\/wp\/v2\/users\/2"}],"replies":[{"embeddable":true,"href":"https:\/\/www.europesays.com\/pt\/wp-json\/wp\/v2\/comments?post=172878"}],"version-history":[{"count":0,"href":"https:\/\/www.europesays.com\/pt\/wp-json\/wp\/v2\/posts\/172878\/revisions"}],"wp:featuredmedia":[{"embeddable":true,"href":"https:\/\/www.europesays.com\/pt\/wp-json\/wp\/v2\/media\/172879"}],"wp:attachment":[{"href":"https:\/\/www.europesays.com\/pt\/wp-json\/wp\/v2\/media?parent=172878"}],"wp:term":[{"taxonomy":"category","embeddable":true,"href":"https:\/\/www.europesays.com\/pt\/wp-json\/wp\/v2\/categories?post=172878"},{"taxonomy":"post_tag","embeddable":true,"href":"https:\/\/www.europesays.com\/pt\/wp-json\/wp\/v2\/tags?post=172878"}],"curies":[{"name":"wp","href":"https:\/\/api.w.org\/{rel}","templated":true}]}}