{"id":172880,"date":"2025-12-02T10:21:15","date_gmt":"2025-12-02T10:21:15","guid":{"rendered":"https:\/\/www.europesays.com\/pt\/172880\/"},"modified":"2025-12-02T10:21:15","modified_gmt":"2025-12-02T10:21:15","slug":"calendario-do-advento-invade-a-casa-e-leandro-conquista-uma-grande-vantagem-secret-story","status":"publish","type":"post","link":"https:\/\/www.europesays.com\/pt\/172880\/","title":{"rendered":"Calend\u00e1rio do Advento invade a casa e Leandro conquista uma grande vantagem &#8211; Secret Story"},"content":{"rendered":"<p>No Secret Story, cada concorrente tem um n\u00famero e com este n\u00famero v\u00e3o abrir cada janela do calend\u00e1rio de advento que acaba de invadir a casa. Leandro \u00e9 o primeiro a abrir e calha-lhe uma grande vantagem&#8230;<\/p>\n<p>Dylan foi o concorrente expulso na gala deste domingo. A gala ficou ainda marcada pela revela\u00e7\u00e3o do segredo de Leandro: \u00abFui assaltado \u00e0 m\u00e3o armada\u00bb. Acompanhe tudo o que se passa na casa mais vigiada do Pa\u00eds na linha do <a href=\"https:\/\/tvi.iol.pt\/secretstory\/aominuto\" rel=\"nofollow noopener\" target=\"_blank\">Ao Minuto.<\/a>\u00a0<\/p>\n","protected":false},"excerpt":{"rendered":"No Secret Story, cada concorrente tem um n\u00famero e com este n\u00famero v\u00e3o abrir cada janela do calend\u00e1rio&hellip;\n","protected":false},"author":2,"featured_media":172881,"comment_status":"","ping_status":"","sticky":false,"template":"","format":"standard","meta":{"footnotes":""},"categories":[142],"tags":[114,115,19033,19034,32,33,151,19032],"class_list":{"0":"post-172880","1":"post","2":"type-post","3":"status-publish","4":"format-standard","5":"has-post-thumbnail","7":"category-tv","8":"tag-entertainment","9":"tag-entretenimento","10":"tag-galas-em-video","11":"tag-melhores-momentos-casa-dos-segredos","12":"tag-portugal","13":"tag-pt","14":"tag-tv","15":"tag-videos-secret-story-tvi"},"share_on_mastodon":{"url":"https:\/\/pubeurope.com\/@pt\/115649477528661778","error":""},"_links":{"self":[{"href":"https:\/\/www.europesays.com\/pt\/wp-json\/wp\/v2\/posts\/172880","targetHints":{"allow":["GET"]}}],"collection":[{"href":"https:\/\/www.europesays.com\/pt\/wp-json\/wp\/v2\/posts"}],"about":[{"href":"https:\/\/www.europesays.com\/pt\/wp-json\/wp\/v2\/types\/post"}],"author":[{"embeddable":true,"href":"https:\/\/www.europesays.com\/pt\/wp-json\/wp\/v2\/users\/2"}],"replies":[{"embeddable":true,"href":"https:\/\/www.europesays.com\/pt\/wp-json\/wp\/v2\/comments?post=172880"}],"version-history":[{"count":0,"href":"https:\/\/www.europesays.com\/pt\/wp-json\/wp\/v2\/posts\/172880\/revisions"}],"wp:featuredmedia":[{"embeddable":true,"href":"https:\/\/www.europesays.com\/pt\/wp-json\/wp\/v2\/media\/172881"}],"wp:attachment":[{"href":"https:\/\/www.europesays.com\/pt\/wp-json\/wp\/v2\/media?parent=172880"}],"wp:term":[{"taxonomy":"category","embeddable":true,"href":"https:\/\/www.europesays.com\/pt\/wp-json\/wp\/v2\/categories?post=172880"},{"taxonomy":"post_tag","embeddable":true,"href":"https:\/\/www.europesays.com\/pt\/wp-json\/wp\/v2\/tags?post=172880"}],"curies":[{"name":"wp","href":"https:\/\/api.w.org\/{rel}","templated":true}]}}