{"id":172888,"date":"2025-12-02T10:28:08","date_gmt":"2025-12-02T10:28:08","guid":{"rendered":"https:\/\/www.europesays.com\/pt\/172888\/"},"modified":"2025-12-02T10:28:08","modified_gmt":"2025-12-02T10:28:08","slug":"presidente-da-sata-demite-se-e-sera-substituido-por-diretor-financeiro","status":"publish","type":"post","link":"https:\/\/www.europesays.com\/pt\/172888\/","title":{"rendered":"Presidente da SATA demite-se e ser\u00e1 substitu\u00eddo por diretor financeiro"},"content":{"rendered":"<p>&#13;<br \/>\n&#8220;O Governo Regional dos A\u00e7ores informa que <b>o presidente do conselho de administra\u00e7\u00e3o da SATA Holding, Rui Coutinho, apresentou o seu pedido de demiss\u00e3o, com efeitos a 01 de janeiro de 2026, invocando raz\u00f5es profissionais<\/b>&#8220;, avan\u00e7ou o Governo dos A\u00e7ores, em resposta por escrito enviada \u00e0 ag\u00eancia Lusa.&#13;\n<\/p>\n<p>&#13;<br \/>\nO executivo dos A\u00e7ores (PSD\/CDS-PP\/PPM) adianta que a nomea\u00e7\u00e3o do atual diretor financeiro do grupo Tiago Santos para a presid\u00eancia do conselho de administra\u00e7\u00e3o visa &#8220;assegurar a necess\u00e1ria continuidade e estabilidade&#8221; no grupo.&#13;\n<\/p>\n<p>&#13;<br \/>\n&#8220;A nomea\u00e7\u00e3o de Tiago Santos, enquanto membro do atual \u00f3rg\u00e3o executivo e profundo conhecedor dos mecanismos financeiros, operacionais e estrat\u00e9gicos do Grupo, visa<b> garantir a prossecu\u00e7\u00e3o rigorosa das medidas previstas no Plano de Reestrutura\u00e7\u00e3o<\/b>, nomeadamente a aliena\u00e7\u00e3o da Azores Airlines e do Handling&#8221;, justifica o governo a\u00e7oriano.&#13;\n<\/p>\n<p>&#13;<br \/>\nRui Coutinho tinha sido indicado para presidente da SATA em junho de 2024 ap\u00f3s a sa\u00edda de Teresa Gon\u00e7alves, que se demitiu a 09 de abril do ano passado e que tinha substitu\u00eddo Luis Rodrigues em abril de 2023.&#13;\n<\/p>\n<p>&#13;<br \/>\nTiago Santos, que integrou a administra\u00e7\u00e3o da SATA em julho de 2024, \u00e9 economista, foi membro do conselho de administra\u00e7\u00e3o e diretor financeiro da Metropolitano de Lisboa, Carris, Transtejo e Soflusa entre 2015 e 2016, fun\u00e7\u00f5es que tamb\u00e9m ocupou na empresa Oitante, entre 2016 e 2018.&#13;\n<\/p>\n<p>&#13;<br \/>\nFoi ainda assessor do ministro da Sa\u00fade Paulo Macedo (2011 a 2015) e do secret\u00e1rio de Estado do Tesouro e Finan\u00e7as (2010 e 2011) e administrador da consultora COBA.&#13;\n<\/p>\n<p>&#13;<br \/>\nA mudan\u00e7a na administra\u00e7\u00e3o na SATA acontece <b>numa altura em que est\u00e1 em curso o processo de privatiza\u00e7\u00e3o da Azores Airlines<\/b>, companhia do grupo respons\u00e1vel pelas liga\u00e7\u00f5es entre os A\u00e7ores e o exterior.&#13;\n<\/p>\n<p>&#13;<br \/>\nO cons\u00f3rcio Atlantic Connect Group apresentou a 24 de novembro uma proposta de 17 milh\u00f5es de euros por 85% da capital social da Azores Airlines, tendo o Governo dos A\u00e7ores solicitado \u00e0 Comiss\u00e3o Europeia a prorroga\u00e7\u00e3o do prazo para a privatiza\u00e7\u00e3o da companhia at\u00e9 31 de dezembro de 2026.&#13;\n<\/p>\n<p>&#13;<br \/>\nA proposta est\u00e1 atualmente a ser analisada pelo j\u00fari do concurso, liderado pelo economista e professor universit\u00e1rio Augusto Mateus.&#13;\n<\/p>\n<p>&#13;<br \/>\nEm junho de 2022, a Comiss\u00e3o Europeia aprovou uma ajuda estatal portuguesa para apoio \u00e0 reestrutura\u00e7\u00e3o da companhia a\u00e9rea de 453,25 milh\u00f5es de euros em empr\u00e9stimos e garantias estatais, prevendo medidas como uma reorganiza\u00e7\u00e3o da estrutura e o desinvestimento de uma participa\u00e7\u00e3o de controlo (51%).&#13;<\/p>\n","protected":false},"excerpt":{"rendered":"&#13; &#8220;O Governo Regional dos A\u00e7ores informa que o presidente do conselho de administra\u00e7\u00e3o da SATA Holding, Rui&hellip;\n","protected":false},"author":2,"featured_media":172889,"comment_status":"","ping_status":"","sticky":false,"template":"","format":"standard","meta":{"footnotes":""},"categories":[83],"tags":[88,89,90,36103,36104,22002,32,33,36102,36105],"class_list":{"0":"post-172888","1":"post","2":"type-post","3":"status-publish","4":"format-standard","5":"has-post-thumbnail","7":"category-empresas","8":"tag-business","9":"tag-economy","10":"tag-empresas","11":"tag-macedo","12":"tag-oitante","13":"tag-ponta-delgada","14":"tag-portugal","15":"tag-pt","16":"tag-sata-holding","17":"tag-soflusa"},"share_on_mastodon":{"url":"https:\/\/pubeurope.com\/@pt\/115649505192940488","error":""},"_links":{"self":[{"href":"https:\/\/www.europesays.com\/pt\/wp-json\/wp\/v2\/posts\/172888","targetHints":{"allow":["GET"]}}],"collection":[{"href":"https:\/\/www.europesays.com\/pt\/wp-json\/wp\/v2\/posts"}],"about":[{"href":"https:\/\/www.europesays.com\/pt\/wp-json\/wp\/v2\/types\/post"}],"author":[{"embeddable":true,"href":"https:\/\/www.europesays.com\/pt\/wp-json\/wp\/v2\/users\/2"}],"replies":[{"embeddable":true,"href":"https:\/\/www.europesays.com\/pt\/wp-json\/wp\/v2\/comments?post=172888"}],"version-history":[{"count":0,"href":"https:\/\/www.europesays.com\/pt\/wp-json\/wp\/v2\/posts\/172888\/revisions"}],"wp:featuredmedia":[{"embeddable":true,"href":"https:\/\/www.europesays.com\/pt\/wp-json\/wp\/v2\/media\/172889"}],"wp:attachment":[{"href":"https:\/\/www.europesays.com\/pt\/wp-json\/wp\/v2\/media?parent=172888"}],"wp:term":[{"taxonomy":"category","embeddable":true,"href":"https:\/\/www.europesays.com\/pt\/wp-json\/wp\/v2\/categories?post=172888"},{"taxonomy":"post_tag","embeddable":true,"href":"https:\/\/www.europesays.com\/pt\/wp-json\/wp\/v2\/tags?post=172888"}],"curies":[{"name":"wp","href":"https:\/\/api.w.org\/{rel}","templated":true}]}}