{"id":172892,"date":"2025-12-02T10:30:32","date_gmt":"2025-12-02T10:30:32","guid":{"rendered":"https:\/\/www.europesays.com\/pt\/172892\/"},"modified":"2025-12-02T10:30:32","modified_gmt":"2025-12-02T10:30:32","slug":"despedimento-coletivo-na-dielmar-manda-22-trabalhadores-para-a-rua-jornal-de-noticias","status":"publish","type":"post","link":"https:\/\/www.europesays.com\/pt\/172892\/","title":{"rendered":"Despedimento coletivo na Dielmar manda 22 trabalhadores para a rua &#8211; Jornal de Not\u00edcias"},"content":{"rendered":"<ol>\n<li><a href=\"https:\/\/news.google.com\/rss\/articles\/CBMiqAFBVV95cUxPQW8yNVBVcDJwclBzOGQxTUI4QmZXd1NtYlNyaWZha2gyYTN6MzZGYnJVSDZJM0RuSENBbDIxRlgxeVZYQ0dfTXVuVFlGcEpYS3FhcVRtbGYzVkVpczBsNEowNlJ5UmRDYXVBLWJZaXBoVnFRallIQk1vdzI5VWszdTBDVEdBSFczNmtMS0lhbVJYd19FcDluV2dOWm1YRWJ4b2hLaEljejc?oc=5\" target=\"_blank\" rel=\"nofollow noopener\">Despedimento coletivo na Dielmar manda 22 trabalhadores para a rua<\/a>&nbsp;&nbsp;Jornal de Not\u00edcias<\/li>\n<li><a href=\"https:\/\/news.google.com\/rss\/articles\/CBMi7gFBVV95cUxNRzVNSEJQRUxqVWEwV0wxWm5rdnNzWVNJTFhWa3daSjdFYXlyNkRuQjlNZ1c0cDFXNVdhbklMXy0wZ3cyVlNGYVltX2hnaW15TkZuallUbktqeXB2S3VnQVZOZTJTVm1sYmFXSGI0dVM2RkRZOEFKS1BNU1dlM0twVzI0eVN1U016RVhYR0lhRE1HWHlUSS12VVVzUnZaMkR3WXRVOVprTUdBcGRmRHl3RFVyUXBWTC14ZmhxcVVpakJkZngydGFXZEtJSFZlM2RwWnlRbkk0NkhPZEpCMzJwMWdLSjgtemp0cEhTNk5B?oc=5\" target=\"_blank\" rel=\"nofollow noopener\">Empresa em situa\u00e7\u00e3o laboral preocupante ao se vislumbrar mais um despedimento coletivo<\/a>&nbsp;&nbsp;Di\u00e1rio Digital Castelo Branco<\/li>\n<li><a href=\"https:\/\/news.google.com\/rss\/articles\/CBMihgFBVV95cUxNbThtT1o5aDVKYmVWRVRiX0huRUQxQ214Ynl4ZDliOGV1NHRVWjZ1QTllT243RlI3S1RGd2Jiek1NbWpYSGU3SU53NDB1aW8wc2g3VEVnZ2l2QWdiYVVlYS1ZbGJpX3JHQndZa0FwcXprd0ZnQS1ydklrMTJUZUVlUlo3N2pidw?oc=5\" target=\"_blank\" rel=\"nofollow noopener\">RIR denuncia despedimento colectivo na \u201cDielmar\u201d<\/a>&nbsp;&nbsp;R\u00e1dio Cova da Beira<\/li>\n<li><a href=\"https:\/\/news.google.com\/rss\/articles\/CBMimAFBVV95cUxOVmVTYXdaZ0hyYmIzVVVvaTYxeENlNDE0Y3NTMHhpcEZISHJsTHNWN3RkejhEUDBnREJrbkZNbGM4YkxuWFczVGl1NEFtc3U1bG1mNzU5WkZmUThuOTM5bURQcWlncDh5aGt1VzIwRTBlZ0djdlVZSGpfejNMZUd2RGRHMjJiaWVrZFg0MTBZSy1QWWtPMXJYYg?oc=5\" target=\"_blank\" rel=\"nofollow noopener\">Alcains: Despedimento coletivo volta a assombrar a Dielmar<\/a>&nbsp;&nbsp;reconquista.pt<\/li>\n<li><a href=\"https:\/\/news.google.com\/rss\/articles\/CBMiekFVX3lxTE4xWFM4a0MtVjAyZ3J2Q1p4cjdRdktnaFpYU1lheDV4WWxZNE5hdmx4c2c3cFFoX3oyU0ZFOERucWd6RkdGSEN4OFN1RmxwdWxVTE1Pc29EWmRBbWxUMWg1UTdNUUd0eDVUa2pFTmU1QlpaWWo0RkxsOEJ3?oc=5\" target=\"_blank\" rel=\"nofollow noopener\">Despedimento coletivo na Dielmar arrasta 22 trabalhadores para o desemprego<\/a>&nbsp;&nbsp;e24.pt<\/li>\n<\/ol>\n","protected":false},"excerpt":{"rendered":"Despedimento coletivo na Dielmar manda 22 trabalhadores para a rua&nbsp;&nbsp;Jornal de Not\u00edcias Empresa em situa\u00e7\u00e3o laboral preocupante ao&hellip;\n","protected":false},"author":2,"featured_media":172893,"comment_status":"","ping_status":"","sticky":false,"template":"","format":"standard","meta":{"footnotes":""},"categories":[10],"tags":[27,28,36106,1167,36107,15,16,14,25,26,21,22,12,13,19,20,32,23,24,33,17,18,29,30,31],"class_list":{"0":"post-172892","1":"post","2":"type-post","3":"status-publish","4":"format-standard","5":"has-post-thumbnail","7":"category-portugal","8":"tag-breaking-news","9":"tag-breakingnews","10":"tag-concelho-castelo-branco","11":"tag-despedimentos","12":"tag-dielmar","13":"tag-featured-news","14":"tag-featurednews","15":"tag-headlines","16":"tag-latest-news","17":"tag-latestnews","18":"tag-main-news","19":"tag-mainnews","20":"tag-news","21":"tag-noticias","22":"tag-noticias-principais","23":"tag-noticiasprincipais","24":"tag-portugal","25":"tag-principais-noticias","26":"tag-principaisnoticias","27":"tag-pt","28":"tag-top-stories","29":"tag-topstories","30":"tag-ultimas","31":"tag-ultimas-noticias","32":"tag-ultimasnoticias"},"share_on_mastodon":{"url":"https:\/\/pubeurope.com\/@pt\/115649513094414648","error":""},"_links":{"self":[{"href":"https:\/\/www.europesays.com\/pt\/wp-json\/wp\/v2\/posts\/172892","targetHints":{"allow":["GET"]}}],"collection":[{"href":"https:\/\/www.europesays.com\/pt\/wp-json\/wp\/v2\/posts"}],"about":[{"href":"https:\/\/www.europesays.com\/pt\/wp-json\/wp\/v2\/types\/post"}],"author":[{"embeddable":true,"href":"https:\/\/www.europesays.com\/pt\/wp-json\/wp\/v2\/users\/2"}],"replies":[{"embeddable":true,"href":"https:\/\/www.europesays.com\/pt\/wp-json\/wp\/v2\/comments?post=172892"}],"version-history":[{"count":0,"href":"https:\/\/www.europesays.com\/pt\/wp-json\/wp\/v2\/posts\/172892\/revisions"}],"wp:featuredmedia":[{"embeddable":true,"href":"https:\/\/www.europesays.com\/pt\/wp-json\/wp\/v2\/media\/172893"}],"wp:attachment":[{"href":"https:\/\/www.europesays.com\/pt\/wp-json\/wp\/v2\/media?parent=172892"}],"wp:term":[{"taxonomy":"category","embeddable":true,"href":"https:\/\/www.europesays.com\/pt\/wp-json\/wp\/v2\/categories?post=172892"},{"taxonomy":"post_tag","embeddable":true,"href":"https:\/\/www.europesays.com\/pt\/wp-json\/wp\/v2\/tags?post=172892"}],"curies":[{"name":"wp","href":"https:\/\/api.w.org\/{rel}","templated":true}]}}