{"id":172894,"date":"2025-12-02T10:31:12","date_gmt":"2025-12-02T10:31:12","guid":{"rendered":"https:\/\/www.europesays.com\/pt\/172894\/"},"modified":"2025-12-02T10:31:12","modified_gmt":"2025-12-02T10:31:12","slug":"mundial-de-futsal-feminino-portugal-italia-ao-vivo-maisfutebol","status":"publish","type":"post","link":"https:\/\/www.europesays.com\/pt\/172894\/","title":{"rendered":"Mundial de futsal feminino: Portugal-It\u00e1lia AO VIVO &#8211; Maisfutebol"},"content":{"rendered":"<ol>\n<li><a href=\"https:\/\/news.google.com\/rss\/articles\/CBMib0FVX3lxTE5OZmxNVGNJdDVqQWZYYVlSVk0yaXJpZUs2NEM1YVRpdmszMTRVLV9fc3dNWkJCTnB2ZHdIN29TckgySjBGX3E1UFRMSmpCSzhEcE91YTBhYkUtMzUwM19rU3BZcjkzNGdwVTRacURkRQ?oc=5\" target=\"_blank\" rel=\"nofollow noopener\">Mundial de futsal feminino: Portugal-It\u00e1lia AO VIVO<\/a>&nbsp;&nbsp;Maisfutebol<\/li>\n<li><a href=\"https:\/\/news.google.com\/rss\/articles\/CBMiyAFBVV95cUxQUGtnUVNNdDNibzBpaTQ1R1Jza3JuQzhQQ0tRWU9ZSWZoSXRhSUNqaTFna3pyMURDbVJMajdpOE9IUURDWEdTOTRBeFNROFNvMVBwM09tSUxDY0J5bUtWUlpfRUpXOXV1bmFVemx2THQ2RS1YN0ZIZWdKYmd4RExuWmJRWkRoM1RiYU9aRU9JZEVKUnRpZkpnbUZEZEpOMGEyeTFNQVJYTUk1UmdpWTZnaHUyQ2dWbkVnT21QUnltU1hwekI1SjI0dg?oc=5\" target=\"_blank\" rel=\"nofollow noopener\">Portugal defronta It\u00e1lia nos quartos-de-final do Mundial Feminino de Futsal<\/a>&nbsp;&nbsp;RTP<\/li>\n<li><a href=\"https:\/\/news.google.com\/rss\/articles\/CBMifkFVX3lxTE1ETWlGMG9XY0laTU41U0tSNGo2dUZmcU5wZXFwUDI1ZGFaakh0dUt0NlZtbmdmbm5BVVN0eTZ1MU1sYU5tSGdhY1NsZThRWElnbVBORWt6RGdqZWNtTWJ5dWtlNkJwelE4UEUzLUVuQWRGVWdVXzNXQWs0TGlPUQ?oc=5\" target=\"_blank\" rel=\"nofollow noopener\">&#8216;Chapa 10&#8217; para fechar com nota m\u00e1xima<\/a>&nbsp;&nbsp;PressReader<\/li>\n<li><a href=\"https:\/\/news.google.com\/rss\/articles\/CBMioAFBVV95cUxPVjZrem8wYUJwNTUtQ1FGWXBEc2F2MnlXZHdRUGF0azNIRmduSnp3Y3FQVW5Vb0VXZVJtQS1VTEZKcTNyUnBRYzBHYjN5T3ZQUzVRM0p0MTN2by1KYWdNR3RIamxQa0JqV0l2Slp2amF2MDl3SU5wb1lKUmhudXlkTWZwZ21rNm9pcE42SjM5c19seS1TUEo4emdncnFoUFB30gGMAUFVX3lxTFByQUtDeUQ2YUlydUlsTk16ZTlmaVVrdmtyMk5PMDVxcmhuVUFqYTZ2S2ZpRnFXYlVMUmd4NnNTUWdOdnJnbzJJTmVZbkFYWWNEenJEVzlnb0N2cVc1WVY3di1vSEI4c2txNmVFLWRnMmFnMG9UMUNfSktXQUtoMzU5eFc1MEI0NmVtMGVy?oc=5\" target=\"_blank\" rel=\"nofollow noopener\">&#8220;Est\u00e3o de parab\u00e9ns pela forma como encararam o jogo&#8221;<\/a>&nbsp;&nbsp;O Jogo<\/li>\n<li><a href=\"https:\/\/news.google.com\/rss\/articles\/CBMiygFBVV95cUxNLWgzMWZjYU1VbFZjeTFIay1qbkQxSHc5eXhTajhLN1lsemZQQktha2F5cHJyMGV3VmNWTFFCNnpZckFkbDZqNDFZNTRPcjNHaWY5bHpGWHFMUXRVZDZkeFNTRGZtWDNjbVdYMXJGdTJBX3lpeFhuV2hYWUtDZWZzdUFjMmxUbU9YLW5tblEwd3lxbEFROXI5ekxPNV9fTHVsY0dwcENRTzg1ZzZTRnNfSkVXZFRkRU1yTEM2OTJJQ082N0hvaWdBVUl3?oc=5\" target=\"_blank\" rel=\"nofollow noopener\">Lu\u00eds Concei\u00e7\u00e3o: \u00ab&#8217;Quartos&#8217; s\u00e3o decisivos&#8230; S\u00e3o a linha que separa o sucesso do insucesso\u00bb<\/a>&nbsp;&nbsp;SAPO<\/li>\n<\/ol>\n","protected":false},"excerpt":{"rendered":"Mundial de futsal feminino: Portugal-It\u00e1lia AO VIVO&nbsp;&nbsp;Maisfutebol Portugal defronta It\u00e1lia nos quartos-de-final do Mundial Feminino de Futsal&nbsp;&nbsp;RTP &#8216;Chapa&hellip;\n","protected":false},"author":2,"featured_media":172895,"comment_status":"","ping_status":"","sticky":false,"template":"","format":"standard","meta":{"footnotes":""},"categories":[8],"tags":[27,28,15,16,14,25,26,21,22,12,13,19,20,32,23,24,33,47,17,18,29,30,31],"class_list":{"0":"post-172894","1":"post","2":"type-post","3":"status-publish","4":"format-standard","5":"has-post-thumbnail","7":"category-principais-noticias","8":"tag-breaking-news","9":"tag-breakingnews","10":"tag-featured-news","11":"tag-featurednews","12":"tag-headlines","13":"tag-latest-news","14":"tag-latestnews","15":"tag-main-news","16":"tag-mainnews","17":"tag-news","18":"tag-noticias","19":"tag-noticias-principais","20":"tag-noticiasprincipais","21":"tag-portugal","22":"tag-principais-noticias","23":"tag-principaisnoticias","24":"tag-pt","25":"tag-pura-paixao","26":"tag-top-stories","27":"tag-topstories","28":"tag-ultimas","29":"tag-ultimas-noticias","30":"tag-ultimasnoticias"},"share_on_mastodon":{"url":"https:\/\/pubeurope.com\/@pt\/115649517555641942","error":""},"_links":{"self":[{"href":"https:\/\/www.europesays.com\/pt\/wp-json\/wp\/v2\/posts\/172894","targetHints":{"allow":["GET"]}}],"collection":[{"href":"https:\/\/www.europesays.com\/pt\/wp-json\/wp\/v2\/posts"}],"about":[{"href":"https:\/\/www.europesays.com\/pt\/wp-json\/wp\/v2\/types\/post"}],"author":[{"embeddable":true,"href":"https:\/\/www.europesays.com\/pt\/wp-json\/wp\/v2\/users\/2"}],"replies":[{"embeddable":true,"href":"https:\/\/www.europesays.com\/pt\/wp-json\/wp\/v2\/comments?post=172894"}],"version-history":[{"count":0,"href":"https:\/\/www.europesays.com\/pt\/wp-json\/wp\/v2\/posts\/172894\/revisions"}],"wp:featuredmedia":[{"embeddable":true,"href":"https:\/\/www.europesays.com\/pt\/wp-json\/wp\/v2\/media\/172895"}],"wp:attachment":[{"href":"https:\/\/www.europesays.com\/pt\/wp-json\/wp\/v2\/media?parent=172894"}],"wp:term":[{"taxonomy":"category","embeddable":true,"href":"https:\/\/www.europesays.com\/pt\/wp-json\/wp\/v2\/categories?post=172894"},{"taxonomy":"post_tag","embeddable":true,"href":"https:\/\/www.europesays.com\/pt\/wp-json\/wp\/v2\/tags?post=172894"}],"curies":[{"name":"wp","href":"https:\/\/api.w.org\/{rel}","templated":true}]}}