{"id":172904,"date":"2025-12-02T10:42:07","date_gmt":"2025-12-02T10:42:07","guid":{"rendered":"https:\/\/www.europesays.com\/pt\/172904\/"},"modified":"2025-12-02T10:42:07","modified_gmt":"2025-12-02T10:42:07","slug":"dan-houser-cofundador-da-rockstar-alerta-sobre-a-doenca-da-vaca-louca-na-ia","status":"publish","type":"post","link":"https:\/\/www.europesays.com\/pt\/172904\/","title":{"rendered":"Dan Houser, cofundador da Rockstar, alerta sobre a &#8220;doen\u00e7a da vaca louca&#8221; na IA &#8211;"},"content":{"rendered":"<p>Poucas quest\u00f5es s\u00e3o t\u00e3o polarizadoras no mundo atual quanto o uso ou rejei\u00e7\u00e3o da IA no dia a dia, que v\u00e3o desde a otimiza\u00e7\u00e3o de c\u00f3digo at\u00e9 a substitui\u00e7\u00e3o direta de empregos e projetos criativos. A falta de regulamenta\u00e7\u00e3o e o avan\u00e7o desproporcional que vivenciamos todos os dias parecem uma bola de neve descendo a encosta abaixo. E uma voz t\u00e3o relevante quanto Dan Houser, cofundador e criador da Rockstar de Grand Theft Auto e Red Dead Redemption II, acredita que, se n\u00e3o come\u00e7armos a limitar seu uso e mantermos humanos criativos na equa\u00e7\u00e3o, toda a ind\u00fastria de IA pode sofrer com a doen\u00e7a das vacas loucas.<\/p>\n<p>Um pouco de contexto, caso voc\u00ea seja muito jovem para entender a met\u00e1fora. A encefalopatia espongiforme bovina (ou doen\u00e7a da vaca louca) foi uma doen\u00e7a degenerativa causada pela alimenta\u00e7\u00e3o das vacas com ra\u00e7\u00e3o feita das partes animais de outras vacas. A doen\u00e7a atacava o c\u00e9rebro das vacas e depois era transmitida \u00e0s pessoas ao comer carne de animais doentes. Isso causou uma crise de sa\u00fade sem precedentes no Reino Unido em meados das d\u00e9cadas de 1980 e 1990.<\/p>\n<p>Dan Houser argumenta que as pessoas que atualmente controlam o neg\u00f3cio da IA e seu avan\u00e7o n\u00e3o s\u00e3o muito criativas: &#8220;Algumas dessas pessoas que tentam definir o futuro da humanidade, criatividade ou o que for por meio da IA, n\u00e3o s\u00e3o as mais humanas ou criativas. Ent\u00e3o, de certa forma, eles dizem: &#8216;Somos humanos melhores do que voc\u00ea&#8217;. Obviamente, isso n\u00e3o \u00e9 verdade.&#8221;<\/p>\n<p>A IA eventualmente vai se devorar&#8230; pelo que sei \u2013 e \u00e9 bem superficial \u2013 modelos buscam informa\u00e7\u00f5es na internet, mas a internet estar\u00e1 cada vez mais cheia de informa\u00e7\u00f5es geradas por modelos. \u00c9 como quando d\u00e1vamos vacas para as vacas, e pegamos a doen\u00e7a das vacas loucas.<\/p>\n<blockquote class=\"twitter-tweet\" data-theme=\"dark\"><p><a href=\"https:\/\/twitter.com\/culturecrave\/status\/1995608436017692978?ref_src=twsrc%5Etfw\" rel=\"nofollow noopener\" target=\"_blank\"><\/p><\/blockquote>\n<p>Voc\u00ea acha que a internet vai acabar saturada de IAs se alimentando umas das outras e entrando em decl\u00ednio, destruindo completamente a ind\u00fastria deles?<\/p>\n<p><img loading=\"lazy\" decoding=\"async\" id=\"img-1516803-3080353\" data-fullsize=\"\/media\/03\/_3080353b.jpg\" data-lazy=\"\" src=\"https:\/\/www.gamereactor.pthttps:\/\/www.gamereactor.pt\/media\/03\/_3080353_650x.jpg\" width=\"650\" onclick=\"if (!window.__cfRLUnblockHandlers) return false; gallery_openmodal('1516803','3080353',false,'62088e50fa5ef639891fd1d69dc7bf88');\" height=\"342\" alt=\"Dan Houser, cofundador da Rockstar, alerta sobre a &quot;doen\u00e7a da vaca louca&quot; na IA\" class=\"rwd_col_content lazy\" data-cf-modified-9066336439fb64bfdacc9a85-=\"\"\/><script async src=\"https:\/\/platform.twitter.com\/widgets.js\" charset=\"utf-8\"><\/script><\/p>\n","protected":false},"excerpt":{"rendered":"Poucas quest\u00f5es s\u00e3o t\u00e3o polarizadoras no mundo atual quanto o uso ou rejei\u00e7\u00e3o da IA no dia a&hellip;\n","protected":false},"author":2,"featured_media":172905,"comment_status":"","ping_status":"","sticky":false,"template":"","format":"standard","meta":{"footnotes":""},"categories":[84],"tags":[109,107,108,32,33,105,103,104,106,110],"class_list":{"0":"post-172904","1":"post","2":"type-post","3":"status-publish","4":"format-standard","5":"has-post-thumbnail","7":"category-ciencia-e-tecnologia","8":"tag-ciencia","9":"tag-ciencia-e-tecnologia","10":"tag-cienciaetecnologia","11":"tag-portugal","12":"tag-pt","13":"tag-science","14":"tag-science-and-technology","15":"tag-scienceandtechnology","16":"tag-technology","17":"tag-tecnologia"},"share_on_mastodon":{"url":"https:\/\/pubeurope.com\/@pt\/115649560427944344","error":""},"_links":{"self":[{"href":"https:\/\/www.europesays.com\/pt\/wp-json\/wp\/v2\/posts\/172904","targetHints":{"allow":["GET"]}}],"collection":[{"href":"https:\/\/www.europesays.com\/pt\/wp-json\/wp\/v2\/posts"}],"about":[{"href":"https:\/\/www.europesays.com\/pt\/wp-json\/wp\/v2\/types\/post"}],"author":[{"embeddable":true,"href":"https:\/\/www.europesays.com\/pt\/wp-json\/wp\/v2\/users\/2"}],"replies":[{"embeddable":true,"href":"https:\/\/www.europesays.com\/pt\/wp-json\/wp\/v2\/comments?post=172904"}],"version-history":[{"count":0,"href":"https:\/\/www.europesays.com\/pt\/wp-json\/wp\/v2\/posts\/172904\/revisions"}],"wp:featuredmedia":[{"embeddable":true,"href":"https:\/\/www.europesays.com\/pt\/wp-json\/wp\/v2\/media\/172905"}],"wp:attachment":[{"href":"https:\/\/www.europesays.com\/pt\/wp-json\/wp\/v2\/media?parent=172904"}],"wp:term":[{"taxonomy":"category","embeddable":true,"href":"https:\/\/www.europesays.com\/pt\/wp-json\/wp\/v2\/categories?post=172904"},{"taxonomy":"post_tag","embeddable":true,"href":"https:\/\/www.europesays.com\/pt\/wp-json\/wp\/v2\/tags?post=172904"}],"curies":[{"name":"wp","href":"https:\/\/api.w.org\/{rel}","templated":true}]}}