{"id":172911,"date":"2025-12-02T10:46:17","date_gmt":"2025-12-02T10:46:17","guid":{"rendered":"https:\/\/www.europesays.com\/pt\/172911\/"},"modified":"2025-12-02T10:46:17","modified_gmt":"2025-12-02T10:46:17","slug":"braga-fecha-a-jornada-com-goleada-em-arouca","status":"publish","type":"post","link":"https:\/\/www.europesays.com\/pt\/172911\/","title":{"rendered":"Braga fecha a jornada com goleada em Arouca"},"content":{"rendered":"<p data-remotead-prev-elm=\"true\" data-remotead-elm-id=\"inread\">No \u00faltimo desafio da 12.\u00ba jornada do campeonato portugu\u00eas, o Braga marcou o regresso \u00e0s vit\u00f3rias depois do empate frente ao Rangers, na Esc\u00f3cia, por 1-1, ao bater o Arouca por quatro bolas sem resposta.<\/p>\n<p>Numa primeira parte infeliz, os arouquenses ficaram bem cedo reduzidos a 10 elementos, por expuls\u00e3o de Font\u00e1n (15 m), e acabaram por sofrer de forma tr\u00e1gica. Numa grande penalidade, Andr\u00e9 Horta (26 m) endere\u00e7ou a bola ao ferro, mas esta embatou nas costas de Mandl e acabou por seguir o caminho da baliza.<\/p>\n<p>Pouco depois Ricardo Horta viria mesmo a marcar e num grande movimento. O criativo recebeu uma bola e picou por cima do guardi\u00e3o contr\u00e1rio, desviando assim a bola para o fundo das redes.<\/p>\n<p data-remotead-prev-elm=\"true\" data-remotead-elm-id=\"centro1\">J\u00e1 antes do final da primeira parte, Alex Pinto (45+1) viria tamb\u00e9m ele a cometer a infelicidade de introduzir uma bola na pr\u00f3pria baliza, alargando um pouco mais a margem no marcador.<\/p>\n<p>Na segunda metade, Lagerbielke (71 m) fechou as contas com um golo de cabe\u00e7a.<\/p>\n","protected":false},"excerpt":{"rendered":"No \u00faltimo desafio da 12.\u00ba jornada do campeonato portugu\u00eas, o Braga marcou o regresso \u00e0s vit\u00f3rias depois do&hellip;\n","protected":false},"author":2,"featured_media":172912,"comment_status":"","ping_status":"","sticky":false,"template":"","format":"standard","meta":{"footnotes":""},"categories":[8],"tags":[3249,1912,27,28,135,20558,15,16,14,25,26,21,22,12,13,19,20,32,23,24,33,17,18,29,30,31],"class_list":{"0":"post-172911","1":"post","2":"type-post","3":"status-publish","4":"format-standard","5":"has-post-thumbnail","7":"category-principais-noticias","8":"tag-arouca","9":"tag-braga","10":"tag-breaking-news","11":"tag-breakingnews","12":"tag-desporto","13":"tag-f-c-porto","14":"tag-featured-news","15":"tag-featurednews","16":"tag-headlines","17":"tag-latest-news","18":"tag-latestnews","19":"tag-main-news","20":"tag-mainnews","21":"tag-news","22":"tag-noticias","23":"tag-noticias-principais","24":"tag-noticiasprincipais","25":"tag-portugal","26":"tag-principais-noticias","27":"tag-principaisnoticias","28":"tag-pt","29":"tag-top-stories","30":"tag-topstories","31":"tag-ultimas","32":"tag-ultimas-noticias","33":"tag-ultimasnoticias"},"share_on_mastodon":{"url":"https:\/\/pubeurope.com\/@pt\/115649576467836195","error":""},"_links":{"self":[{"href":"https:\/\/www.europesays.com\/pt\/wp-json\/wp\/v2\/posts\/172911","targetHints":{"allow":["GET"]}}],"collection":[{"href":"https:\/\/www.europesays.com\/pt\/wp-json\/wp\/v2\/posts"}],"about":[{"href":"https:\/\/www.europesays.com\/pt\/wp-json\/wp\/v2\/types\/post"}],"author":[{"embeddable":true,"href":"https:\/\/www.europesays.com\/pt\/wp-json\/wp\/v2\/users\/2"}],"replies":[{"embeddable":true,"href":"https:\/\/www.europesays.com\/pt\/wp-json\/wp\/v2\/comments?post=172911"}],"version-history":[{"count":0,"href":"https:\/\/www.europesays.com\/pt\/wp-json\/wp\/v2\/posts\/172911\/revisions"}],"wp:featuredmedia":[{"embeddable":true,"href":"https:\/\/www.europesays.com\/pt\/wp-json\/wp\/v2\/media\/172912"}],"wp:attachment":[{"href":"https:\/\/www.europesays.com\/pt\/wp-json\/wp\/v2\/media?parent=172911"}],"wp:term":[{"taxonomy":"category","embeddable":true,"href":"https:\/\/www.europesays.com\/pt\/wp-json\/wp\/v2\/categories?post=172911"},{"taxonomy":"post_tag","embeddable":true,"href":"https:\/\/www.europesays.com\/pt\/wp-json\/wp\/v2\/tags?post=172911"}],"curies":[{"name":"wp","href":"https:\/\/api.w.org\/{rel}","templated":true}]}}