{"id":172915,"date":"2025-12-02T10:50:11","date_gmt":"2025-12-02T10:50:11","guid":{"rendered":"https:\/\/www.europesays.com\/pt\/172915\/"},"modified":"2025-12-02T10:50:11","modified_gmt":"2025-12-02T10:50:11","slug":"vem-ai-em-terra-forte-rosinha-dudu-e-dani-montam-um-esquema-para-desmascarar-maria-de-fatima-novelas","status":"publish","type":"post","link":"https:\/\/www.europesays.com\/pt\/172915\/","title":{"rendered":"Vem a\u00ed em \u00abTerra Forte\u00bb: Rosinha, Dudu e Dani montam um esquema para desmascarar Maria de F\u00e1tima &#8211; Novelas"},"content":{"rendered":"<p>Em \u00abTerra Forte\u00bb, <a href=\"https:\/\/tvi.iol.pt\/novelas\/videos\/terra-forte-rosinha-salva-a-vida-de-dudu\/68f61d030cf29d28d8297586\" rel=\"nofollow noopener\" target=\"_blank\">Rosinha (Francisca Salgado)<\/a>, <a href=\"https:\/\/tvi.iol.pt\/novelas\/videos\/terra-forte-foi-dani-a-filha-de-maria-de-fatima-que-atingiu-a-propria-mae\/68f61cd50cf285ab53a6aaf8\" rel=\"nofollow noopener\" target=\"_blank\">Dani (Camy Ribau)<\/a>\u00a0e <a href=\"https:\/\/tvi.iol.pt\/novelas\/videos\/terra-forte-dudu-apresenta-rosinha-a-sammy-e-a-rosa-maria\/68f7b86d0cf29d28d8297a76\" rel=\"nofollow noopener\" target=\"_blank\">Dudu (Tom\u00e1s Taborda)<\/a>\u00a0estabelecem um plano para descobrirem o que <a href=\"https:\/\/tvi.iol.pt\/novelas\/videos\/maria-de-fatima-toma-decisao-sobre-vivi-esta-demitida\/68f8e7750cf285ab53a6b259\" rel=\"nofollow noopener\" target=\"_blank\">Vivi (Sofia Nicholson)<\/a>\u00a0sabia sobre <a href=\"https:\/\/tvi.iol.pt\/novelas\/videos\/terra-forte-maria-de-fatima-e-manuel-tinham-um-caso\/68f65cdc0cf29d28d82976cb\" rel=\"nofollow noopener\" target=\"_blank\">Maria de F\u00e1tima (Rita Pereira)<\/a>, com Rosinha a dizer que o melhor a fazer \u00e9 falarem com os filhos dela quando for o vel\u00f3rio. Dani fica incomodada por Dudu dizer ter achado muito suspeita a cumplicidade entre Maria de F\u00e1tima e <a href=\"https:\/\/tvi.iol.pt\/novelas\/videos\/terra-forte-maria-de-fatima-e-cobra-sao-cumplices-em-varios-crimes\/6900dcc00cf29d28d82991f2\" rel=\"nofollow noopener\" target=\"_blank\">Cobra (Ricardo Burgos)<\/a>, indo tamb\u00e9m investigar o assunto.<\/p>\n<p>Rosinha diz a <a href=\"https:\/\/tvi.iol.pt\/novelas\/videos\/terra-forte-no-dia-do-seu-aniversario-flor-recebe-uma-visita-inesperada\/68f65c7a0cf29d28d82976c8\" rel=\"nofollow noopener\" target=\"_blank\">Flor (Benedita Pereira)<\/a>\u00a0que ela e os primos desconfiam que foi Maria de F\u00e1tima quem matou Vivi.<\/p>\n<p>Rosinha insiste com Flor que Maria de F\u00e1tima teria todo o interesse em acabar com Vivi, dizendo que j\u00e1 combinou com Dani e Dudu irem ao vel\u00f3rio para falarem com os filhos dela. Rosinha diz \u00e0 m\u00e3e que tamb\u00e9m pode ter sido Maria de F\u00e1tima a empurr\u00e1-la do cruzeiro, deixando Flor perturbada.<\/p>\n<p>Recorde-se que Rosinha e Dudu j\u00e1 acabaram o namoro:<\/p>\n","protected":false},"excerpt":{"rendered":"Em \u00abTerra Forte\u00bb, Rosinha (Francisca Salgado), Dani (Camy Ribau)\u00a0e Dudu (Tom\u00e1s Taborda)\u00a0estabelecem um plano para descobrirem o que&hellip;\n","protected":false},"author":2,"featured_media":172916,"comment_status":"","ping_status":"","sticky":false,"template":"","format":"standard","meta":{"footnotes":""},"categories":[142],"tags":[160,32727,166,8463,7094,114,115,157,167,27915,164,161,158,165,159,32,33,156,27917,18614,163,27916,151,162],"class_list":{"0":"post-172915","1":"post","2":"type-post","3":"status-publish","4":"format-standard","5":"has-post-thumbnail","7":"category-tv","8":"tag-ana-guiomar","9":"tag-camy-ribau","10":"tag-cristina-ferreira","11":"tag-dani","12":"tag-dudu","13":"tag-entertainment","14":"tag-entretenimento","15":"tag-festa-e-festa","16":"tag-ficcao","17":"tag-francisca-salgado","18":"tag-jose-fidalgo","19":"tag-novelas","20":"tag-para-sempre","21":"tag-pedro-sousa","22":"tag-pedro-teixeira","23":"tag-portugal","24":"tag-pt","25":"tag-queridos-papas","26":"tag-rosinha","27":"tag-terra-forte","28":"tag-tiago-teotonio-pereira","29":"tag-tomas-taborda","30":"tag-tv","31":"tag-tvi"},"share_on_mastodon":{"url":"https:\/\/pubeurope.com\/@pt\/115649591607462882","error":""},"_links":{"self":[{"href":"https:\/\/www.europesays.com\/pt\/wp-json\/wp\/v2\/posts\/172915","targetHints":{"allow":["GET"]}}],"collection":[{"href":"https:\/\/www.europesays.com\/pt\/wp-json\/wp\/v2\/posts"}],"about":[{"href":"https:\/\/www.europesays.com\/pt\/wp-json\/wp\/v2\/types\/post"}],"author":[{"embeddable":true,"href":"https:\/\/www.europesays.com\/pt\/wp-json\/wp\/v2\/users\/2"}],"replies":[{"embeddable":true,"href":"https:\/\/www.europesays.com\/pt\/wp-json\/wp\/v2\/comments?post=172915"}],"version-history":[{"count":0,"href":"https:\/\/www.europesays.com\/pt\/wp-json\/wp\/v2\/posts\/172915\/revisions"}],"wp:featuredmedia":[{"embeddable":true,"href":"https:\/\/www.europesays.com\/pt\/wp-json\/wp\/v2\/media\/172916"}],"wp:attachment":[{"href":"https:\/\/www.europesays.com\/pt\/wp-json\/wp\/v2\/media?parent=172915"}],"wp:term":[{"taxonomy":"category","embeddable":true,"href":"https:\/\/www.europesays.com\/pt\/wp-json\/wp\/v2\/categories?post=172915"},{"taxonomy":"post_tag","embeddable":true,"href":"https:\/\/www.europesays.com\/pt\/wp-json\/wp\/v2\/tags?post=172915"}],"curies":[{"name":"wp","href":"https:\/\/api.w.org\/{rel}","templated":true}]}}