{"id":172921,"date":"2025-12-02T10:56:08","date_gmt":"2025-12-02T10:56:08","guid":{"rendered":"https:\/\/www.europesays.com\/pt\/172921\/"},"modified":"2025-12-02T10:56:08","modified_gmt":"2025-12-02T10:56:08","slug":"vazamento-revela-specs-do-galaxy-s26-com-tela-maior-e-bateria-de-4300mah-em-comparacao-ao-s25-mix-vale","status":"publish","type":"post","link":"https:\/\/www.europesays.com\/pt\/172921\/","title":{"rendered":"Vazamento revela specs do Galaxy S26 com tela maior e bateria de 4300mAh em compara\u00e7\u00e3o ao S25 \u2013 Mix Vale"},"content":{"rendered":"<p>Um vazamento recente de especifica\u00e7\u00f5es t\u00e9cnicas da linha Galaxy S26, da Samsung, circulou em f\u00f3runs especializados e sites de tecnologia na \u00faltima semana. O material, atribu\u00eddo a fontes internas da fabricante sul-coreana, compara os modelos S26, S26 Plus e S26 Ultra diretamente com seus antecessores da s\u00e9rie S25, lan\u00e7ada no in\u00edcio de 2025. As informa\u00e7\u00f5es surgem em um momento de alta expectativa para o mercado de smartphones premium, com a Samsung priorizando refinamentos internos sobre mudan\u00e7as radicais de design. Especialistas apontam que essas atualiza\u00e7\u00f5es visam melhorar a efici\u00eancia e a usabilidade di\u00e1ria, atendendo a demandas por maior autonomia e desempenho em tarefas de IA.<\/p>\n<p>A s\u00e9rie S26 deve manter a estrat\u00e9gia de lan\u00e7amento anual, com an\u00fancio previsto para janeiro ou fevereiro de 2026, em eventos globais como o Unpacked. Diferentemente de anos anteriores, onde rumores iniciais sugeriam uma poss\u00edvel variante Edge, o foco permanece nos tr\u00eas modelos principais. Os dados vazados destacam avan\u00e7os em processadores e baterias, mas preservam configura\u00e7\u00f5es de c\u00e2meras e telas para garantir continuidade na experi\u00eancia do usu\u00e1rio.<\/p>\n<ul>\n<li>Principais destaques do leak: aumento de capacidade de bateria no modelo base; ado\u00e7\u00e3o de pain\u00e9is OLED M14 no Ultra para melhor efici\u00eancia energ\u00e9tica; e exclusividade do Snapdragon 8 Elite Gen 5 no topo de linha.<\/li>\n<li>Regi\u00f5es como Europa e \u00c1sia receber\u00e3o variantes com Exynos 2600, enquanto os EUA mant\u00eam o chip Qualcomm para otimiza\u00e7\u00e3o de desempenho.<\/li>\n<\/ul>\n<p>Esses ajustes refletem a resposta da Samsung a feedbacks de usu\u00e1rios sobre dura\u00e7\u00e3o de bateria e gerenciamento t\u00e9rmico, \u00e1reas criticadas na S25 em testes independentes.<\/p>\n<p>Evolu\u00e7\u00f5es no modelo base Galaxy S26<\/p>\n<p>O Galaxy S26 base apresenta ajustes m\u00ednimos no design externo, mas ganha em praticidade para o dia a dia. Sua tela cresce para 6.3 polegadas em resolu\u00e7\u00e3o FHD+, contra as 6.2 polegadas do S25, mantendo brilho m\u00e1ximo de 2.600 nits e taxa de atualiza\u00e7\u00e3o de 1-120Hz. Essa expans\u00e3o sutil permite melhor imers\u00e3o em v\u00eddeos e jogos sem comprometer a portabilidade.<\/p>\n<p>A bateria recebe o maior upgrade aqui, subindo para 4.300mAh a partir dos 4.000mAh do antecessor. Com o novo chipset, isso pode estender o tempo de uso em at\u00e9 15% em cen\u00e1rios mistos, segundo estimativas baseadas em padr\u00f5es de consumo.<\/p>\n<blockquote class=\"twitter-tweet\">\n<p lang=\"en\" dir=\"ltr\">Galaxy S26 Series Wallpapers.<\/p>\n<p>by <a href=\"https:\/\/twitter.com\/wr3cckl3ss1?ref_src=twsrc%5Etfw\" rel=\"nofollow noopener\" target=\"_blank\">@wr3cckl3ss1<\/a> <a href=\"https:\/\/t.co\/UvnfNoyB39\" rel=\"nofollow\">pic.twitter.com\/UvnfNoyB39<\/a><\/p>\n<p>\u2014 One UI (@OneUIBeta) <a href=\"https:\/\/twitter.com\/OneUIBeta\/status\/1995171997681066335?ref_src=twsrc%5Etfw\" rel=\"nofollow noopener\" target=\"_blank\">November 30, 2025<\/a><\/p><\/blockquote>\n<p>  Foco no processador e armazenamento<\/p>\n<p>Processadores representam o cora\u00e7\u00e3o das mudan\u00e7as na linha S26. O modelo base adotar\u00e1 o Snapdragon 8 Elite Gen 5 em mercados selecionados ou o Exynos 2600 em outros, ambos fabricados em n\u00f3 de 3nm para ganhos de efici\u00eancia de at\u00e9 20% em rela\u00e7\u00e3o ao Snapdragon 8 Gen 4 da S25. Essa configura\u00e7\u00e3o prioriza tarefas de intelig\u00eancia artificial, como processamento de imagem em tempo real.<\/p>\n<p>O armazenamento m\u00ednimo salta para 256GB, eliminando a op\u00e7\u00e3o de 128GB vista no S25. Op\u00e7\u00f5es v\u00e3o at\u00e9 512GB, com 12GB de RAM padr\u00e3o em todos. Essa padroniza\u00e7\u00e3o atende a crescente demanda por espa\u00e7o para apps e m\u00eddias em alta resolu\u00e7\u00e3o.<\/p>\n<p>Configura\u00e7\u00f5es de c\u00e2mera sem surpresas<\/p>\n<p>As c\u00e2meras do Galaxy S26 base seguem o trio testado: sensor principal de 50MP com estabiliza\u00e7\u00e3o \u00f3ptica, ultra-angular de 12MP e teleobjetiva de 10MP com zoom 3x. N\u00e3o h\u00e1 trocas de hardware, mas atualiza\u00e7\u00f5es de software prometem melhorias em processamento noturno e detec\u00e7\u00e3o de objetos.<\/p>\n<p>Testes pr\u00e9vios da S25 indicaram bom desempenho em condi\u00e7\u00f5es variadas, e o S26 deve herdar isso com otimiza\u00e7\u00f5es via machine learning. A aus\u00eancia de upgrades radicais sugere que a Samsung aposta em refinamentos anuais em vez de revolu\u00e7\u00f5es anuais.<\/p>\n<blockquote class=\"twitter-tweet\">\n<p lang=\"en\" dir=\"ltr\">The Samsung Galaxy S26 series is launching soon, and we\u2019ve got a first look at the dummies! \ud83d\udc40\ud83d\udd25 <br \/>From camera upgrades to bigger battery life and more, here\u2019s everything you need to know: <a href=\"https:\/\/t.co\/I5biJrKCK1\" rel=\"nofollow\">https:\/\/t.co\/I5biJrKCK1<\/a><\/p>\n<p>What are you expecting from the Galaxy S26 Series? Let us know. <a href=\"https:\/\/t.co\/96gihrmBDE\" rel=\"nofollow\">pic.twitter.com\/96gihrmBDE<\/a><\/p>\n<p>\u2014 Beebom (@beebomco) <a href=\"https:\/\/twitter.com\/beebomco\/status\/1993152661789810819?ref_src=twsrc%5Etfw\" rel=\"nofollow noopener\" target=\"_blank\">November 25, 2025<\/a><\/p><\/blockquote>\n<p>  Galaxy S26 Plus: Refinamentos dimensionais<\/p>\n<p>A vers\u00e3o Plus do S26 preserva a ess\u00eancia do S25 Plus, com tela de 6.7 polegadas em QHD e 120Hz. O peso aumenta levemente para 194g, mas a espessura cai para 7.3mm, facilitando o manuseio prolongado.<\/p>\n<p>Manuten\u00e7\u00e3o de autonomia e conectividade<\/p>\n<p>A bateria de 4.900mAh permanece inalterada, suportando carregamento de 45W com fio e 15W sem fio. Essa consist\u00eancia garante compatibilidade com acess\u00f3rios existentes, enquanto o USB 3.2 acelera transfer\u00eancias de dados.<\/p>\n<p>Medidas de resfriamento aprimoradas no Exynos 2600 visam reduzir throttling em sess\u00f5es longas de uso, com testes simulados mostrando quedas de temperatura de 5 graus Celsius.<\/p>\n<p>Detalhes no topo de linha S26 Ultra<\/p>\n<p>O Galaxy S26 Ultra surge como o mais conservador em termos de layout, com tela de 6.9 polegadas QHD+ e configura\u00e7\u00e3o qu\u00e1drupla de c\u00e2meras id\u00eantica \u00e0 S25 Ultra: 200MP principal, 50MP ultra-angular, 10MP 3x e 50MP 5x. O novo painel M14 OLED promete 10% mais efici\u00eancia em consumo de energia.<\/p>\n<p>Dimens\u00f5es encolhem para 7.9mm de espessura e 214g, tornando-o o mais leve da categoria premium at\u00e9 agora.<\/p>\n<p>Avan\u00e7os em carregamento e refrigera\u00e7\u00e3o<\/p>\n<p>O carregamento salta para 60W, contra 45W do S25 Ultra, reduzindo tempo de recarga de 0 a 100% em cerca de 20 minutos em testes laboratoriais. Suporte a Qi2 para wireless chega a 25W, alinhando-se a padr\u00f5es globais.<\/p>\n<p>O sistema de vapor chamber expandido gerencia melhor o calor do Snapdragon 8 Elite Gen 5, exclusivo para o Ultra em todos os mercados. Isso beneficia jogos e edi\u00e7\u00f5es de v\u00eddeo sem interrup\u00e7\u00f5es.<\/p>\n<p>Implica\u00e7\u00f5es para o ecossistema Samsung<\/p>\n<p>Esses vazamentos posicionam a S26 como uma itera\u00e7\u00e3o madura, focada em sustentabilidade e integra\u00e7\u00e3o com servi\u00e7os como Galaxy AI. A estrat\u00e9gia de uniformizar chips em regi\u00f5es espec\u00edficas equilibra custos e performance.<\/p>\n<p>Atualiza\u00e7\u00f5es de software prometem suporte por sete anos, estendendo o ciclo de vida dos dispositivos. Analistas preveem que vendas iniciais superem as da S25 em 5%, impulsionadas por esses ajustes pr\u00e1ticos.<\/p>\n<p>Para usu\u00e1rios atuais da S25, o upgrade pode n\u00e3o ser urgente, mas inova\u00e7\u00f5es como o M14 e carregamento mais r\u00e1pido atraem quem busca longevidade.<\/p>\n<p><script async src=\"https:\/\/platform.twitter.com\/widgets.js\" charset=\"utf-8\"><\/script><\/p>\n","protected":false},"excerpt":{"rendered":"Um vazamento recente de especifica\u00e7\u00f5es t\u00e9cnicas da linha Galaxy S26, da Samsung, circulou em f\u00f3runs especializados e sites&hellip;\n","protected":false},"author":2,"featured_media":172922,"comment_status":"","ping_status":"","sticky":false,"template":"","format":"standard","meta":{"footnotes":""},"categories":[84],"tags":[109,107,108,32,33,105,103,104,106,110],"class_list":{"0":"post-172921","1":"post","2":"type-post","3":"status-publish","4":"format-standard","5":"has-post-thumbnail","7":"category-ciencia-e-tecnologia","8":"tag-ciencia","9":"tag-ciencia-e-tecnologia","10":"tag-cienciaetecnologia","11":"tag-portugal","12":"tag-pt","13":"tag-science","14":"tag-science-and-technology","15":"tag-scienceandtechnology","16":"tag-technology","17":"tag-tecnologia"},"share_on_mastodon":{"url":"https:\/\/pubeurope.com\/@pt\/115649615364813048","error":""},"_links":{"self":[{"href":"https:\/\/www.europesays.com\/pt\/wp-json\/wp\/v2\/posts\/172921","targetHints":{"allow":["GET"]}}],"collection":[{"href":"https:\/\/www.europesays.com\/pt\/wp-json\/wp\/v2\/posts"}],"about":[{"href":"https:\/\/www.europesays.com\/pt\/wp-json\/wp\/v2\/types\/post"}],"author":[{"embeddable":true,"href":"https:\/\/www.europesays.com\/pt\/wp-json\/wp\/v2\/users\/2"}],"replies":[{"embeddable":true,"href":"https:\/\/www.europesays.com\/pt\/wp-json\/wp\/v2\/comments?post=172921"}],"version-history":[{"count":0,"href":"https:\/\/www.europesays.com\/pt\/wp-json\/wp\/v2\/posts\/172921\/revisions"}],"wp:featuredmedia":[{"embeddable":true,"href":"https:\/\/www.europesays.com\/pt\/wp-json\/wp\/v2\/media\/172922"}],"wp:attachment":[{"href":"https:\/\/www.europesays.com\/pt\/wp-json\/wp\/v2\/media?parent=172921"}],"wp:term":[{"taxonomy":"category","embeddable":true,"href":"https:\/\/www.europesays.com\/pt\/wp-json\/wp\/v2\/categories?post=172921"},{"taxonomy":"post_tag","embeddable":true,"href":"https:\/\/www.europesays.com\/pt\/wp-json\/wp\/v2\/tags?post=172921"}],"curies":[{"name":"wp","href":"https:\/\/api.w.org\/{rel}","templated":true}]}}