{"id":172925,"date":"2025-12-02T10:58:13","date_gmt":"2025-12-02T10:58:13","guid":{"rendered":"https:\/\/www.europesays.com\/pt\/172925\/"},"modified":"2025-12-02T10:58:13","modified_gmt":"2025-12-02T10:58:13","slug":"regioes-russas-cortam-pagamentos-a-trabalhadores-contratados","status":"publish","type":"post","link":"https:\/\/www.europesays.com\/pt\/172925\/","title":{"rendered":"Regi\u00f5es russas cortam pagamentos a trabalhadores contratados"},"content":{"rendered":"<p>\n  De&amp;nbsp<b>Euronews<\/b>\n<\/p>\n<p>\n         Publicado a<br \/>\n            01\/12\/2025 &#8211; 18:43 GMT+1\n            <\/p>\n<p>As autoridades de v\u00e1rias regi\u00f5es russas est\u00e3o a atrasar os pagamentos relativos a ferimentos de militares e a reduzir os pagamentos \u00fanicos referentes a contratos com o Minist\u00e9rio da Defesa russo.<\/p>\n<p>Por exemplo, no final de novembro, as autoridades de Yakutia anunciaram que tinham de suspender os pagamentos aos participantes na invas\u00e3o da Ucr\u00e2nia.<\/p>\n<p>&#8220;Infelizmente, estamos perante uma situa\u00e7\u00e3o deste tipo&#8221;, afirmou Ivan Alekseev, diretor do Minist\u00e9rio das Finan\u00e7as da Rep\u00fablica. A raz\u00e3o, segundo o respons\u00e1vel, \u00e9 o d\u00e9fice or\u00e7amental.<\/p>\n<p>De acordo com os meios de comunica\u00e7\u00e3o social russos, desde o in\u00edcio de 2025, a redu\u00e7\u00e3o mais significativa do<a href=\"https:\/\/www.kommersant.ru\/doc\/8120144\" target=\"_blank\" rel=\"noreferrer nofollow noopener\"> <\/a>montante dos pagamentos regionais para os trabalhadores contratados foi registada na regi\u00e3o de Samara.<a href=\"https:\/\/www.kommersant.ru\/doc\/8120144\" target=\"_blank\" rel=\"noreferrer nofollow noopener\"> <\/a>Desde outubro, aqueles que assinaram um contrato recebem 400 mil Br (\u20ac 4 426) em vez dos anteriores 3,6 milh\u00f5es de Br (\u20ac 39 835).<\/p>\n<p>Em Mari El, os pagamentos aos contratantes foram reduzidos de Br3 milh\u00f5es (\u20ac 33 197) para Br800 mil (\u20ac 8 852). O pagamento de um montante fixo pela contrata\u00e7\u00e3o de servi\u00e7o militar nas For\u00e7as Armadas da Federa\u00e7\u00e3o Russa em Mari El \u00e9 agora de Br400 mil (\u20ac 4 426) da Rep\u00fablica e Br400 mil (\u20ac 4 426) do Minist\u00e9rio da Defesa.<\/p>\n<p>A situa\u00e7\u00e3o \u00e9 semelhante no Tartarist\u00e3o. A informa\u00e7\u00e3o correspondente est\u00e1 <a href=\"https:\/\/vk.tatarstan.ru\/sluzhba-po-kontraktu.htm\" target=\"_blank\" rel=\"noreferrer nofollow noopener\">publicada no site do <\/a>Comissariado Militar da Rep\u00fablica.<\/p>\n<p>Segundo consta, mais de dez regi\u00f5es russas reduziram os pagamentos relativos \u00e0 assinatura de um contrato com o Minist\u00e9rio da Defesa, uma vez que n\u00e3o existem fundos para o efeito nos or\u00e7amentos locais. Mais de <a href=\"https:\/\/www.vedomosti.ru\/economics\/articles\/2025\/11\/25\/1157739-bolshe-polovini-rossiiskih-regionov-stolknulis-s-defitsitom\" target=\"_blank\" rel=\"noreferrer nofollow noopener\">metade das regi\u00f5es russas enfrentam d\u00e9fices <\/a>or\u00e7amentais.<\/p>\n<p>De acordo com o <a href=\"https:\/\/szru.gov.ua\/news-media\/news\/rosii-dedali-vazhche-zabezpechuvaty-stabilnyi-potik-kontraktnykiv\" target=\"_blank\" rel=\"noreferrer nofollow noopener\">Servi\u00e7o de Informa\u00e7\u00f5es Externas da Ucr\u00e2nia, <\/a>pelo menos 11 regi\u00f5es russas cortaram os pagamentos aos contratantes em novembro. A fonte aponta as regi\u00f5es de Leninegrado, Samara, Nizhny Novgorod, Ulyanovsk e Orenburg, as rep\u00fablicas de Bashkortostan, Tatarstan, Khakassia, Chuvashia, Mari El e o distrito aut\u00f3nomo de Yamalo-Nenets.<\/p>\n<p>Sem dinheiro para os funerais<\/p>\n<p>Os meios de comunica\u00e7\u00e3o social russos referem tamb\u00e9m que as fam\u00edlias dos soldados contratados que combatem na Ucr\u00e2nia t\u00eam tido problemas em receber pagamentos regionais pela morte de um familiar.<\/p>\n<p>Em Khakassia, as fam\u00edlias dos militares deixaram de receber 1,1 milh\u00f5es de rublos (\u20ac 12 174) do or\u00e7amento regional. O pagamento foi reduzido em um milh\u00e3o \u2014 para 100 mil (\u20ac 1 106).<\/p>\n<p>A chefe da sec\u00e7\u00e3o regional da chamada &#8220;Frente Popular&#8221;, Ksenia Buganova, instou as autoridades regionais a devolverem o pagamento de 1,1 milh\u00f5es de rublos (\u20ac 12 174).<\/p>\n<p>De acordo com Buganova, o atual pagamento de 100 mil rublos (\u20ac 1 106) \u00e9 feito ap\u00f3s v\u00e1rios meses. &#8220;Como consequ\u00eancia, na altura do funeral, se a fam\u00edlia n\u00e3o tiver poupan\u00e7as, o falecido tem de ser enterrado com d\u00edvidas. A Frente Popular pede para reduzir os prazos de transfer\u00eancia deste pagamento para 10 dias a partir do momento do pedido&#8221;, sublinhou.<\/p>\n<p>Apesar das estat\u00edsticas oficiais mostrarem taxas est\u00e1veis de contrata\u00e7\u00e3o das for\u00e7as armadas russas, os sinais de esgotamento da base de recursos est\u00e3o a tornar-se cada vez mais vis\u00edveis, segundo o Servi\u00e7o de Informa\u00e7\u00f5es Externas da Ucr\u00e2nia.<\/p>\n<p>Para muitas regi\u00f5es, os incentivos financeiros t\u00eam sido um mecanismo fundamental para atrair novos efetivos militares. Os cortes nos b\u00f3nus complicam diretamente o recrutamento, uma vez que foi o aumento dos pagamentos nos \u00faltimos dois anos que compensou o aumento dos riscos e das perdas.<\/p>\n<p>As decis\u00f5es do Governo indicam que est\u00e1 a tornar-se cada vez mais dif\u00edcil manter a anterior taxa de recrutamento militar.<\/p>\n<p>Alexei Zhuravlev, primeiro vice-presidente da comiss\u00e3o de defesa da Duma, afirmou que os pagamentos &#8220;n\u00e3o devem tornar-se o principal motivo&#8221;.<\/p>\n<p>&#8220;A tend\u00eancia geral n\u00e3o \u00e9 muito saud\u00e1vel e pode concluir-se que os recursos do pa\u00eds est\u00e3o a ser gradualmente esgotados. Mas, afinal de contas, esses pagamentos eram, inicialmente, apenas a boa vontade dos l\u00edderes regionais. E tenho a certeza de que, para os verdadeiros patriotas, o dinheiro n\u00e3o deve ser o principal motivo para defender a P\u00e1tria. Um b\u00f3nus, sim, mas definitivamente n\u00e3o \u00e9 o objetivo principal&#8221;, afirmou.<\/p>\n","protected":false},"excerpt":{"rendered":"De&amp;nbspEuronews Publicado a 01\/12\/2025 &#8211; 18:43 GMT+1 As autoridades de v\u00e1rias regi\u00f5es russas est\u00e3o a atrasar os pagamentos&hellip;\n","protected":false},"author":2,"featured_media":172926,"comment_status":"","ping_status":"","sticky":false,"template":"","format":"standard","meta":{"footnotes":""},"categories":[50],"tags":[27,28,15,16,36111,889,14,6390,25,26,21,22,62,12,13,19,20,21565,23,24,17,18,29,30,31,63,64,65],"class_list":{"0":"post-172925","1":"post","2":"type-post","3":"status-publish","4":"format-standard","5":"has-post-thumbnail","7":"category-mundo","8":"tag-breaking-news","9":"tag-breakingnews","10":"tag-featured-news","11":"tag-featurednews","12":"tag-funerais","13":"tag-guerra-na-ucrania","14":"tag-headlines","15":"tag-invasao-da-ucrania-pela-russia","16":"tag-latest-news","17":"tag-latestnews","18":"tag-main-news","19":"tag-mainnews","20":"tag-mundo","21":"tag-news","22":"tag-noticias","23":"tag-noticias-principais","24":"tag-noticiasprincipais","25":"tag-orcamento","26":"tag-principais-noticias","27":"tag-principaisnoticias","28":"tag-top-stories","29":"tag-topstories","30":"tag-ultimas","31":"tag-ultimas-noticias","32":"tag-ultimasnoticias","33":"tag-world","34":"tag-world-news","35":"tag-worldnews"},"share_on_mastodon":{"url":"https:\/\/pubeurope.com\/@pt\/115649623123585222","error":""},"_links":{"self":[{"href":"https:\/\/www.europesays.com\/pt\/wp-json\/wp\/v2\/posts\/172925","targetHints":{"allow":["GET"]}}],"collection":[{"href":"https:\/\/www.europesays.com\/pt\/wp-json\/wp\/v2\/posts"}],"about":[{"href":"https:\/\/www.europesays.com\/pt\/wp-json\/wp\/v2\/types\/post"}],"author":[{"embeddable":true,"href":"https:\/\/www.europesays.com\/pt\/wp-json\/wp\/v2\/users\/2"}],"replies":[{"embeddable":true,"href":"https:\/\/www.europesays.com\/pt\/wp-json\/wp\/v2\/comments?post=172925"}],"version-history":[{"count":0,"href":"https:\/\/www.europesays.com\/pt\/wp-json\/wp\/v2\/posts\/172925\/revisions"}],"wp:featuredmedia":[{"embeddable":true,"href":"https:\/\/www.europesays.com\/pt\/wp-json\/wp\/v2\/media\/172926"}],"wp:attachment":[{"href":"https:\/\/www.europesays.com\/pt\/wp-json\/wp\/v2\/media?parent=172925"}],"wp:term":[{"taxonomy":"category","embeddable":true,"href":"https:\/\/www.europesays.com\/pt\/wp-json\/wp\/v2\/categories?post=172925"},{"taxonomy":"post_tag","embeddable":true,"href":"https:\/\/www.europesays.com\/pt\/wp-json\/wp\/v2\/tags?post=172925"}],"curies":[{"name":"wp","href":"https:\/\/api.w.org\/{rel}","templated":true}]}}