{"id":172927,"date":"2025-12-02T10:59:17","date_gmt":"2025-12-02T10:59:17","guid":{"rendered":"https:\/\/www.europesays.com\/pt\/172927\/"},"modified":"2025-12-02T10:59:17","modified_gmt":"2025-12-02T10:59:17","slug":"passado-e-falta-de-dialogo-fizeram-subir-o-tom-entre-seguro-e-jorge-pinto","status":"publish","type":"post","link":"https:\/\/www.europesays.com\/pt\/172927\/","title":{"rendered":"Passado e falta de di\u00e1logo fizeram subir o tom entre Seguro e Jorge Pinto"},"content":{"rendered":"<p data-remotead-prev-elm=\"true\" data-remotead-elm-id=\"inread\">&#8220;A hip\u00f3tese nunca esteve em cima da mesa. O que falei foi de um pacto republicano de di\u00e1logo \u00e0 esquerda, que ficou impedido depois de Seguro ter apresentado t\u00e3o cedo a sua candidatura, assim travando uma candidatura \u00fanica&#8221;, afirmou, na RTP, o candidato apoiado pelo Livre. Que lembrou a &#8220;contradi\u00e7\u00e3o estrutural&#8221; do advers\u00e1rio, que &#8220;quer ser presidente mas enquanto l\u00edder do PS n\u00e3o apelou \u00e0 defesa da Constitui\u00e7\u00e3o quando permitiu a aprova\u00e7\u00e3o do Or\u00e7amento do Estado e de altera\u00e7\u00f5es \u00e0s leis do trabalho, em 2012 nos tempos da troika&#8221;.<\/p>\n<p>Ant\u00f3nio Jos\u00e9 Seguro acusou o toque e justificou ter anunciado em julho que entraria na corrida a Bel\u00e9m porque &#8220;os partidos n\u00e3o t\u00eam o condom\u00ednio das elei\u00e7\u00f5es presidenciais&#8221;, questionando que um &#8220;candidato t\u00e3o jovem queira discutir o passado&#8221; e lembrando que as vota\u00e7\u00f5es passada do PS se deveram &#8220;\u00e0 defesa do interesse nacional&#8221;.<\/p>\n<p>De resto, o debate decorreu sem outras tens\u00f5es evidentes. No que diz respeito \u00e0s altera\u00e7\u00f5es \u00e0s leis do trabalho avan\u00e7adas pelo Governo, ambos mostraram oposi\u00e7\u00e3o. &#8220;Vai acrescentar precariedade&#8221;, disse Jorge Pinto. &#8220;Desequilibram as rela\u00e7\u00f5es entre empres\u00e1rios e trabalhadores&#8221;, apontou Ant\u00f3nio Jos\u00e9 Seguro.<\/p>\n<p data-remotead-prev-elm=\"true\" data-remotead-elm-id=\"centro1\">Ap\u00f3s mostrarem converg\u00eancia de posi\u00e7\u00f5es em mat\u00e9rias como a Sa\u00fade, discordaram apenas ao de leve quanto \u00e0 necessidade de uma revis\u00e3o constitucional. Seguro acusou Pinto de &#8220;agir erradamente&#8221; ao defender a dissolu\u00e7\u00e3o da Assembleia da Rep\u00fablica caso o tema fosse decidido apenas entre os partidos de direita, maiorit\u00e1rios no Parlamento.<\/p>\n<p>O debate terminou com os candidatos pedirem aos portugueses &#8220;uma oportunidade&#8221; \u00e0 emigra\u00e7\u00e3o, no caso de Jorge Pinto, e &#8220;mais integra\u00e7\u00e3o&#8221;, segundo Ant\u00f3nio Jos\u00e9 Seguro. E com ambos a fumarem o cachimbo da paz: &#8220;Jorge Pinto n\u00e3o \u00e9 o meu inimigo&#8221;, garantiu Seguro; &#8220;Ant\u00f3nio Jos\u00e9 Seguro tamb\u00e9m n\u00e3o \u00e9 o meu&#8221;, garantiu Jorge Pinto.<\/p>\n","protected":false},"excerpt":{"rendered":"&#8220;A hip\u00f3tese nunca esteve em cima da mesa. O que falei foi de um pacto republicano de di\u00e1logo&hellip;\n","protected":false},"author":2,"featured_media":172928,"comment_status":"","ping_status":"","sticky":false,"template":"","format":"standard","meta":{"footnotes":""},"categories":[10],"tags":[3399,27,28,34576,15,16,14,28245,25,26,21,22,619,12,13,19,20,32,1076,23,24,33,17,18,29,30,31],"class_list":{"0":"post-172927","1":"post","2":"type-post","3":"status-publish","4":"format-standard","5":"has-post-thumbnail","7":"category-portugal","8":"tag-antonio-jose-seguro","9":"tag-breaking-news","10":"tag-breakingnews","11":"tag-debates-presidenciais","12":"tag-featured-news","13":"tag-featurednews","14":"tag-headlines","15":"tag-jorge-pinto","16":"tag-latest-news","17":"tag-latestnews","18":"tag-main-news","19":"tag-mainnews","20":"tag-nacional","21":"tag-news","22":"tag-noticias","23":"tag-noticias-principais","24":"tag-noticiasprincipais","25":"tag-portugal","26":"tag-presidenciais-2026","27":"tag-principais-noticias","28":"tag-principaisnoticias","29":"tag-pt","30":"tag-top-stories","31":"tag-topstories","32":"tag-ultimas","33":"tag-ultimas-noticias","34":"tag-ultimasnoticias"},"share_on_mastodon":{"url":"https:\/\/pubeurope.com\/@pt\/115649627079376791","error":""},"_links":{"self":[{"href":"https:\/\/www.europesays.com\/pt\/wp-json\/wp\/v2\/posts\/172927","targetHints":{"allow":["GET"]}}],"collection":[{"href":"https:\/\/www.europesays.com\/pt\/wp-json\/wp\/v2\/posts"}],"about":[{"href":"https:\/\/www.europesays.com\/pt\/wp-json\/wp\/v2\/types\/post"}],"author":[{"embeddable":true,"href":"https:\/\/www.europesays.com\/pt\/wp-json\/wp\/v2\/users\/2"}],"replies":[{"embeddable":true,"href":"https:\/\/www.europesays.com\/pt\/wp-json\/wp\/v2\/comments?post=172927"}],"version-history":[{"count":0,"href":"https:\/\/www.europesays.com\/pt\/wp-json\/wp\/v2\/posts\/172927\/revisions"}],"wp:featuredmedia":[{"embeddable":true,"href":"https:\/\/www.europesays.com\/pt\/wp-json\/wp\/v2\/media\/172928"}],"wp:attachment":[{"href":"https:\/\/www.europesays.com\/pt\/wp-json\/wp\/v2\/media?parent=172927"}],"wp:term":[{"taxonomy":"category","embeddable":true,"href":"https:\/\/www.europesays.com\/pt\/wp-json\/wp\/v2\/categories?post=172927"},{"taxonomy":"post_tag","embeddable":true,"href":"https:\/\/www.europesays.com\/pt\/wp-json\/wp\/v2\/tags?post=172927"}],"curies":[{"name":"wp","href":"https:\/\/api.w.org\/{rel}","templated":true}]}}