{"id":172931,"date":"2025-12-02T11:01:11","date_gmt":"2025-12-02T11:01:11","guid":{"rendered":"https:\/\/www.europesays.com\/pt\/172931\/"},"modified":"2025-12-02T11:01:11","modified_gmt":"2025-12-02T11:01:11","slug":"nuno-markl-faz-inusitada-partilha-nunca-funcionou-tao-mal","status":"publish","type":"post","link":"https:\/\/www.europesays.com\/pt\/172931\/","title":{"rendered":"Nuno Markl faz inusitada partilha: &#8220;Nunca funcionou t\u00e3o mal&#8221;"},"content":{"rendered":"<p><a href=\"https:\/\/selfie.iol.pt\/famosos\/nuno-markl\/internado-nuno-markl-recebe-mensagem-de-estrela-mundial-foi-tao-bom-sentir-a-gentileza\/20251201\/692d9a2fd34e2bd5c6d49d87\" target=\"_blank\" rel=\"nofollow noopener\">Nuno Markl<\/a> partilhou, nas redes sociais, uma caricata frase.. sobre o corretor do Iphone.<\/p>\n<p>&#8220;Comcordo e digo mais: o correcto do Iphone nunca funcionou t\u00e3o mat. Mal&#8221;, escreveu o comediante, com muito humor \u00e0 mistura, na referida publica\u00e7\u00e3o.<\/p>\n<p>&#8220;Cheguei numa fase em que eu n\u00e3o corrijo mais nenhuma mensagem&#8230; se eu te mandar &#8216;bamo se encrotnar pra jadtar&#8217;,, esse enigma agora \u00e9 teu para resolver&#8221;, l\u00ea-se na caricata frase partilhada por Nuno Markl.<\/p>\n<p>Recorde-se que o humorista est\u00e1 internado no Hospital de Egas Moniz, em Lisboa, na sequ\u00eancia de um AVC.<\/p>\n<p>Veja, agora, a imagem.<\/p>\n<p style=\"text-align:center\"><img loading=\"lazy\" decoding=\"async\" alt=\"\" height=\"545\" src=\"https:\/\/www.europesays.com\/pt\/wp-content\/uploads\/2025\/12\/692e0c39d34e2bd5c6d4a099.webp\" width=\"304\"\/><\/p>\n<p>\u00a0<\/p>\n","protected":false},"excerpt":{"rendered":"Nuno Markl partilhou, nas redes sociais, uma caricata frase.. sobre o corretor do Iphone. &#8220;Comcordo e digo mais:&hellip;\n","protected":false},"author":2,"featured_media":159433,"comment_status":"","ping_status":"","sticky":false,"template":"","format":"standard","meta":{"footnotes":""},"categories":[145],"tags":[1493,211,210,114,115,980,1015,249,619,11435,32,33,548,1012],"class_list":{"0":"post-172931","1":"post","2":"type-post","3":"status-publish","4":"format-standard","5":"has-post-thumbnail","7":"category-celebridades","8":"tag-avc","9":"tag-celebridades","10":"tag-celebrities","11":"tag-entertainment","12":"tag-entretenimento","13":"tag-famosos","14":"tag-instagram","15":"tag-iphone","16":"tag-nacional","17":"tag-nuno-markl","18":"tag-portugal","19":"tag-pt","20":"tag-redes-sociais","21":"tag-selfie"},"share_on_mastodon":{"url":"https:\/\/pubeurope.com\/@pt\/115649635063186444","error":""},"_links":{"self":[{"href":"https:\/\/www.europesays.com\/pt\/wp-json\/wp\/v2\/posts\/172931","targetHints":{"allow":["GET"]}}],"collection":[{"href":"https:\/\/www.europesays.com\/pt\/wp-json\/wp\/v2\/posts"}],"about":[{"href":"https:\/\/www.europesays.com\/pt\/wp-json\/wp\/v2\/types\/post"}],"author":[{"embeddable":true,"href":"https:\/\/www.europesays.com\/pt\/wp-json\/wp\/v2\/users\/2"}],"replies":[{"embeddable":true,"href":"https:\/\/www.europesays.com\/pt\/wp-json\/wp\/v2\/comments?post=172931"}],"version-history":[{"count":0,"href":"https:\/\/www.europesays.com\/pt\/wp-json\/wp\/v2\/posts\/172931\/revisions"}],"wp:featuredmedia":[{"embeddable":true,"href":"https:\/\/www.europesays.com\/pt\/wp-json\/wp\/v2\/media\/159433"}],"wp:attachment":[{"href":"https:\/\/www.europesays.com\/pt\/wp-json\/wp\/v2\/media?parent=172931"}],"wp:term":[{"taxonomy":"category","embeddable":true,"href":"https:\/\/www.europesays.com\/pt\/wp-json\/wp\/v2\/categories?post=172931"},{"taxonomy":"post_tag","embeddable":true,"href":"https:\/\/www.europesays.com\/pt\/wp-json\/wp\/v2\/tags?post=172931"}],"curies":[{"name":"wp","href":"https:\/\/api.w.org\/{rel}","templated":true}]}}