{"id":172938,"date":"2025-12-02T11:12:08","date_gmt":"2025-12-02T11:12:08","guid":{"rendered":"https:\/\/www.europesays.com\/pt\/172938\/"},"modified":"2025-12-02T11:12:08","modified_gmt":"2025-12-02T11:12:08","slug":"karsten-apresenta-a-magia-de-estar-juntos","status":"publish","type":"post","link":"https:\/\/www.europesays.com\/pt\/172938\/","title":{"rendered":"Karsten apresenta \u201cA magia de estar juntos\u201d"},"content":{"rendered":"<p>A Karsten lan\u00e7ou hoje a campanha de Natal \u201cA magia de estar juntos\u201d, desenvolvida para resgatar o afeto, o reencontro e a conex\u00e3o emocional que tornam esta \u00e9poca t\u00e3o significativa para as fam\u00edlias brasileiras. Inspirada no desejo crescente por conex\u00f5es reais, a marca prop\u00f5e um olhar sens\u00edvel para o Natal como momento de acolhimento e cria\u00e7\u00e3o de mem\u00f3rias que permanecem, mesmo quando a rotina pede pressa.<\/p>\n<p>O filme apresenta a casa como o grande palco das celebra\u00e7\u00f5es. A narrativa acompanha a chegada de pessoas queridas e mostra a movimenta\u00e7\u00e3o natural da festividade: preparos na cozinha, mesa sendo organizada, presentes trocados e pequenas intera\u00e7\u00f5es que constroem mem\u00f3rias afetivas. No final, uma chegada surpresa refor\u00e7a o clima de acolhimento e o valor da presen\u00e7a.<\/p>\n<p>Os produtos Karsten aparecem de forma estrat\u00e9gica na composi\u00e7\u00e3o do ambiente, refor\u00e7ando o papel da marca na cria\u00e7\u00e3o de casas mais bonitas e acolhedoras. Almofadas e mantas aquecem a sala, enquanto toalhas de mesa, guardanapos e panos de copa d\u00e3o vida \u00e0 decora\u00e7\u00e3o do jantar. No quarto, jogos de cama completam a atmosfera de conforto da campanha. Esses elementos ajudam a fortalecer o posicionamento institucional da Karsten ao mostrar que a casa \u00e9 extens\u00e3o da fam\u00edlia e que seus produtos transformam a experi\u00eancia de viver e celebrar juntos.<\/p>\n<p>O v\u00eddeo-conceito, lan\u00e7ado primeiro nas redes sociais da Karsten, ganhar\u00e1 ao longo do m\u00eas vers\u00f5es derivadas com cenas do conv\u00edvio familiar. A campanha estar\u00e1 presente em Instagram, TikTok, Facebook, blog, e-commerce, lojas pr\u00f3prias e multimarcas, al\u00e9m de ativa\u00e7\u00f5es com influenciadores e grandes perfis do segmento. Produtos especiais de Natal tamb\u00e9m estar\u00e3o dispon\u00edveis.<\/p>\n<p>\u201cEssa campanha refor\u00e7a o papel da Karsten de levar bem-estar e aconchego em todos os momentos. Al\u00e9m disso, a campanha traz esse lado emocional de conex\u00e3o genu\u00edna e presen\u00e7a que tem sido cada vez mais necess\u00e1ria nos tempos atuais\u201d, conta Joana Campestrini Fuchs, gerente de marketing da Karsten.<\/p>\n<p>Ficha T\u00e9cnica:<\/p>\n<p>Produtora \u2013 Cuka Filmes<\/p>\n<p>Diretor de cena \u2013 Hermes Bruchmann<\/p>\n<p>Diretor de Fotografia \u2013 Felipe Aguilar<\/p>\n<p>Assistente de Dire\u00e7\u00e3o \u2013 Andr\u00e9 Melo<\/p>\n<p>Diretora de Arte \u2013 Fabiana Carvalho<\/p>\n<p>Assistente de Arte \u2013 J\u00falia Jaques, J\u00falio Lopes<\/p>\n<p>C\u00e2mera \u2013 Jorge Bauer<\/p>\n<p>1\u00ba Assistente de c\u00e2mera \u2013 Giovane Silva<\/p>\n<p>Gafer \u2013 Alexandre Miranda<\/p>\n<p>1\u00ba Assistente de El\u00e9trica \u2013 Dinho Ribeiro<\/p>\n<p>2\u00ba Assistente de El\u00e9trica \u2013 Wesley Tavares<\/p>\n<p>Maquinista \u2013 Rafael Miranda<\/p>\n<p>Making Of \u2013 Thiago Phillips<\/p>\n<p>Make e Hair \u2013 Carolina Minni<\/p>\n<p>Figurino \u2013 Duda Bilsland<\/p>\n<p>Catering \u2013 Paula Zippe<\/p>\n<p>Produtora Executiva \u2013 Priscila Moraes<\/p>\n<p>Atendimento \u2013 Fabio Peixoto<\/p>\n<p>Fotos \u2013 Jo\u00e3o Voltolini<\/p>\n<p>Assistente de fotografia \u2013 Pedro Buglione<\/p>\n<p>Equipe Karsten<\/p>\n<p>Gerente de Marketing \u2013 Joana Fuchs Campestrini<\/p>\n<p>Coordenadora de Marketing \u2013 Ana Paula Moreira<\/p>\n<p>Supervisora de Marketing \u2013 Carla Heidemann Vieira<\/p>\n<p>Cria\u00e7\u00e3o e Roteiro \u2013 Maria Elisa Conninck<\/p>\n<p>Conte\u00fado \u2013 Janaina Baade Bachmann, Camila Vit\u00f3ria Coelho<\/p>\n","protected":false},"excerpt":{"rendered":"A Karsten lan\u00e7ou hoje a campanha de Natal \u201cA magia de estar juntos\u201d, desenvolvida para resgatar o afeto,&hellip;\n","protected":false},"author":2,"featured_media":172939,"comment_status":"","ping_status":"","sticky":false,"template":"","format":"standard","meta":{"footnotes":""},"categories":[84],"tags":[109,107,108,32,33,105,103,104,106,110],"class_list":{"0":"post-172938","1":"post","2":"type-post","3":"status-publish","4":"format-standard","5":"has-post-thumbnail","7":"category-ciencia-e-tecnologia","8":"tag-ciencia","9":"tag-ciencia-e-tecnologia","10":"tag-cienciaetecnologia","11":"tag-portugal","12":"tag-pt","13":"tag-science","14":"tag-science-and-technology","15":"tag-scienceandtechnology","16":"tag-technology","17":"tag-tecnologia"},"share_on_mastodon":{"url":"https:\/\/pubeurope.com\/@pt\/115649678157506410","error":""},"_links":{"self":[{"href":"https:\/\/www.europesays.com\/pt\/wp-json\/wp\/v2\/posts\/172938","targetHints":{"allow":["GET"]}}],"collection":[{"href":"https:\/\/www.europesays.com\/pt\/wp-json\/wp\/v2\/posts"}],"about":[{"href":"https:\/\/www.europesays.com\/pt\/wp-json\/wp\/v2\/types\/post"}],"author":[{"embeddable":true,"href":"https:\/\/www.europesays.com\/pt\/wp-json\/wp\/v2\/users\/2"}],"replies":[{"embeddable":true,"href":"https:\/\/www.europesays.com\/pt\/wp-json\/wp\/v2\/comments?post=172938"}],"version-history":[{"count":0,"href":"https:\/\/www.europesays.com\/pt\/wp-json\/wp\/v2\/posts\/172938\/revisions"}],"wp:featuredmedia":[{"embeddable":true,"href":"https:\/\/www.europesays.com\/pt\/wp-json\/wp\/v2\/media\/172939"}],"wp:attachment":[{"href":"https:\/\/www.europesays.com\/pt\/wp-json\/wp\/v2\/media?parent=172938"}],"wp:term":[{"taxonomy":"category","embeddable":true,"href":"https:\/\/www.europesays.com\/pt\/wp-json\/wp\/v2\/categories?post=172938"},{"taxonomy":"post_tag","embeddable":true,"href":"https:\/\/www.europesays.com\/pt\/wp-json\/wp\/v2\/tags?post=172938"}],"curies":[{"name":"wp","href":"https:\/\/api.w.org\/{rel}","templated":true}]}}