{"id":172942,"date":"2025-12-02T11:14:12","date_gmt":"2025-12-02T11:14:12","guid":{"rendered":"https:\/\/www.europesays.com\/pt\/172942\/"},"modified":"2025-12-02T11:14:12","modified_gmt":"2025-12-02T11:14:12","slug":"espanha-mobiliza-117-militares-para-controlar-foco-de-peste-suina-que-pode-ter-tido-origem-numa-sandes","status":"publish","type":"post","link":"https:\/\/www.europesays.com\/pt\/172942\/","title":{"rendered":"Espanha mobiliza 117 militares para controlar foco de peste su\u00edna que pode ter tido origem numa sandes"},"content":{"rendered":"<p>\t                &#8220;Possibilidade de que o v\u00edrus venha do abandono de um enchido contaminado numa sandes \u00e9 muito alta&#8221;, avisa conselheiro catal\u00e3o sobre casos de Peste Su\u00edna Africana (PSA) detetados em javalis<\/p>\n<p>As autoridades espanholas disseram que a Peste Su\u00edna Africana (PSA) detetada em javalis na Catalunha pode ter tido origem numa sandes com um enchido deixada na zona e mobilizaram 117 militares para o parque natural de Collserola.<\/p>\n<p>Os 117 elementos da Unidade Militar de Emerg\u00eancias (UME), com 25 ve\u00edculos, juntaram-se a outras 300 efetivos da pol\u00edcia regional da Catalunha (nordeste de Espanha), da Prote\u00e7\u00e3o Civil e Guardas Florestais, entre outras entidades, que est\u00e3o no terreno em trabalhos de controlo, captura de animais e desinfe\u00e7\u00e3o.<\/p>\n<p>Segundo o governo regional da Catalunha, a hip\u00f3tese mais prov\u00e1vel neste momento \u00e9 que a PSA &#8211; que foi confirmada em javalis selvagens encontrados mortos no parque de Collserola &#8211; tenha chegado ao local &#8220;por estrada&#8221;, num enchido contaminado, provavelmente dentro de uma sandes abandonada nas imedia\u00e7\u00f5es.<\/p>\n<p>&#8220;\u00c9 muito cedo para saber qual \u00e9 a origem do foco de peste su\u00edna africana. Ainda assim, a possibilidade de que o v\u00edrus venha do abandono de um enchido contaminado numa sandes \u00e9 muito alta. O foco foi detetado numa zona onde circulam muitos cami\u00f5es e onde h\u00e1 \u00e1reas de servi\u00e7o. A possibilidade de que um javali tenha ingerido comida infetada \u00e9 elevada&#8221;, disse o conselheiro catal\u00e3o (equivalente a ministro num governo nacional) da Agricultura, \u00d2scar Ordeig, numa confer\u00eancia de imprensa.<\/p>\n<p>\u00d2scar Ordeig sublinhou que a PSA n\u00e3o foi detetada em nenhuma das explora\u00e7\u00f5es agr\u00edcolas e de animais que existem na regi\u00e3o.<\/p>\n<p>At\u00e9 agora, o v\u00edrus foi confirmado em dois javalis selvagens do parque natural, na sexta-feira passada, e h\u00e1 mais oito casos suspeitos que est\u00e3o em an\u00e1lise, segundo as autoridades.<\/p>\n<p>Os acessos a um per\u00edmetro de v\u00e1rios quil\u00f3metros do parque est\u00e3o fechados desde sexta-feira e j\u00e1 foram analisados 40 animais.<\/p>\n<p>O v\u00edrus da PSA n\u00e3o se transmite aos humanos, mesmo que comam carne infetada, mas pode ser transportado em rodas de carros, solas de cal\u00e7ado ou outros materiais e objetos e tem uma elevada taxa de mortalidade nos su\u00ednos e nos javalis.<\/p>\n<p>N\u00e3o havia registo de casos de PSA cana em Espanha desde 1994.<\/p>\n<p>\u00d2scar Ordeig afirmou hoje que dentro da Uni\u00e3o Europeia h\u00e1 mecanismos eficazes de vigil\u00e2ncia para evitar que carne ou derivados contaminados com PSA cheguem ao mercado, mas n\u00e3o \u00e9 assim fora do bloco europeu.<\/p>\n<p>T\u00e9cnicos do Minist\u00e9rio da Agricultura de Espanha e da Comiss\u00e3o Europeia est\u00e3o a caminho da Catalunha para acompanhar os trabalhos de controlo e conten\u00e7\u00e3o do foco detetado, confirmou o executivo auton\u00f3mico.<\/p>\n<p>O ministro da Agricultura espanhol, Luis Planas, apelou hoje &#8220;\u00e0 tranquilidade dos consumidores&#8221; e disse que est\u00e1 garantida a seguran\u00e7a alimentar da carne de porco e outros produtos.<\/p>\n<p>Espanha \u00e9 o maior produtor de carne de porco da Uni\u00e3o Europeia e o terceiro maior do mundo. Exporta anualmente 8.800 milh\u00f5es de euros de carne de porco.<\/p>\n<p>Por causa dos casos detetados na Catalunha em javalis selvagens, foram j\u00e1 suspensas importa\u00e7\u00f5es por cerca de 40 pa\u00edses.<\/p>\n<p>Um dos maiores destinos da carne de porco espanhola \u00e9 a China, que reconheceu que o foco est\u00e1 localizado e limitou o bloqueio de importa\u00e7\u00e3o \u00e0 carne e produtos oriundos da prov\u00edncia de Barcelona, a capital da Catalunha e a zona onde est\u00e1 localizado o parque de Collserola.<\/p>\n<p>Na sexta-feira, a Dire\u00e7\u00e3o-Geral de Alimenta\u00e7\u00e3o e Veterin\u00e1ria (DGAV) de Portugal apelou ao refor\u00e7o das medidas de seguran\u00e7a contra a PSA ap\u00f3s ter sido detetada na Catalunha, nas imedia\u00e7\u00f5es do campus da Universidade Aut\u00f3noma de Barcelona.<\/p>\n<p>A DGAV apelou ao cumprimento das medidas de seguran\u00e7a nas explora\u00e7\u00f5es, \u00e0 limpeza e desinfe\u00e7\u00e3o dos ve\u00edculos, bem como \u00e0 ado\u00e7\u00e3o de boas pr\u00e1ticas de ca\u00e7a.<\/p>\n<p>Por outro lado, disse que devem ser eliminados corretamente os subprodutos e que a alimenta\u00e7\u00e3o de porcos com lavaduras, restos de cozinha e de mesa \u00e9 proibida.<\/p>\n<p>A DGAV pediu tamb\u00e9m que n\u00e3o sejam deixados restos de comida acess\u00edveis aos javalis.<\/p>\n","protected":false},"excerpt":{"rendered":"&#8220;Possibilidade de que o v\u00edrus venha do abandono de um enchido contaminado numa sandes \u00e9 muito alta&#8221;, avisa&hellip;\n","protected":false},"author":2,"featured_media":172943,"comment_status":"","ping_status":"","sticky":false,"template":"","format":"standard","meta":{"footnotes":""},"categories":[50],"tags":[609,836,611,24726,27,28,8629,607,608,36114,333,832,604,135,610,476,640,15,16,301,830,14,35838,603,25,26,570,21,22,831,833,62,834,12,13,19,20,835,602,35950,52,32,23,24,36113,17,18,29,30,31,63,64,65],"class_list":{"0":"post-172942","1":"post","2":"type-post","3":"status-publish","4":"format-standard","5":"has-post-thumbnail","7":"category-mundo","8":"tag-alerta","9":"tag-analise","10":"tag-ao-minuto","11":"tag-autoridades","12":"tag-breaking-news","13":"tag-breakingnews","14":"tag-catalunha","15":"tag-cnn","16":"tag-cnn-portugal","17":"tag-collserola","18":"tag-comentadores","19":"tag-costa","20":"tag-crime","21":"tag-desporto","22":"tag-direto","23":"tag-economia","24":"tag-espanha","25":"tag-featured-news","26":"tag-featurednews","27":"tag-governo","28":"tag-guerra","29":"tag-headlines","30":"tag-javalis","31":"tag-justica","32":"tag-latest-news","33":"tag-latestnews","34":"tag-live","35":"tag-main-news","36":"tag-mainnews","37":"tag-mais-vistas","38":"tag-marcelo","39":"tag-mundo","40":"tag-negocios","41":"tag-news","42":"tag-noticias","43":"tag-noticias-principais","44":"tag-noticiasprincipais","45":"tag-opiniao","46":"tag-pais","47":"tag-peste-suina","48":"tag-politica","49":"tag-portugal","50":"tag-principais-noticias","51":"tag-principaisnoticias","52":"tag-sandes","53":"tag-top-stories","54":"tag-topstories","55":"tag-ultimas","56":"tag-ultimas-noticias","57":"tag-ultimasnoticias","58":"tag-world","59":"tag-world-news","60":"tag-worldnews"},"share_on_mastodon":{"url":"","error":"Validation failed: Text character limit of 500 exceeded"},"_links":{"self":[{"href":"https:\/\/www.europesays.com\/pt\/wp-json\/wp\/v2\/posts\/172942","targetHints":{"allow":["GET"]}}],"collection":[{"href":"https:\/\/www.europesays.com\/pt\/wp-json\/wp\/v2\/posts"}],"about":[{"href":"https:\/\/www.europesays.com\/pt\/wp-json\/wp\/v2\/types\/post"}],"author":[{"embeddable":true,"href":"https:\/\/www.europesays.com\/pt\/wp-json\/wp\/v2\/users\/2"}],"replies":[{"embeddable":true,"href":"https:\/\/www.europesays.com\/pt\/wp-json\/wp\/v2\/comments?post=172942"}],"version-history":[{"count":0,"href":"https:\/\/www.europesays.com\/pt\/wp-json\/wp\/v2\/posts\/172942\/revisions"}],"wp:featuredmedia":[{"embeddable":true,"href":"https:\/\/www.europesays.com\/pt\/wp-json\/wp\/v2\/media\/172943"}],"wp:attachment":[{"href":"https:\/\/www.europesays.com\/pt\/wp-json\/wp\/v2\/media?parent=172942"}],"wp:term":[{"taxonomy":"category","embeddable":true,"href":"https:\/\/www.europesays.com\/pt\/wp-json\/wp\/v2\/categories?post=172942"},{"taxonomy":"post_tag","embeddable":true,"href":"https:\/\/www.europesays.com\/pt\/wp-json\/wp\/v2\/tags?post=172942"}],"curies":[{"name":"wp","href":"https:\/\/api.w.org\/{rel}","templated":true}]}}