{"id":172944,"date":"2025-12-02T11:16:16","date_gmt":"2025-12-02T11:16:16","guid":{"rendered":"https:\/\/www.europesays.com\/pt\/172944\/"},"modified":"2025-12-02T11:16:16","modified_gmt":"2025-12-02T11:16:16","slug":"a-inutilidade-de-mais-um-titulo-mundial","status":"publish","type":"post","link":"https:\/\/www.europesays.com\/pt\/172944\/","title":{"rendered":"A inutilidade de mais um t\u00edtulo mundial"},"content":{"rendered":"<p class=\"category\"><a href=\"https:\/\/sicnoticias.pt\/desporto\" rel=\"nofollow noopener\" target=\"_blank\">Desporto<\/a><\/p>\n<p class=\"status custom opiniao\">Opini\u00e3o<\/p>\n<p><strong>Opini\u00e3o de Jo\u00e3o Rosado. <\/strong>Quem manda no futebol n\u00e3o est\u00e1 interessado no devido aproveitamento dos campe\u00f5es de Sub-17.<\/p>\n<ul>\n<li>Facebook<\/li>\n<li>Whatsapp<\/li>\n<li>Twitter<\/li>\n<li>Linkedin<\/li>\n<li>Mail<\/li>\n<li\/><\/ul>\n<p><img decoding=\"async\" src=\"https:\/\/www.europesays.com\/pt\/wp-content\/uploads\/2025\/12\/1764674176_444_original.webp\" alt=\"A inutilidade de mais um t\u00edtulo mundial\"\/><\/p>\n<p><strong>O presidente da FIFA fez a pergunta errada a Pedro Proen\u00e7a enquanto o felicitava pela conquista do Campeonato do Mundo de Sub-17. Gianni Infantino quis saber junto do l\u00edder da Federa\u00e7\u00e3o Portuguesa de Futebol como \u00e9 que Portugal, sendo um pa\u00eds t\u00e3o pequeno, com poucos milh\u00f5es de habitantes, conseguia produzir tanto talento.<\/strong><\/p>\n<p>Admitindo que o talento \u00e9 pass\u00edvel de produ\u00e7\u00e3o, para usar os termos de Infantino, o que este devia ter perguntado \u00e9 por que motivo Portugal n\u00e3o consegue reter as promessas futebol\u00edsticas que d\u00e9cada ap\u00f3s d\u00e9cada nascem em territ\u00f3rio nacional.<\/p>\n<p>Essa \u00e9 quest\u00e3o essencial que responde \u00e0s d\u00favidas que o pa\u00eds inteiro volta a levantar no que diz respeito ao grau de aproveitamento dos jovens craques que trouxeram o terceiro t\u00edtulo mundial para casa 34 anos depois da monumental conquista de Lisboa no escal\u00e3o Sub-20.<\/p>\n<p>Na final disputada em Doha, s\u00f3 no onze inicial o Benfica tinha seis elementos, com outros tr\u00eas a marcarem presen\u00e7a no banco, sendo que Tom\u00e1s Soares, ao contr\u00e1rio de Ricardo Neto e Miguel Figueiredo, ainda teve oportunidade para disputar os \u00faltimos 13 minutos diante da \u00c1ustria. H\u00e1 tr\u00eas anos, quando as \u00e1guias conquistaram um t\u00edtulo intercontinental (1-0 ao Pe\u00f1arol) depois de terem vencido no mesmo ano a Youth League (goleada de 6-0 ao RB Salzburgo), um pouco a exemplo do que sucedeu agora com os pupilos de Bino Ma\u00e7\u00e3es, tamb\u00e9m as expectativas eram elevad\u00edssimas a prop\u00f3sito da capacidade que poderiam revelar no topo da pir\u00e2mide.<\/p>\n<p>Denes Erdos \/\/ AP<\/p>\n<p>A verdade \u00e9 que da lista de vencedores em Montevideu, apenas Jo\u00e3o Neves conseguiu afirmar-se na primeira categoria e\u2026 durou pouco a sua perman\u00eancia na Luz. A raiz do problema n\u00e3o \u00e9 outra, at\u00e9 porque \u00e9 f\u00e1cil reconhecer que nem todos os atletas t\u00eam as mesmas condi\u00e7\u00f5es para chegar ao cume.<\/p>\n<p>Face a qualidades acima da m\u00e9dia, nomes como Samuel Soares, Diogo Prioste e Nuno F\u00e9lix (a recuperar de grave les\u00e3o) \u201csobrevivem\u201d do lote de 2022 e fazem parte do atual plantel sob as ordens de Jos\u00e9 Mourinho, sendo certo que a partir do momento em que agarrem uma oportunidade passam a ter os dias contados na realidade dom\u00e9stica.<\/p>\n<p>Qualquer diamante que brilhe com relativa consist\u00eancia na Liga aciona de forma autom\u00e1tica o risco de uma r\u00e1pida transfer\u00eancia para o exterior, interrompendo uma progress\u00e3o gradual quer a n\u00edvel individual quer a n\u00edvel coletivo. Dos jogadores de campo que fizeram parte do primeiro contigente lusitano a ganhar a Youth League, nenhum est\u00e1 ao servi\u00e7o de Francesco Farioli, restando o guardi\u00e3o Diogo Costa como o representante do FC Porto que em 2019 derrotou o Chelsea por 3-1.<\/p>\n<p>CHRISTOPHER NEUNDORF<\/p>\n<p>O \u201cmilagre\u201d da perman\u00eancia de Diogo no Drag\u00e3o contrasta com a circunst\u00e2ncia de Vitinha, putativo Bola de Ouro em 2026, ter sido suplente nessa final com os londrinos e de ter feito uma \u00fanica \u00e9poca de princ\u00edpio a fim com a camisola principal dos portistas. Assim que se afirmou na plenitude em 2021\/22, Vitinha foi logo contratado pelo PSG, que se aproveitou do olhar cl\u00ednico de Lu\u00eds Campos e da preciosa informa\u00e7\u00e3o sobre a d\u00e9bil situa\u00e7\u00e3o econ\u00f3mica do emblema na altura ainda dirigido por Pinto da Costa.<\/p>\n<p>Sem qualquer problema real do ponto de vista financeiro, o cr\u00f3nico campe\u00e3o de Fran\u00e7a fez com o m\u00e9dio que cumpriu quase toda a forma\u00e7\u00e3o na Invicta aquilo que repetiria dois anos depois com Jo\u00e3o Neves e\u2026 que j\u00e1 tinha feito em 2021 com Nuno Mendes, outro s\u00e9rio candidato ao trof\u00e9u de melhor jogador do Mundo e que s\u00f3 teve \u201cdireito\u201d a uma temporada completa no Sporting que Ruben Amorim devolveu ao estrelato.<\/p>\n<p>Aurelien Morissard<\/p>\n<p>Enquanto n\u00e3o mudarem as regras, enquanto a UEFA n\u00e3o se preocupar em nivelar verdadeiramente o futebol, \u00e9 escusado fingir-se t\u00e3o escandalizada com as propostas originais da Superliga europeia, como se n\u00e3o continuasse sobretudo interessada em defender os interesses dos mais ricos e poderosos.<\/p>\n<p>Podia come\u00e7ar por impor um limite m\u00ednimo de jogadores nacionais no onze inicial de cada clube participante nas competi\u00e7\u00f5es uefeiras. De certeza que ajudaria a democratizar as hip\u00f3teses dos que v\u00e3o a Doha para levantar trof\u00e9us e n\u00e3o para levantar os cheques que fabricam o talento daqueles que na Liga dos Campe\u00f5es h\u00e1 muito tornaram in\u00fateis as perguntas.<\/p>\n","protected":false},"excerpt":{"rendered":"Desporto Opini\u00e3o Opini\u00e3o de Jo\u00e3o Rosado. Quem manda no futebol n\u00e3o est\u00e1 interessado no devido aproveitamento dos campe\u00f5es&hellip;\n","protected":false},"author":2,"featured_media":35726,"comment_status":"","ping_status":"","sticky":false,"template":"","format":"standard","meta":{"footnotes":""},"categories":[8],"tags":[27,28,15,16,14,25,26,21,22,12,13,19,20,32,23,24,33,17,18,29,30,31],"class_list":{"0":"post-172944","1":"post","2":"type-post","3":"status-publish","4":"format-standard","5":"has-post-thumbnail","7":"category-principais-noticias","8":"tag-breaking-news","9":"tag-breakingnews","10":"tag-featured-news","11":"tag-featurednews","12":"tag-headlines","13":"tag-latest-news","14":"tag-latestnews","15":"tag-main-news","16":"tag-mainnews","17":"tag-news","18":"tag-noticias","19":"tag-noticias-principais","20":"tag-noticiasprincipais","21":"tag-portugal","22":"tag-principais-noticias","23":"tag-principaisnoticias","24":"tag-pt","25":"tag-top-stories","26":"tag-topstories","27":"tag-ultimas","28":"tag-ultimas-noticias","29":"tag-ultimasnoticias"},"share_on_mastodon":{"url":"https:\/\/pubeurope.com\/@pt\/115649694501031373","error":""},"_links":{"self":[{"href":"https:\/\/www.europesays.com\/pt\/wp-json\/wp\/v2\/posts\/172944","targetHints":{"allow":["GET"]}}],"collection":[{"href":"https:\/\/www.europesays.com\/pt\/wp-json\/wp\/v2\/posts"}],"about":[{"href":"https:\/\/www.europesays.com\/pt\/wp-json\/wp\/v2\/types\/post"}],"author":[{"embeddable":true,"href":"https:\/\/www.europesays.com\/pt\/wp-json\/wp\/v2\/users\/2"}],"replies":[{"embeddable":true,"href":"https:\/\/www.europesays.com\/pt\/wp-json\/wp\/v2\/comments?post=172944"}],"version-history":[{"count":0,"href":"https:\/\/www.europesays.com\/pt\/wp-json\/wp\/v2\/posts\/172944\/revisions"}],"wp:featuredmedia":[{"embeddable":true,"href":"https:\/\/www.europesays.com\/pt\/wp-json\/wp\/v2\/media\/35726"}],"wp:attachment":[{"href":"https:\/\/www.europesays.com\/pt\/wp-json\/wp\/v2\/media?parent=172944"}],"wp:term":[{"taxonomy":"category","embeddable":true,"href":"https:\/\/www.europesays.com\/pt\/wp-json\/wp\/v2\/categories?post=172944"},{"taxonomy":"post_tag","embeddable":true,"href":"https:\/\/www.europesays.com\/pt\/wp-json\/wp\/v2\/tags?post=172944"}],"curies":[{"name":"wp","href":"https:\/\/api.w.org\/{rel}","templated":true}]}}