{"id":172945,"date":"2025-12-02T11:17:12","date_gmt":"2025-12-02T11:17:12","guid":{"rendered":"https:\/\/www.europesays.com\/pt\/172945\/"},"modified":"2025-12-02T11:17:12","modified_gmt":"2025-12-02T11:17:12","slug":"meus-peoezinhos-presentes-record","status":"publish","type":"post","link":"https:\/\/www.europesays.com\/pt\/172945\/","title":{"rendered":"\u2018Meus pe\u00f5ezinhos presentes\u2019 \u2013 Record"},"content":{"rendered":"<p><img decoding=\"async\" data-chromatic=\"ignore\" alt=\"\" class=\"c-image\" loading=\"lazy\" src=\"https:\/\/www.europesays.com\/pt\/wp-content\/uploads\/2025\/12\/CSPYPGJVPJFJJBJL2C6LM56FIY.png\"  width=\"677\" height=\"339\"\/>Galisteu comemorou a presen\u00e7a de Michelle e Shia Reprodu\u00e7\u00e3o\/Instagram <\/p>\n<p class=\"jarvics:base-text-neutral-high-400 base-text-[calc(theme(fontSize.xs)_*_var(--font-size,_1))] base-font-normal base-font-primary base-text-neutral-low-500 base-text-left\">Nem s\u00f3 de <a href=\"https:\/\/record.r7.com\/a-fazenda\/a-fazenda-17\/\" rel=\"nofollow noopener\" title=\"https:\/\/record.r7.com\/a-fazenda\/a-fazenda-17\/\" target=\"_blank\"><b>A Fazenda<\/b><\/a> vive <a href=\"https:\/\/record.r7.com\/a-fazenda\/a-fazenda-17\/adriane-galisteu\/\" rel=\"nofollow noopener\" title=\"https:\/\/record.r7.com\/a-fazenda\/a-fazenda-17\/adriane-galisteu\/\" target=\"_blank\"><b>Adriane Galisteu<\/b><\/a>! Cheia de experi\u00eancias para compartilhar, a apresentadora do reality rural lan\u00e7ou o livro autoral Menopausa sem mist\u00e9rios, em parceria com o m\u00e9dico Andr\u00e9 Vin\u00edcius, na noite desta segunda (1\u00ba) e foi prestigiada por ex-pe\u00f5es e apresentadores da <b>RECORD<\/b>. <\/p>\n<ul class=\"b-article-body__list-unordered\">\n<li><b>Quer ficar por dentro de tudo que est\u00e1 acontecendo em\u00a0<\/b><b>A Fazenda 17<\/b><b>?\u00a0<\/b><a href=\"https:\/\/www.whatsapp.com\/channel\/0029Va2cJIR1noz2ahzX0D1N\" target=\"_blank\" rel=\"noreferrer nofollow noopener\" title=\"https:\/\/www.whatsapp.com\/channel\/0029Va2cJIR1noz2ahzX0D1N\"><b>Clique aqui<\/b><\/a><b>\u00a0e fa\u00e7a parte do nosso canal no WhatsApp!<\/b><\/li>\n<\/ul>\n<p class=\"jarvics:base-text-neutral-high-400 base-text-[calc(theme(fontSize.xs)_*_var(--font-size,_1))] base-font-normal base-font-primary base-text-neutral-low-500 base-text-left\">Al\u00e9m da fam\u00edlia e amigos da apresentadora, <a href=\"https:\/\/record.r7.com\/a-fazenda\/a-fazenda-17\/peoes\/michelle-barros\" target=\"_self\" rel=\"nofollow noopener\" title=\"https:\/\/record.r7.com\/a-fazenda\/a-fazenda-17\/peoes\/michelle-barros\"><b>Michelle Barros<\/b><\/a>, <a href=\"https:\/\/record.r7.com\/a-fazenda\/a-fazenda-17\/peoes\/shia-phoenix\" target=\"_self\" rel=\"nofollow noopener\" title=\"https:\/\/record.r7.com\/a-fazenda\/a-fazenda-17\/peoes\/shia-phoenix\"><b>Shia Phoenix<\/b><\/a> e Carolina Ferraz marcaram presen\u00e7a no lan\u00e7amento e garantiram um exemplar autografado pela autora. Os internautas ficaram por dentro de tudo que rolou; se liga!<\/p>\n<p class=\"jarvics:base-text-neutral-high-400 base-text-[calc(theme(fontSize.xs)_*_var(--font-size,_1))] base-font-normal base-font-primary base-text-neutral-low-500 base-text-left\">No seu perfil oficial, Galisteu divulgou takes dos melhores momentos, incluindo o encontro com a apresentadora do <a href=\"https:\/\/record.r7.com\/domingo-espetacular\/\" target=\"_self\" rel=\"nofollow noopener\" title=\"https:\/\/record.r7.com\/domingo-espetacular\/\"><b>Domingo Espetacular<\/b><\/a> e os ex-pe\u00f5es do reality rural. <\/p>\n<p class=\"jarvics:base-text-neutral-high-400 base-text-[calc(theme(fontSize.xs)_*_var(--font-size,_1))] base-font-normal base-font-primary base-text-neutral-low-500 base-text-left\">Na sess\u00e3o de fotos com Michelle e Shia, a loira comemorou: \u201cMeus pe\u00f5ezinhos presentes no meu lan\u00e7amento\u201d. <\/p>\n<p class=\"jarvics:base-text-neutral-high-400 base-text-[calc(theme(fontSize.xs)_*_var(--font-size,_1))] base-font-normal base-font-primary base-text-neutral-low-500 base-text-left\">Al\u00e9m dela, a jornalista serviu detalhes da noite aos seguidores. \u201c\u00c9 leitura obrigat\u00f3ria! Trabalho lindo que tira todos os mitos sobre o tema! E foi uma del\u00edcia estar com a Dri e com tanta gente bacana\u201c, escreveu Michelle sobre a obra. <\/p>\n<p class=\"jarvics:base-text-neutral-high-400 base-text-[calc(theme(fontSize.xs)_*_var(--font-size,_1))] base-font-normal base-font-primary base-text-neutral-low-500 base-text-left\">Os internautas deixaram uma chuva de elogios nos coment\u00e1rios. \u201cAssunto super pertinente e que precisamos falar ainda mais sobre. A Dri arrasou\u201c, disparou uma seguidora. Outra observou: \u201dMiShia como sempre indicando conhecimento\u201c. <\/p>\n<p><b>Confira:<\/b> <\/p>\n<p class=\"jarvics:base-text-neutral-high-400 base-text-[calc(theme(fontSize.xs)_*_var(--font-size,_1))] base-font-normal base-font-primary base-text-neutral-low-500 base-text-left\">Fique ligado! <a href=\"https:\/\/record.r7.com\/a-fazenda\/a-fazenda-17\/\" rel=\"nofollow noopener\" title=\"https:\/\/record.r7.com\/a-fazenda\/a-fazenda-17\/\" target=\"_blank\"><b>A Fazenda 17<\/b><\/a> vai ao ar de segunda a domingo, \u00e0s 22h30, na tela da <a href=\"https:\/\/record.r7.com\/\" rel=\"nofollow noopener\" target=\"_blank\"><b>RECORD<\/b><\/a>. Assine o <a href=\"https:\/\/www.recordplus.com\/home\" rel=\"nofollow noopener\" title=\"https:\/\/www.recordplus.com\/home\" target=\"_blank\"><b>RecordPlus<\/b><\/a> e tenha acesso \u00e0s c\u00e2meras 24 horas.<\/p>\n<p><b>Treta da calcinha, bate-boca e mais: pe\u00f5es apontam Reis do Drama em din\u00e2mica de <\/b><b>A Fazenda 17<\/b><\/p>\n<p class=\"jarvics:base-text-neutral-high-400 base-text-[calc(theme(fontSize.xxs)_*_var(--font-size,_1))] base-font-semibold base-font-primary base-text-neutral-low-500 base-text-left\">A segunda-feira pede uma din\u00e2mica de apontamento de balan\u00e7ar o deck em A Fazenda 17! Os dez pe\u00f5es restantes na disputa ficaram cara a cara na din\u00e2mica para revelar qual advers\u00e1rio \u00e9 o verdadeiro &#8220;Rei do Drama&#8221;; confira as escolhas!<\/p>\n","protected":false},"excerpt":{"rendered":"Galisteu comemorou a presen\u00e7a de Michelle e Shia Reprodu\u00e7\u00e3o\/Instagram Nem s\u00f3 de A Fazenda vive Adriane Galisteu! Cheia&hellip;\n","protected":false},"author":2,"featured_media":172946,"comment_status":"","ping_status":"","sticky":false,"template":"","format":"standard","meta":{"footnotes":""},"categories":[145],"tags":[657,3433,211,210,114,115,17001,32,33,26042],"class_list":{"0":"post-172945","1":"post","2":"type-post","3":"status-publish","4":"format-standard","5":"has-post-thumbnail","7":"category-celebridades","8":"tag-a-fazenda","9":"tag-adriane-galisteu","10":"tag-celebridades","11":"tag-celebrities","12":"tag-entertainment","13":"tag-entretenimento","14":"tag-michelle-barros","15":"tag-portugal","16":"tag-pt","17":"tag-shia-phoenix"},"share_on_mastodon":{"url":"https:\/\/pubeurope.com\/@pt\/115649697930504778","error":""},"_links":{"self":[{"href":"https:\/\/www.europesays.com\/pt\/wp-json\/wp\/v2\/posts\/172945","targetHints":{"allow":["GET"]}}],"collection":[{"href":"https:\/\/www.europesays.com\/pt\/wp-json\/wp\/v2\/posts"}],"about":[{"href":"https:\/\/www.europesays.com\/pt\/wp-json\/wp\/v2\/types\/post"}],"author":[{"embeddable":true,"href":"https:\/\/www.europesays.com\/pt\/wp-json\/wp\/v2\/users\/2"}],"replies":[{"embeddable":true,"href":"https:\/\/www.europesays.com\/pt\/wp-json\/wp\/v2\/comments?post=172945"}],"version-history":[{"count":0,"href":"https:\/\/www.europesays.com\/pt\/wp-json\/wp\/v2\/posts\/172945\/revisions"}],"wp:featuredmedia":[{"embeddable":true,"href":"https:\/\/www.europesays.com\/pt\/wp-json\/wp\/v2\/media\/172946"}],"wp:attachment":[{"href":"https:\/\/www.europesays.com\/pt\/wp-json\/wp\/v2\/media?parent=172945"}],"wp:term":[{"taxonomy":"category","embeddable":true,"href":"https:\/\/www.europesays.com\/pt\/wp-json\/wp\/v2\/categories?post=172945"},{"taxonomy":"post_tag","embeddable":true,"href":"https:\/\/www.europesays.com\/pt\/wp-json\/wp\/v2\/tags?post=172945"}],"curies":[{"name":"wp","href":"https:\/\/api.w.org\/{rel}","templated":true}]}}