{"id":172960,"date":"2025-12-02T11:30:17","date_gmt":"2025-12-02T11:30:17","guid":{"rendered":"https:\/\/www.europesays.com\/pt\/172960\/"},"modified":"2025-12-02T11:30:17","modified_gmt":"2025-12-02T11:30:17","slug":"mora-so-falta-concretizar-o-sonho-de-ser-campeao-e-festejar-nos-aliados","status":"publish","type":"post","link":"https:\/\/www.europesays.com\/pt\/172960\/","title":{"rendered":"Mora: \u00abS\u00f3 falta concretizar o sonho de ser campe\u00e3o e festejar nos Aliados\u00bb"},"content":{"rendered":"<p style=\"margin-bottom:11px\">Rodrigo Mora foi eleito pelos s\u00f3cios do FC Porto para a categoria de \u201cFutebolista\u201d dos Drag\u00f5es de Ouro 2025. O jovem avan\u00e7ado recolheu mais votos do que Samu, Marcano e Nico Gonz\u00e1lez, e surgiu na sequ\u00eancia de um momento de magia de Lu\u00eds de Matos.<\/p>\n<p>Depois de 11 golos e quatro assist\u00eancias em 35 jogos pela equipa principal em 2024\/25, Mora leva tr\u00eas golos em 16 jogos.<\/p>\n<p>No momento de discursar, o internacional jovem portugu\u00eas apontou a novos sonhos: \u00ab\u00c9 uma honra enorme receber este pr\u00e9mio. Em 2023 recebi o Drag\u00e3o de Ouro jovem e prometi dar o meu m\u00e1ximo. Hoje repito o mesmo. H\u00e1 um ano concretizei o sonho de me estrear pela equipa principal. S\u00f3 falta concretizar o sonho de ser campe\u00e3o e festejar nos Aliados\u00bb.<\/p>\n","protected":false},"excerpt":{"rendered":"Rodrigo Mora foi eleito pelos s\u00f3cios do FC Porto para a categoria de \u201cFutebolista\u201d dos Drag\u00f5es de Ouro&hellip;\n","protected":false},"author":2,"featured_media":172961,"comment_status":"","ping_status":"","sticky":false,"template":"","format":"standard","meta":{"footnotes":""},"categories":[8],"tags":[27,28,36116,36115,282,15,16,14,25,26,36,21,22,46,10586,12,13,19,20,462,32,23,24,33,47,2435,17,18,29,30,31],"class_list":{"0":"post-172960","1":"post","2":"type-post","3":"status-publish","4":"format-standard","5":"has-post-thumbnail","7":"category-principais-noticias","8":"tag-breaking-news","9":"tag-breakingnews","10":"tag-dragoes-de-ouro","11":"tag-dragoes-ouro","12":"tag-fc-porto","13":"tag-featured-news","14":"tag-featurednews","15":"tag-headlines","16":"tag-latest-news","17":"tag-latestnews","18":"tag-liga","19":"tag-main-news","20":"tag-mainnews","21":"tag-maisfutebol","22":"tag-mora","23":"tag-news","24":"tag-noticias","25":"tag-noticias-principais","26":"tag-noticiasprincipais","27":"tag-porto","28":"tag-portugal","29":"tag-principais-noticias","30":"tag-principaisnoticias","31":"tag-pt","32":"tag-pura-paixao","33":"tag-rodrigo-mora","34":"tag-top-stories","35":"tag-topstories","36":"tag-ultimas","37":"tag-ultimas-noticias","38":"tag-ultimasnoticias"},"share_on_mastodon":{"url":"https:\/\/pubeurope.com\/@pt\/115649749025636589","error":""},"_links":{"self":[{"href":"https:\/\/www.europesays.com\/pt\/wp-json\/wp\/v2\/posts\/172960","targetHints":{"allow":["GET"]}}],"collection":[{"href":"https:\/\/www.europesays.com\/pt\/wp-json\/wp\/v2\/posts"}],"about":[{"href":"https:\/\/www.europesays.com\/pt\/wp-json\/wp\/v2\/types\/post"}],"author":[{"embeddable":true,"href":"https:\/\/www.europesays.com\/pt\/wp-json\/wp\/v2\/users\/2"}],"replies":[{"embeddable":true,"href":"https:\/\/www.europesays.com\/pt\/wp-json\/wp\/v2\/comments?post=172960"}],"version-history":[{"count":0,"href":"https:\/\/www.europesays.com\/pt\/wp-json\/wp\/v2\/posts\/172960\/revisions"}],"wp:featuredmedia":[{"embeddable":true,"href":"https:\/\/www.europesays.com\/pt\/wp-json\/wp\/v2\/media\/172961"}],"wp:attachment":[{"href":"https:\/\/www.europesays.com\/pt\/wp-json\/wp\/v2\/media?parent=172960"}],"wp:term":[{"taxonomy":"category","embeddable":true,"href":"https:\/\/www.europesays.com\/pt\/wp-json\/wp\/v2\/categories?post=172960"},{"taxonomy":"post_tag","embeddable":true,"href":"https:\/\/www.europesays.com\/pt\/wp-json\/wp\/v2\/tags?post=172960"}],"curies":[{"name":"wp","href":"https:\/\/api.w.org\/{rel}","templated":true}]}}