{"id":172978,"date":"2025-12-02T11:46:16","date_gmt":"2025-12-02T11:46:16","guid":{"rendered":"https:\/\/www.europesays.com\/pt\/172978\/"},"modified":"2025-12-02T11:46:16","modified_gmt":"2025-12-02T11:46:16","slug":"edificio-de-praticas-musicais-universidade-dos-andes-carolina-jaimes-juan-esteban-lopez-alejandro-puentes","status":"publish","type":"post","link":"https:\/\/www.europesays.com\/pt\/172978\/","title":{"rendered":"Edif\u00edcio de Pr\u00e1ticas Musicais, Universidade dos Andes \/ Carolina Jaimes + Juan Esteban L\u00f3pez + Alejandro Puentes"},"content":{"rendered":"<p><a class=\"js-image-size__link \" href=\"https:\/\/www.archdaily.com.br\/br\/1036449\/edificio-de-praticas-musicais-universidade-dos-andes-carolina-jaimes-plus-juan-esteban-lopez-plus-alejandro-puentes\/692414a8d7b695017d46edd7-music-practice-building-university-of-the-andes-carolina-jaimes-plus-juan-esteban-lopez-plus-alejandro-puentes-photo\" rel=\"attachment nofollow noopener\" style=\"width: 100%; height: 100%;\" target=\"_blank\"><img decoding=\"async\" alt=\"Edif\u00edcio de Pr\u00e1ticas Musicais, Universidade dos Andes \/ Carolina Jaimes + Juan Esteban L\u00f3pez + Alejandro Puentes - Imagem 1 de 16\" data-nr-picture-id=\"692414a8d7b695017d46edd7\" fetchpriority=\"high\" height=\"407\" itemprop=\"image\" loading=\"eager\" longdesc=\"https:\/\/www.archdaily.com.br\/br\/1036449\/edificio-de-praticas-musicais-universidade-dos-andes-carolina-jaimes-plus-juan-esteban-lopez-plus-alejandro-puentes\/692414a8d7b695017d46edd7-music-practice-building-university-of-the-andes-carolina-jaimes-plus-juan-esteban-lopez-plus-alejandro-puentes-photo\" src=\"https:\/\/www.europesays.com\/pt\/wp-content\/uploads\/2025\/12\/edificio-de-practicas-musicales-universidad-de-los-andes-carolina-jaimes-plus-juan-esteban-lopez-plu.jpeg\" style=\"min-height: var(--featured-height, auto); aspect-ratio: auto 640 \/ 407\" width=\"640\"\/><\/a>\u00a9 M\u00f3nica Barreneche<\/p>\n<p class=\"thumbs afd-desktop-e clearfix\"><a class=\"thumbs__link\" data-nr-picture-id=\"692414a8292429107b845499\" href=\"https:\/\/www.archdaily.com.br\/br\/1036449\/edificio-de-praticas-musicais-universidade-dos-andes-carolina-jaimes-plus-juan-esteban-lopez-plus-alejandro-puentes\/692414a8292429107b845499-music-practice-building-university-of-the-andes-carolina-jaimes-plus-juan-esteban-lopez-plus-alejandro-puentes-photo\" rel=\"attachment nofollow noopener\" target=\"_blank\"><img loading=\"lazy\" decoding=\"async\" alt=\"Edif\u00edcio de Pr\u00e1ticas Musicais, Universidade dos Andes \/ Carolina Jaimes + Juan Esteban L\u00f3pez + Alejandro Puentes - Fotografia de Exterior, Concreto\" class=\"thumbs__img b-lazy\" data-nr-picture-id=\"692414a8292429107b845499\" data-pin-nopin=\"true\" src=\"https:\/\/www.europesays.com\/pt\/wp-content\/uploads\/2025\/12\/1764675970_694_edificio-de-practicas-musicales-universidad-de-los-andes-carolina-jaimes-plus-juan-esteban-lopez-plu.jpeg\" height=\"125\" longdesc=\"https:\/\/www.archdaily.com.br\/br\/1036449\/edificio-de-praticas-musicais-universidade-dos-andes-carolina-jaimes-plus-juan-esteban-lopez-plus-alejandro-puentes\/692414a8292429107b845499-music-practice-building-university-of-the-andes-carolina-jaimes-plus-juan-esteban-lopez-plus-alejandro-puentes-photo\" title=\"\u00a9 M\u00f3nica Barreneche\" width=\"125\"\/><\/a><a class=\"thumbs__link\" data-nr-picture-id=\"692414a9d7b695017d46edd8\" href=\"https:\/\/www.archdaily.com.br\/br\/1036449\/edificio-de-praticas-musicais-universidade-dos-andes-carolina-jaimes-plus-juan-esteban-lopez-plus-alejandro-puentes\/692414a9d7b695017d46edd8-music-practice-building-university-of-the-andes-carolina-jaimes-plus-juan-esteban-lopez-plus-alejandro-puentes-photo\" rel=\"attachment nofollow noopener\" target=\"_blank\"><img loading=\"lazy\" decoding=\"async\" alt=\"Edif\u00edcio de Pr\u00e1ticas Musicais, Universidade dos Andes \/ Carolina Jaimes + Juan Esteban L\u00f3pez + Alejandro Puentes - Fotografia de Interiores, Madeira\" class=\"thumbs__img b-lazy\" data-nr-picture-id=\"692414a9d7b695017d46edd8\" data-pin-nopin=\"true\" src=\"https:\/\/www.europesays.com\/pt\/wp-content\/uploads\/2025\/12\/1764675970_859_edificio-de-practicas-musicales-universidad-de-los-andes-carolina-jaimes-plus-juan-esteban-lopez-plu.jpeg\" height=\"125\" longdesc=\"https:\/\/www.archdaily.com.br\/br\/1036449\/edificio-de-praticas-musicais-universidade-dos-andes-carolina-jaimes-plus-juan-esteban-lopez-plus-alejandro-puentes\/692414a9d7b695017d46edd8-music-practice-building-university-of-the-andes-carolina-jaimes-plus-juan-esteban-lopez-plus-alejandro-puentes-photo\" title=\"\u00a9 M\u00f3nica Barreneche\" width=\"125\"\/><\/a><a class=\"thumbs__link\" data-nr-picture-id=\"692414aad7b695017d46edda\" href=\"https:\/\/www.archdaily.com.br\/br\/1036449\/edificio-de-praticas-musicais-universidade-dos-andes-carolina-jaimes-plus-juan-esteban-lopez-plus-alejandro-puentes\/692414aad7b695017d46edda-music-practice-building-university-of-the-andes-carolina-jaimes-plus-juan-esteban-lopez-plus-alejandro-puentes-photo\" rel=\"attachment nofollow noopener\" target=\"_blank\"><img loading=\"lazy\" decoding=\"async\" alt=\"Edif\u00edcio de Pr\u00e1ticas Musicais, Universidade dos Andes \/ Carolina Jaimes + Juan Esteban L\u00f3pez + Alejandro Puentes - Imagem 4 de 16\" class=\"thumbs__img b-lazy\" data-nr-picture-id=\"692414aad7b695017d46edda\" data-pin-nopin=\"true\" src=\"https:\/\/www.europesays.com\/pt\/wp-content\/uploads\/2025\/12\/1764675970_498_edificio-de-practicas-musicales-universidad-de-los-andes-carolina-jaimes-plus-juan-esteban-lopez-plu.jpeg\" height=\"125\" longdesc=\"https:\/\/www.archdaily.com.br\/br\/1036449\/edificio-de-praticas-musicais-universidade-dos-andes-carolina-jaimes-plus-juan-esteban-lopez-plus-alejandro-puentes\/692414aad7b695017d46edda-music-practice-building-university-of-the-andes-carolina-jaimes-plus-juan-esteban-lopez-plus-alejandro-puentes-photo\" title=\"\u00a9 M\u00f3nica Barreneche\" width=\"125\"\/><\/a><a class=\"thumbs__link\" data-nr-picture-id=\"692414a9292429107b84549a\" href=\"https:\/\/www.archdaily.com.br\/br\/1036449\/edificio-de-praticas-musicais-universidade-dos-andes-carolina-jaimes-plus-juan-esteban-lopez-plus-alejandro-puentes\/692414a9292429107b84549a-music-practice-building-university-of-the-andes-carolina-jaimes-plus-juan-esteban-lopez-plus-alejandro-puentes-photo\" rel=\"attachment nofollow noopener\" target=\"_blank\"><img loading=\"lazy\" decoding=\"async\" alt=\"Edif\u00edcio de Pr\u00e1ticas Musicais, Universidade dos Andes \/ Carolina Jaimes + Juan Esteban L\u00f3pez + Alejandro Puentes - Imagem 5 de 16\" class=\"thumbs__img b-lazy\" data-nr-picture-id=\"692414a9292429107b84549a\" data-pin-nopin=\"true\" src=\"https:\/\/www.europesays.com\/pt\/wp-content\/uploads\/2025\/12\/1764675971_724_edificio-de-practicas-musicales-universidad-de-los-andes-carolina-jaimes-plus-juan-esteban-lopez-plu.jpeg\" height=\"125\" longdesc=\"https:\/\/www.archdaily.com.br\/br\/1036449\/edificio-de-praticas-musicais-universidade-dos-andes-carolina-jaimes-plus-juan-esteban-lopez-plus-alejandro-puentes\/692414a9292429107b84549a-music-practice-building-university-of-the-andes-carolina-jaimes-plus-juan-esteban-lopez-plus-alejandro-puentes-photo\" title=\"\u00a9 M\u00f3nica Barreneche\" width=\"125\"\/><\/a><a class=\"gallery-link afd-desktop-e\" href=\"https:\/\/www.archdaily.com.br\/br\/1036449\/edificio-de-praticas-musicais-universidade-dos-andes-carolina-jaimes-plus-juan-esteban-lopez-plus-alejandro-puentes\/692414a8d7b695017d46edd7-music-practice-building-university-of-the-andes-carolina-jaimes-plus-juan-esteban-lopez-plus-alejandro-puentes-photo\" rel=\"nofollow noopener\" target=\"_blank\"><img decoding=\"async\" alt=\"Edif\u00edcio de Pr\u00e1ticas Musicais, Universidade dos Andes \/ Carolina Jaimes + Juan Esteban L\u00f3pez + Alejandro Puentes - Mais Imagens\" class=\"thumbs__img b-lazy\" src=\"https:\/\/www.europesays.com\/pt\/wp-content\/uploads\/2025\/12\/edificio-de-practicas-musicales-universidad-de-los-andes-carolina-jaimes-plus-juan-esteban-lopez-plu.jpeg\" itemprop=\"image\" bad-src=\"data:image\/gif;base64,R0lGODlhAQABAIAAAAUEBAAAACwAAAAAAQABAAACAkQBADs=\"\/>+ 11<\/a><\/p>\n<p>    Compartilhar<\/p>\n<p>Compartilhar<\/p>\n<ul class=\"afd-share__networks clearfix\">\n<li class=\"afd-share__social\"><a aria-label=\"Facebook\" class=\"afd-share__button\" data-insights-category=\"share\" data-insights-label=\"facebook_sharing_options\" data-insights-value=\"1036449\" data-social=\"facebook\" href=\"https:\/\/www.facebook.com\/sharer\/sharer.php?u=https:\/\/www.archdaily.com.br\/br\/1036449\/edificio-de-praticas-musicais-universidade-dos-andes-carolina-jaimes-plus-juan-esteban-lopez-plus-alejandro-puentes\" rel=\"nofollow noopener\" target=\"_blank\"><\/a>\n<p>Facebook<\/p>\n<\/li>\n<li class=\"afd-share__social\"><a aria-label=\"Twitter\" class=\"afd-share__button\" data-insights-category=\"share\" data-insights-label=\"twitter_sharing_options\" data-insights-value=\"1036449\" data-social=\"twitter\" href=\"https:\/\/twitter.com\/intent\/tweet?text=Edif%C3%ADcio%20de%20Pr%C3%A1ticas%20Musicais%2C%20Universidade%20dos%20Andes%20%2F%20Carolina%20Jaimes%20%2B%20Juan%20Esteban%20L%C3%B3pez%20%2B%20Alejandro%20Puentes&amp;url=https:\/\/www.archdaily.com.br\/br\/1036449\/edificio-de-praticas-musicais-universidade-dos-andes-carolina-jaimes-plus-juan-esteban-lopez-plus-alejandro-puentes&amp;via=archdailybr\" rel=\"nofollow noopener\" target=\"_blank\"><\/a>\n<p>Twitter<\/p>\n<\/li>\n<li class=\"afd-share__social\"><a class=\"afd-share__button\" data-insights-category=\"share\" data-insights-label=\"email_sharing_options\" data-insights-value=\"1036449\" data-social=\"email\" href=\"mailto:?subject=Edif\u00edcio de Pr\u00e1ticas Musicais, Universidade dos Andes \/ Carolina Jaimes + Juan Esteban L\u00f3pez + Alejandro Puentes&amp;body=https:\/\/www.archdaily.com.br\/br\/1036449\/edificio-de-praticas-musicais-universidade-dos-andes-carolina-jaimes-plus-juan-esteban-lopez-plus-alejandro-puentes\"><\/a>\n<p>Mail<\/p>\n<\/li>\n<li class=\"afd-share__social\"><a aria-label=\"Pinterest\" class=\"afd-share__button\" data-insights-category=\"share\" data-insights-label=\"pinterest_sharing_options\" data-insights-value=\"1036449\" data-social=\"pinterest\" href=\"https:\/\/pinterest.com\/pin\/create\/button\/?url=https%3A%2F%2Fwww.archdaily.com.br%2Fbr%2F1036449%2Fedificio-de-praticas-musicais-universidade-dos-andes-carolina-jaimes-plus-juan-esteban-lopez-plus-alejandro-puentes&amp;media=https%3A%2F%2Fimages.adsttc.com%2Fmedia%2Fimages%2F6924%2F14a8%2Fd7b6%2F9501%2F7d46%2Fedd7%2Flarge_jpg%2Fedificio-de-practicas-musicales-universidad-de-los-andes-carolina-jaimes-plus-juan-esteban-lopez-plus-alejandro-puentes_9.jpg%3F1763972284&amp;description=Edif%C3%ADcio%20de%20Pr%C3%A1ticas%20Musicais%2C%20Universidade%20dos%20Andes%20%2F%20Carolina%20Jaimes%20%2B%20Juan%20Esteban%20L%C3%B3pez%20%2B%20Alejandro%20Puentes\" rel=\"nofollow noopener\" target=\"_blank\"><\/a>\n<p>Pinterest<\/p>\n<\/li>\n<li class=\"afd-share__social\"><a aria-label=\"Whatsapp\" class=\"afd-share__button\" data-action=\"share\/whatsapp\/share\" data-insights-category=\"share\" data-insights-label=\"whatsapp_sharing_options\" data-insights-value=\"1036449\" data-social=\"whatsapp\" href=\"whatsapp:\/\/send?text=Edif%C3%ADcio+de+Pr%C3%A1ticas+Musicais%2C+Universidade+dos+Andes+%2F+Carolina+Jaimes+%2B+Juan+Esteban+L%C3%B3pez+%2B+Alejandro+Puentes+%7C+https%3A%2F%2Fwww.archdaily.com.br%2Fbr%2F1036449%2Fedificio-de-praticas-musicais-universidade-dos-andes-carolina-jaimes-plus-juan-esteban-lopez-plus-alejandro-puentes%3Futm_source%3DWhatsapp%26utm_medium%3DIM%26utm_campaign%3Dshare-button\" rel=\"nofollow\"><\/a>\n<p>Whatsapp<\/p>\n<\/li>\n<\/ul>\n<p>Ou<\/p>\n<p>https:\/\/www.archdaily.com.br\/br\/1036449\/edificio-de-praticas-musicais-universidade-dos-andes-carolina-jaimes-plus-juan-esteban-lopez-plus-alejandro-puentes<br \/>\n<a class=\"js-image-size__link lazy-anchor\" href=\"https:\/\/www.archdaily.com.br\/br\/1036449\/edificio-de-praticas-musicais-universidade-dos-andes-carolina-jaimes-plus-juan-esteban-lopez-plus-alejandro-puentes\/692414a861382e0e09c71e59-music-practice-building-university-of-the-andes-carolina-jaimes-plus-juan-esteban-lopez-plus-alejandro-puentes-photo\" rel=\"nofollow noopener\" target=\"_blank\"><img decoding=\"async\" alt=\"Edif\u00edcio de Pr\u00e1ticas Musicais, Universidade dos Andes \/ Carolina Jaimes + Juan Esteban L\u00f3pez + Alejandro Puentes - Imagem 10 de 16\" data-nr-picture-id=\"692414a861382e0e09c71e59\" height=\"427\" itemprop=\"image\" loading=\"lazy\" longdesc=\"https:\/\/www.archdaily.com.br\/br\/1036449\/edificio-de-praticas-musicais-universidade-dos-andes-carolina-jaimes-plus-juan-esteban-lopez-plus-alejandro-puentes\/692414a861382e0e09c71e59-music-practice-building-university-of-the-andes-carolina-jaimes-plus-juan-esteban-lopez-plus-alejandro-puentes-photo\" src=\"https:\/\/www.europesays.com\/pt\/wp-content\/uploads\/2025\/12\/1764675971_387_edificio-de-practicas-musicales-universidad-de-los-andes-carolina-jaimes-plus-juan-esteban-lopez-plu.jpeg\" width=\"640\"\/>\u00a9 M\u00f3nica Barreneche<\/a><\/p>\n<p>Descri\u00e7\u00e3o enviada pela equipe de projeto. RESSON\u00c2NCIAS CONTIDAS<strong> &#8211; <\/strong>Entre o sil\u00eancio do concreto e o eco da madeira, um novo edif\u00edcio surge com discri\u00e7\u00e3o no campus da Universidade dos Andes. A &#8220;Caixa de M\u00fasica&#8221; \u00e9 uma pe\u00e7a que cont\u00e9m mais do que mostra: uma arquitetura que n\u00e3o busca se impor, mas sim ressoar.<\/p>\n<p><a class=\"js-image-size__link lazy-anchor\" href=\"https:\/\/www.archdaily.com.br\/br\/1036449\/edificio-de-praticas-musicais-universidade-dos-andes-carolina-jaimes-plus-juan-esteban-lopez-plus-alejandro-puentes\/692414aad7b695017d46edda-music-practice-building-university-of-the-andes-carolina-jaimes-plus-juan-esteban-lopez-plus-alejandro-puentes-photo\" rel=\"nofollow noopener\" target=\"_blank\"><img decoding=\"async\" alt=\"Edif\u00edcio de Pr\u00e1ticas Musicais, Universidade dos Andes \/ Carolina Jaimes + Juan Esteban L\u00f3pez + Alejandro Puentes - Imagem 4 de 16\" data-nr-picture-id=\"692414aad7b695017d46edda\" height=\"427\" itemprop=\"image\" loading=\"lazy\" longdesc=\"https:\/\/www.archdaily.com.br\/br\/1036449\/edificio-de-praticas-musicais-universidade-dos-andes-carolina-jaimes-plus-juan-esteban-lopez-plus-alejandro-puentes\/692414aad7b695017d46edda-music-practice-building-university-of-the-andes-carolina-jaimes-plus-juan-esteban-lopez-plus-alejandro-puentes-photo\" src=\"https:\/\/www.europesays.com\/pt\/wp-content\/uploads\/2025\/12\/1764675972_943_edificio-de-practicas-musicales-universidad-de-los-andes-carolina-jaimes-plus-juan-esteban-lopez-plu.jpeg\" width=\"640\"\/>\u00a9 M\u00f3nica Barreneche<\/a><\/p>\n<p>Concebido em 2017 a partir de um concurso para graduados menores de 40 anos, o projeto reuniu os arquitetos Carolina Jaimes, Juan Esteban L\u00f3pez e Alejandro Puentes, tr\u00eas amigos formados na mesma universidade. &#8220;Nunca hav\u00edamos trabalhado juntos, mas achamos que era uma oportunidade para fazer algo interessante&#8221;, lembra L\u00f3pez. A convocat\u00f3ria, organizada pela Faculdade de Arquitetura e o Departamento de M\u00fasica, buscava uma proposta que respondesse a um duplo desafio: dotar a universidade de espa\u00e7os especializados para a pr\u00e1tica musical e, ao mesmo tempo, preservar o equil\u00edbrio urbano e paisag\u00edstico de um campus com valor patrimonial.<\/p>\n<p><a class=\"js-image-size__link lazy-anchor\" href=\"https:\/\/www.archdaily.com.br\/br\/1036449\/edificio-de-praticas-musicais-universidade-dos-andes-carolina-jaimes-plus-juan-esteban-lopez-plus-alejandro-puentes\/692414a861382e0e09c71e57-music-practice-building-university-of-the-andes-carolina-jaimes-plus-juan-esteban-lopez-plus-alejandro-puentes-photo\" rel=\"nofollow noopener\" target=\"_blank\"><img decoding=\"async\" alt=\"Edif\u00edcio de Pr\u00e1ticas Musicais, Universidade dos Andes \/ Carolina Jaimes + Juan Esteban L\u00f3pez + Alejandro Puentes - Fotografia de Interiores, Madeira\" data-nr-picture-id=\"692414a861382e0e09c71e57\" height=\"427\" itemprop=\"image\" loading=\"lazy\" longdesc=\"https:\/\/www.archdaily.com.br\/br\/1036449\/edificio-de-praticas-musicais-universidade-dos-andes-carolina-jaimes-plus-juan-esteban-lopez-plus-alejandro-puentes\/692414a861382e0e09c71e57-music-practice-building-university-of-the-andes-carolina-jaimes-plus-juan-esteban-lopez-plus-alejandro-puentes-photo\" src=\"https:\/\/www.europesays.com\/pt\/wp-content\/uploads\/2025\/12\/1764675972_59_edificio-de-practicas-musicales-universidad-de-los-andes-carolina-jaimes-plus-juan-esteban-lopez-plu.jpeg\" width=\"640\"\/>\u00a9 M\u00f3nica Barreneche<\/a><\/p>\n<p>Sete anos depois, a constru\u00e7\u00e3o de 750 metros quadrados se materializou como um volume silencioso, semienterrado entre a Faculdade de Arquitetura e o Campito de San Jos\u00e9, um antigo pavilh\u00e3o que tem sido n\u00facleo social, cultural e art\u00edstico da universidade. &#8220;Quer\u00edamos conectar o campus, mas de uma forma quase silenciosa&#8221;, explica Puentes. Dois ter\u00e7os do edif\u00edcio s\u00e3o subterr\u00e2neos, um gesto que n\u00e3o s\u00f3 responde a raz\u00f5es ac\u00fasticas, mas tamb\u00e9m \u00e0 inten\u00e7\u00e3o de manter a visualiza\u00e7\u00e3o desobstru\u00edda em dire\u00e7\u00e3o aos montes orientais.<\/p>\n<p><a class=\"js-image-size__link lazy-anchor\" href=\"https:\/\/www.archdaily.com.br\/br\/1036449\/edificio-de-praticas-musicais-universidade-dos-andes-carolina-jaimes-plus-juan-esteban-lopez-plus-alejandro-puentes\/692414a861382e0e09c71e5a-music-practice-building-university-of-the-andes-carolina-jaimes-plus-juan-esteban-lopez-plus-alejandro-puentes-photo\" rel=\"nofollow noopener\" target=\"_blank\"><img decoding=\"async\" alt=\"Edif\u00edcio de Pr\u00e1ticas Musicais, Universidade dos Andes \/ Carolina Jaimes + Juan Esteban L\u00f3pez + Alejandro Puentes - Imagem 7 de 16\" data-nr-picture-id=\"692414a861382e0e09c71e5a\" height=\"427\" itemprop=\"image\" loading=\"lazy\" longdesc=\"https:\/\/www.archdaily.com.br\/br\/1036449\/edificio-de-praticas-musicais-universidade-dos-andes-carolina-jaimes-plus-juan-esteban-lopez-plus-alejandro-puentes\/692414a861382e0e09c71e5a-music-practice-building-university-of-the-andes-carolina-jaimes-plus-juan-esteban-lopez-plus-alejandro-puentes-photo\" src=\"https:\/\/www.europesays.com\/pt\/wp-content\/uploads\/2025\/12\/1764675972_550_edificio-de-practicas-musicales-universidad-de-los-andes-carolina-jaimes-plus-juan-esteban-lopez-plu.jpeg\" width=\"640\"\/>\u00a9 M\u00f3nica Barreneche<\/a><\/p>\n<p>Do exterior, o edif\u00edcio \u00e9 percebido como uma massa s\u00f3bria de concreto aparente. N\u00e3o h\u00e1 ornamenta\u00e7\u00e3o nem estrid\u00eancia: apenas uma presen\u00e7a contida que parece esperar para ser descoberta. Em seu centro, um vazio rompe a compacidade do volume e introduz luz natural nos n\u00edveis inferiores. Este vazio \u2014 mais do que um simples \u00e1trio \u2014 funciona como espa\u00e7o de encontro, ensaio e performance, um lugar onde o som se expande livremente antes de voltar a ser contido.<\/p>\n<p><a class=\"js-image-size__link lazy-anchor\" href=\"https:\/\/www.archdaily.com.br\/br\/1036449\/edificio-de-praticas-musicais-universidade-dos-andes-carolina-jaimes-plus-juan-esteban-lopez-plus-alejandro-puentes\/692414a961382e0e09c71e5b-music-practice-building-university-of-the-andes-carolina-jaimes-plus-juan-esteban-lopez-plus-alejandro-puentes-photo\" rel=\"nofollow noopener\" target=\"_blank\"><img decoding=\"async\" alt=\"Edif\u00edcio de Pr\u00e1ticas Musicais, Universidade dos Andes \/ Carolina Jaimes + Juan Esteban L\u00f3pez + Alejandro Puentes - Imagem 13 de 16\" data-nr-picture-id=\"692414a961382e0e09c71e5b\" height=\"427\" itemprop=\"image\" loading=\"lazy\" longdesc=\"https:\/\/www.archdaily.com.br\/br\/1036449\/edificio-de-praticas-musicais-universidade-dos-andes-carolina-jaimes-plus-juan-esteban-lopez-plus-alejandro-puentes\/692414a961382e0e09c71e5b-music-practice-building-university-of-the-andes-carolina-jaimes-plus-juan-esteban-lopez-plus-alejandro-puentes-photo\" src=\"https:\/\/www.europesays.com\/pt\/wp-content\/uploads\/2025\/12\/1764675973_767_edificio-de-practicas-musicales-universidad-de-los-andes-carolina-jaimes-plus-juan-esteban-lopez-plu.jpeg\" width=\"640\"\/>\u00a9 M\u00f3nica Barreneche<\/a><\/p>\n<p>O espa\u00e7o como instrumento &#8211; O nome &#8220;A Caixa de M\u00fasica&#8221; surgiu de maneira simult\u00e2nea nas conversas da equipe e no edital do concurso. &#8220;N\u00f3s come\u00e7amos a falar da caixa de m\u00fasica\u2026 e depois percebemos que no edital\u00a0tamb\u00e9m a chamavam assim&#8221;, lembra Jaimes. A coincid\u00eancia se tornou um eixo conceitual: um edif\u00edcio concebido como um instrumento arquitet\u00f4nico que, ao abrir-se, deixa sair seu som.<\/p>\n<p><a class=\"js-image-size__link lazy-anchor\" href=\"https:\/\/www.archdaily.com.br\/br\/1036449\/edificio-de-praticas-musicais-universidade-dos-andes-carolina-jaimes-plus-juan-esteban-lopez-plus-alejandro-puentes\/692414a9292429107b84549b-music-practice-building-university-of-the-andes-carolina-jaimes-plus-juan-esteban-lopez-plus-alejandro-puentes-photo\" rel=\"nofollow noopener\" target=\"_blank\"><img decoding=\"async\" alt=\"Edif\u00edcio de Pr\u00e1ticas Musicais, Universidade dos Andes \/ Carolina Jaimes + Juan Esteban L\u00f3pez + Alejandro Puentes - Imagem 12 de 16\" data-nr-picture-id=\"692414a9292429107b84549b\" height=\"427\" itemprop=\"image\" loading=\"lazy\" longdesc=\"https:\/\/www.archdaily.com.br\/br\/1036449\/edificio-de-praticas-musicais-universidade-dos-andes-carolina-jaimes-plus-juan-esteban-lopez-plus-alejandro-puentes\/692414a9292429107b84549b-music-practice-building-university-of-the-andes-carolina-jaimes-plus-juan-esteban-lopez-plus-alejandro-puentes-photo\" src=\"https:\/\/www.europesays.com\/pt\/wp-content\/uploads\/2025\/12\/1764675973_293_edificio-de-practicas-musicales-universidad-de-los-andes-carolina-jaimes-plus-juan-esteban-lopez-plu.jpeg\" width=\"640\"\/>\u00a9 M\u00f3nica Barreneche<\/a><\/p>\n<p>O programa \u00e9 organizado em tr\u00eas n\u00edveis que respondem a diferentes intensidades ac\u00fasticas. Nos pavimentos inferiores est\u00e3o as salas de ensaio e grava\u00e7\u00e3o, projetadas sob o princ\u00edpio de box-in-a-box, um sistema que desacopla cada recinto da estrutura principal para eliminar vibra\u00e7\u00f5es e garantir isolamento absoluto. Os testes e c\u00e1lculos foram desenvolvidos com a colabora\u00e7\u00e3o da WSDG, empresa de ac\u00fastica com sede em Miami, e do engenheiro colombiano Daniel Duplat, que adaptaram os padr\u00f5es internacionais \u00e0s condi\u00e7\u00f5es tropicais de Bogot\u00e1, marcadas pela umidade e pela altitude.<\/p>\n<p><a class=\"js-image-size__link lazy-anchor\" href=\"https:\/\/www.archdaily.com.br\/br\/1036449\/edificio-de-praticas-musicais-universidade-dos-andes-carolina-jaimes-plus-juan-esteban-lopez-plus-alejandro-puentes\/692414a9d7b695017d46edd8-music-practice-building-university-of-the-andes-carolina-jaimes-plus-juan-esteban-lopez-plus-alejandro-puentes-photo\" rel=\"nofollow noopener\" target=\"_blank\"><img decoding=\"async\" alt=\"Edif\u00edcio de Pr\u00e1ticas Musicais, Universidade dos Andes \/ Carolina Jaimes + Juan Esteban L\u00f3pez + Alejandro Puentes - Fotografia de Interiores, Madeira\" data-nr-picture-id=\"692414a9d7b695017d46edd8\" height=\"427\" itemprop=\"image\" loading=\"lazy\" longdesc=\"https:\/\/www.archdaily.com.br\/br\/1036449\/edificio-de-praticas-musicais-universidade-dos-andes-carolina-jaimes-plus-juan-esteban-lopez-plus-alejandro-puentes\/692414a9d7b695017d46edd8-music-practice-building-university-of-the-andes-carolina-jaimes-plus-juan-esteban-lopez-plus-alejandro-puentes-photo\" src=\"https:\/\/www.europesays.com\/pt\/wp-content\/uploads\/2025\/12\/1764675973_321_edificio-de-practicas-musicales-universidad-de-los-andes-carolina-jaimes-plus-juan-esteban-lopez-plu.jpeg\" width=\"640\"\/>\u00a9 M\u00f3nica Barreneche<\/a><\/p>\n<p>Os n\u00edveis superiores abrigam zonas de circula\u00e7\u00e3o, cabines de controle e espa\u00e7os comuns que promovem a intera\u00e7\u00e3o entre m\u00fasicos e arquitetos. &#8220;Quer\u00edamos que fosse um lugar onde os estudantes pudessem se encontrar de maneira informal, onde o som n\u00e3o fosse limitado, mas circulasse&#8221;, explica Jaimes. O vazio central atua como c\u00e2mara de resson\u00e2ncia entre os distintos pavimentos, gerando um ambiente vibrante e mut\u00e1vel conforme a hora do dia ou o tipo de atividade.<\/p>\n<p><a class=\"js-image-size__link lazy-anchor\" href=\"https:\/\/www.archdaily.com.br\/br\/1036449\/edificio-de-praticas-musicais-universidade-dos-andes-carolina-jaimes-plus-juan-esteban-lopez-plus-alejandro-puentes\/692414aa292429107b84549c-music-practice-building-university-of-the-andes-carolina-jaimes-plus-juan-esteban-lopez-plus-alejandro-puentes-photo\" rel=\"nofollow noopener\" target=\"_blank\"><img decoding=\"async\" alt=\"Edif\u00edcio de Pr\u00e1ticas Musicais, Universidade dos Andes \/ Carolina Jaimes + Juan Esteban L\u00f3pez + Alejandro Puentes - Imagem 11 de 16\" data-nr-picture-id=\"692414aa292429107b84549c\" height=\"427\" itemprop=\"image\" loading=\"lazy\" longdesc=\"https:\/\/www.archdaily.com.br\/br\/1036449\/edificio-de-praticas-musicais-universidade-dos-andes-carolina-jaimes-plus-juan-esteban-lopez-plus-alejandro-puentes\/692414aa292429107b84549c-music-practice-building-university-of-the-andes-carolina-jaimes-plus-juan-esteban-lopez-plus-alejandro-puentes-photo\" src=\"https:\/\/www.europesays.com\/pt\/wp-content\/uploads\/2025\/12\/1764675974_553_edificio-de-practicas-musicales-universidad-de-los-andes-carolina-jaimes-plus-juan-esteban-lopez-plu.jpeg\" width=\"640\"\/>\u00a9 M\u00f3nica Barreneche<\/a><\/p>\n<p>A estrutura do edif\u00edcio se sustenta sobre duas grandes vigas de concreto que permitem liberar completamente o n\u00edvel inferior, criando um espa\u00e7o sem pilares ou interrup\u00e7\u00f5es visuais. &#8220;N\u00e3o h\u00e1 uma \u00fanica moldura vertical. Tudo \u00e9 vidro cont\u00ednuo&#8221;, aponta L\u00f3pez. Essa continuidade de planos gera uma sensa\u00e7\u00e3o de transpar\u00eancia arquitet\u00f4nica que contrasta com a densidade do material estrutural.<\/p>\n<p><a class=\"js-image-size__link lazy-anchor\" href=\"https:\/\/www.archdaily.com.br\/br\/1036449\/edificio-de-praticas-musicais-universidade-dos-andes-carolina-jaimes-plus-juan-esteban-lopez-plus-alejandro-puentes\/692414a9292429107b84549a-music-practice-building-university-of-the-andes-carolina-jaimes-plus-juan-esteban-lopez-plus-alejandro-puentes-photo\" rel=\"nofollow noopener\" target=\"_blank\"><img decoding=\"async\" alt=\"Edif\u00edcio de Pr\u00e1ticas Musicais, Universidade dos Andes \/ Carolina Jaimes + Juan Esteban L\u00f3pez + Alejandro Puentes - Imagem 5 de 16\" data-nr-picture-id=\"692414a9292429107b84549a\" height=\"427\" itemprop=\"image\" loading=\"lazy\" longdesc=\"https:\/\/www.archdaily.com.br\/br\/1036449\/edificio-de-praticas-musicais-universidade-dos-andes-carolina-jaimes-plus-juan-esteban-lopez-plus-alejandro-puentes\/692414a9292429107b84549a-music-practice-building-university-of-the-andes-carolina-jaimes-plus-juan-esteban-lopez-plus-alejandro-puentes-photo\" src=\"https:\/\/www.europesays.com\/pt\/wp-content\/uploads\/2025\/12\/1764675974_910_edificio-de-practicas-musicales-universidad-de-los-andes-carolina-jaimes-plus-juan-esteban-lopez-plu.jpeg\" width=\"640\"\/>\u00a9 M\u00f3nica Barreneche<\/a><\/p>\n<p>Dualidades materiais e sensoriais &#8211; A materialidade do edif\u00edcio estabelece um di\u00e1logo entre opostos: o frio do concreto e o quente da madeira, o opaco e o transl\u00facido, o pesado e o leve. &#8220;O contraste entre o t\u00e9cnico e o sensorial era fundamental&#8221;, comenta Jaimes. O concreto aparente confere uma sensa\u00e7\u00e3o de perman\u00eancia, enquanto os revestimentos de madeira clara no interior absorvem o som e o suavizam, transformando cada sala em um microclima ac\u00fastico.<\/p>\n<p><a class=\"js-image-size__link lazy-anchor\" href=\"https:\/\/www.archdaily.com.br\/br\/1036449\/edificio-de-praticas-musicais-universidade-dos-andes-carolina-jaimes-plus-juan-esteban-lopez-plus-alejandro-puentes\/692414a861382e0e09c71e58-music-practice-building-university-of-the-andes-carolina-jaimes-plus-juan-esteban-lopez-plus-alejandro-puentes-photo\" rel=\"nofollow noopener\" target=\"_blank\"><img decoding=\"async\" alt=\"Edif\u00edcio de Pr\u00e1ticas Musicais, Universidade dos Andes \/ Carolina Jaimes + Juan Esteban L\u00f3pez + Alejandro Puentes - Imagem 6 de 16\" data-nr-picture-id=\"692414a861382e0e09c71e58\" height=\"427\" itemprop=\"image\" loading=\"lazy\" longdesc=\"https:\/\/www.archdaily.com.br\/br\/1036449\/edificio-de-praticas-musicais-universidade-dos-andes-carolina-jaimes-plus-juan-esteban-lopez-plus-alejandro-puentes\/692414a861382e0e09c71e58-music-practice-building-university-of-the-andes-carolina-jaimes-plus-juan-esteban-lopez-plus-alejandro-puentes-photo\" src=\"https:\/\/www.europesays.com\/pt\/wp-content\/uploads\/2025\/12\/1764675975_608_edificio-de-practicas-musicales-universidad-de-los-andes-carolina-jaimes-plus-juan-esteban-lopez-plu.jpeg\" width=\"640\"\/>\u00a9 M\u00f3nica Barreneche<\/a><\/p>\n<p>As superf\u00edcies interiores foram projetadas com precis\u00e3o artesanal: pain\u00e9is angulados, molduras ocultas e juntas invis\u00edveis que evitam reverbera\u00e7\u00f5es indesejadas. A luz natural, filtrada atrav\u00e9s do vazio central, marca as paredes de madeira e revela sua textura com matizes mut\u00e1veis. O resultado \u00e9 uma atmosfera quente e envolvente, onde cada superf\u00edcie parece participar do ritmo do edif\u00edcio.<\/p>\n<p><a class=\"js-image-size__link lazy-anchor\" href=\"https:\/\/www.archdaily.com.br\/br\/1036449\/edificio-de-praticas-musicais-universidade-dos-andes-carolina-jaimes-plus-juan-esteban-lopez-plus-alejandro-puentes\/692414ac292429107b84549d-music-practice-building-university-of-the-andes-carolina-jaimes-plus-juan-esteban-lopez-plus-alejandro-puentes-photo\" rel=\"nofollow noopener\" target=\"_blank\"><img decoding=\"async\" alt=\"Edif\u00edcio de Pr\u00e1ticas Musicais, Universidade dos Andes \/ Carolina Jaimes + Juan Esteban L\u00f3pez + Alejandro Puentes - Imagem 8 de 16\" data-nr-picture-id=\"692414ac292429107b84549d\" height=\"427\" itemprop=\"image\" loading=\"lazy\" longdesc=\"https:\/\/www.archdaily.com.br\/br\/1036449\/edificio-de-praticas-musicais-universidade-dos-andes-carolina-jaimes-plus-juan-esteban-lopez-plus-alejandro-puentes\/692414ac292429107b84549d-music-practice-building-university-of-the-andes-carolina-jaimes-plus-juan-esteban-lopez-plus-alejandro-puentes-photo\" src=\"https:\/\/www.europesays.com\/pt\/wp-content\/uploads\/2025\/12\/1764675975_161_edificio-de-practicas-musicales-universidad-de-los-andes-carolina-jaimes-plus-juan-esteban-lopez-plu.jpeg\" width=\"640\"\/>\u00a9 M\u00f3nica Barreneche<\/a><\/p>\n<p>No exterior, o concreto adquire um papel paisag\u00edstico. A cor acinzentada do material se camufla com o c\u00e9u da cidade, enquanto os telhados verdes e os jardins de chuva com esp\u00e9cies nativas prolongam a topografia do campus. Os percursos pedonais se adaptam \u00e0 inclina\u00e7\u00e3o do terreno, conectando a Faculdade de Arquitetura com o Campito e resolvendo as rotas de acessibilidade sem alterar o car\u00e1ter do lugar. &#8220;O edif\u00edcio atua como uma conex\u00e3o silenciosa entre o tijolo patrimonial e o laranja dos edif\u00edcios vizinhos&#8221;, descreve L\u00f3pez.<\/p>\n<p><a class=\"js-image-size__link lazy-anchor\" href=\"https:\/\/www.archdaily.com.br\/br\/1036449\/edificio-de-praticas-musicais-universidade-dos-andes-carolina-jaimes-plus-juan-esteban-lopez-plus-alejandro-puentes\/692414a8292429107b845499-music-practice-building-university-of-the-andes-carolina-jaimes-plus-juan-esteban-lopez-plus-alejandro-puentes-photo\" rel=\"nofollow noopener\" target=\"_blank\"><img decoding=\"async\" alt=\"Edif\u00edcio de Pr\u00e1ticas Musicais, Universidade dos Andes \/ Carolina Jaimes + Juan Esteban L\u00f3pez + Alejandro Puentes - Fotografia de Exterior, Concreto\" data-nr-picture-id=\"692414a8292429107b845499\" height=\"427\" itemprop=\"image\" loading=\"lazy\" longdesc=\"https:\/\/www.archdaily.com.br\/br\/1036449\/edificio-de-praticas-musicais-universidade-dos-andes-carolina-jaimes-plus-juan-esteban-lopez-plus-alejandro-puentes\/692414a8292429107b845499-music-practice-building-university-of-the-andes-carolina-jaimes-plus-juan-esteban-lopez-plus-alejandro-puentes-photo\" src=\"https:\/\/www.europesays.com\/pt\/wp-content\/uploads\/2025\/12\/1764675975_365_edificio-de-practicas-musicales-universidad-de-los-andes-carolina-jaimes-plus-juan-esteban-lopez-plu.jpeg\" width=\"640\"\/>\u00a9 M\u00f3nica Barreneche<\/a><\/p>\n<p>Resson\u00e2ncia e mem\u00f3ria &#8211;<strong> <\/strong>Desde sua inaugura\u00e7\u00e3o em setembro de 2024, &#8220;A Caixa de M\u00fasica&#8221; se tornou um ponto de refer\u00eancia dentro da universidade. Sua presen\u00e7a discreta e sua versatilidade funcional a integraram \u00e0 vida cotidiana de estudantes e professores. &#8220;\u00c0s vezes as pessoas dizem: &#8216;Nos encontramos na Caixinha de M\u00fasica'&#8221;, comenta Puentes. Esse apelido, que no in\u00edcio parecia trivial, acabou sendo uma demonstra\u00e7\u00e3o do afeto que o edif\u00edcio gerou.<\/p>\n<p><a class=\"js-image-size__link lazy-anchor\" href=\"https:\/\/www.archdaily.com.br\/br\/1036449\/edificio-de-praticas-musicais-universidade-dos-andes-carolina-jaimes-plus-juan-esteban-lopez-plus-alejandro-puentes\/692414a9d7b695017d46edd9-music-practice-building-university-of-the-andes-carolina-jaimes-plus-juan-esteban-lopez-plus-alejandro-puentes-photo\" rel=\"nofollow noopener\" target=\"_blank\"><img decoding=\"async\" alt=\"Edif\u00edcio de Pr\u00e1ticas Musicais, Universidade dos Andes \/ Carolina Jaimes + Juan Esteban L\u00f3pez + Alejandro Puentes - Fotografia de Interiores, Cozinha\" data-nr-picture-id=\"692414a9d7b695017d46edd9\" height=\"427\" itemprop=\"image\" loading=\"lazy\" longdesc=\"https:\/\/www.archdaily.com.br\/br\/1036449\/edificio-de-praticas-musicais-universidade-dos-andes-carolina-jaimes-plus-juan-esteban-lopez-plus-alejandro-puentes\/692414a9d7b695017d46edd9-music-practice-building-university-of-the-andes-carolina-jaimes-plus-juan-esteban-lopez-plus-alejandro-puentes-photo\" src=\"https:\/\/www.europesays.com\/pt\/wp-content\/uploads\/2025\/12\/1764675976_441_edificio-de-practicas-musicales-universidad-de-los-andes-carolina-jaimes-plus-juan-esteban-lopez-plu.jpeg\" width=\"640\"\/>\u00a9 M\u00f3nica Barreneche<\/a><\/p>\n<p>Al\u00e9m de seu uso imediato, o projeto encarna uma carga simb\u00f3lica profunda para seus autores. &#8220;\u00c9 nosso axis mundi, um centro da pr\u00e1tica profissional, um lugar de refer\u00eancia&#8221;, diz Puentes. Para os tr\u00eas, intervir no campus que os formou foi um ato de gratid\u00e3o e responsabilidade: uma oportunidade para contribuir com a continuidade arquitet\u00f4nica de um lugar marcado por obras emblem\u00e1ticas de Berm\u00fadez e Cer\u00f3n.<\/p>\n<p><a class=\"js-image-size__link lazy-anchor\" href=\"https:\/\/www.archdaily.com.br\/br\/1036449\/edificio-de-praticas-musicais-universidade-dos-andes-carolina-jaimes-plus-juan-esteban-lopez-plus-alejandro-puentes\/692414aa61382e63cb31e3cb-music-practice-building-university-of-the-andes-carolina-jaimes-plus-juan-esteban-lopez-plus-alejandro-puentes-photo\" rel=\"nofollow noopener\" target=\"_blank\"><img decoding=\"async\" alt=\"Edif\u00edcio de Pr\u00e1ticas Musicais, Universidade dos Andes \/ Carolina Jaimes + Juan Esteban L\u00f3pez + Alejandro Puentes - Imagem 9 de 16\" data-nr-picture-id=\"692414aa61382e63cb31e3cb\" height=\"427\" itemprop=\"image\" loading=\"lazy\" longdesc=\"https:\/\/www.archdaily.com.br\/br\/1036449\/edificio-de-praticas-musicais-universidade-dos-andes-carolina-jaimes-plus-juan-esteban-lopez-plus-alejandro-puentes\/692414aa61382e63cb31e3cb-music-practice-building-university-of-the-andes-carolina-jaimes-plus-juan-esteban-lopez-plus-alejandro-puentes-photo\" src=\"https:\/\/www.europesays.com\/pt\/wp-content\/uploads\/2025\/12\/1764675976_193_edificio-de-practicas-musicales-universidad-de-los-andes-carolina-jaimes-plus-juan-esteban-lopez-plu.jpeg\" width=\"640\"\/>\u00a9 M\u00f3nica Barreneche<\/a><\/p>\n<p>Com o passar do tempo, os arquitetos esperam que o concreto adquira uma p\u00e1tina natural e que a vegeta\u00e7\u00e3o o abrace completamente, integrando-o \u00e0 paisagem. &#8220;Pode ser um edif\u00edcio muito interessante em 10, 15 ou 20 anos&#8221;, antecipa Jaimes. Porque &#8220;A Caixa de M\u00fasica&#8221;, mais do que um edif\u00edcio, \u00e9 uma pausa sonora dentro do tecido urbano: uma resson\u00e2ncia contida que conecta mem\u00f3ria, mat\u00e9ria e paisagem.<\/p>\n<p><a class=\"js-image-size__link lazy-anchor\" href=\"https:\/\/www.archdaily.com.br\/br\/1036449\/edificio-de-praticas-musicais-universidade-dos-andes-carolina-jaimes-plus-juan-esteban-lopez-plus-alejandro-puentes\/692414aa61382e0e09c71e5c-music-practice-building-university-of-the-andes-carolina-jaimes-plus-juan-esteban-lopez-plus-alejandro-puentes-photo\" rel=\"nofollow noopener\" target=\"_blank\"><img decoding=\"async\" alt=\"Edif\u00edcio de Pr\u00e1ticas Musicais, Universidade dos Andes \/ Carolina Jaimes + Juan Esteban L\u00f3pez + Alejandro Puentes - Imagem 16 de 16\" data-nr-picture-id=\"692414aa61382e0e09c71e5c\" height=\"427\" itemprop=\"image\" loading=\"lazy\" longdesc=\"https:\/\/www.archdaily.com.br\/br\/1036449\/edificio-de-praticas-musicais-universidade-dos-andes-carolina-jaimes-plus-juan-esteban-lopez-plus-alejandro-puentes\/692414aa61382e0e09c71e5c-music-practice-building-university-of-the-andes-carolina-jaimes-plus-juan-esteban-lopez-plus-alejandro-puentes-photo\" src=\"https:\/\/www.europesays.com\/pt\/wp-content\/uploads\/2025\/12\/1764675976_182_edificio-de-practicas-musicales-universidad-de-los-andes-carolina-jaimes-plus-juan-esteban-lopez-plu.jpeg\" width=\"640\"\/>\u00a9 M\u00f3nica Barreneche<\/a><script async src=\"https:\/\/platform.twitter.com\/widgets.js\" charset=\"utf-8\"><\/script><\/p>\n","protected":false},"excerpt":{"rendered":"\u00a9 M\u00f3nica Barreneche + 11 Compartilhar Compartilhar Facebook Twitter Mail Pinterest Whatsapp Ou https:\/\/www.archdaily.com.br\/br\/1036449\/edificio-de-praticas-musicais-universidade-dos-andes-carolina-jaimes-plus-juan-esteban-lopez-plus-alejandro-puentes \u00a9 M\u00f3nica Barreneche Descri\u00e7\u00e3o&hellip;\n","protected":false},"author":2,"featured_media":172979,"comment_status":"","ping_status":"","sticky":false,"template":"","format":"standard","meta":{"footnotes":""},"categories":[144],"tags":[304,13707,207,205,206,203,201,202,36120,204,4224,114,115,32,33,3062],"class_list":{"0":"post-172978","1":"post","2":"type-post","3":"status-publish","4":"format-standard","5":"has-post-thumbnail","7":"category-arte-e-design","8":"tag-arquitetura","9":"tag-arquitetura-educacional","10":"tag-arte","11":"tag-arte-e-design","12":"tag-artedesign","13":"tag-arts","14":"tag-arts-and-design","15":"tag-artsanddesign","16":"tag-bogota","17":"tag-design","18":"tag-ensino-superior","19":"tag-entertainment","20":"tag-entretenimento","21":"tag-portugal","22":"tag-pt","23":"tag-universidade"},"share_on_mastodon":{"url":"https:\/\/pubeurope.com\/@pt\/115649812394630996","error":""},"_links":{"self":[{"href":"https:\/\/www.europesays.com\/pt\/wp-json\/wp\/v2\/posts\/172978","targetHints":{"allow":["GET"]}}],"collection":[{"href":"https:\/\/www.europesays.com\/pt\/wp-json\/wp\/v2\/posts"}],"about":[{"href":"https:\/\/www.europesays.com\/pt\/wp-json\/wp\/v2\/types\/post"}],"author":[{"embeddable":true,"href":"https:\/\/www.europesays.com\/pt\/wp-json\/wp\/v2\/users\/2"}],"replies":[{"embeddable":true,"href":"https:\/\/www.europesays.com\/pt\/wp-json\/wp\/v2\/comments?post=172978"}],"version-history":[{"count":0,"href":"https:\/\/www.europesays.com\/pt\/wp-json\/wp\/v2\/posts\/172978\/revisions"}],"wp:featuredmedia":[{"embeddable":true,"href":"https:\/\/www.europesays.com\/pt\/wp-json\/wp\/v2\/media\/172979"}],"wp:attachment":[{"href":"https:\/\/www.europesays.com\/pt\/wp-json\/wp\/v2\/media?parent=172978"}],"wp:term":[{"taxonomy":"category","embeddable":true,"href":"https:\/\/www.europesays.com\/pt\/wp-json\/wp\/v2\/categories?post=172978"},{"taxonomy":"post_tag","embeddable":true,"href":"https:\/\/www.europesays.com\/pt\/wp-json\/wp\/v2\/tags?post=172978"}],"curies":[{"name":"wp","href":"https:\/\/api.w.org\/{rel}","templated":true}]}}