{"id":172988,"date":"2025-12-02T11:54:16","date_gmt":"2025-12-02T11:54:16","guid":{"rendered":"https:\/\/www.europesays.com\/pt\/172988\/"},"modified":"2025-12-02T11:54:16","modified_gmt":"2025-12-02T11:54:16","slug":"cientistas-se-surpreendem-ao-descobrir-que-as-pessoas-piscam-no-ritmo-da-musica-sem-perceber","status":"publish","type":"post","link":"https:\/\/www.europesays.com\/pt\/172988\/","title":{"rendered":"Cientistas se surpreendem ao descobrir que as pessoas piscam no ritmo da m\u00fasica sem perceber"},"content":{"rendered":"<p>                        <img width=\"944\" height=\"531\" src=\"https:\/\/www.europesays.com\/pt\/wp-content\/uploads\/2025\/12\/seus-olhos-podem-piscar-no-mesmo-ritmo-da-musica-944x531.jpg\" class=\"attachment-custom-large size-custom-large article-featured-image\" alt=\"piscar de olhos\" fetchpriority=\"high\" decoding=\"async\"  \/><\/p>\n<p>Estudo revela que o corpo entra no ritmo involuntariamente, sem voc\u00ea perceber. (Foto: Reprodu\u00e7\u00e3o)<\/p>\n<p>Voc\u00ea talvez nunca tenha percebido, mas seu corpo pode estar dan\u00e7ando muito mais do que imagina. E nem precisa mexer os p\u00e9s: basta ouvir uma m\u00fasica para que seus olhos entrem no ritmo sem que voc\u00ea se d\u00ea conta.<\/p>\n<p>Continua depois da publicidade<\/p>\n<p>Foi isso que cientistas encontraram ao analisar o comportamento de pessoas sem qualquer treino musical, revelando uma sincronia involunt\u00e1ria que surpreendeu os pesquisadores.<\/p>\n<p>O achado abre caminho para novas investiga\u00e7\u00f5es sobre como o c\u00e9rebro capta padr\u00f5es sonoros e pode at\u00e9 ajudar no diagn\u00f3stico de dist\u00farbios que afetam o ritmo cerebral.<\/p>\n<p>Um movimento quase invis\u00edvel que revela muito<\/p>\n<p>Em um estudo com 123 participantes, pesquisadores monitoraram o c\u00e9rebro e os movimentos enquanto todos ouviam uma pe\u00e7a coral de Bach. Mesmo sem perceber, eles piscavam acompanhando o tempo da melodia, como se o corpo entendesse a m\u00fasica antes da consci\u00eancia.<\/p>\n<p>Continua depois da publicidade<\/p>\n<p>A sincronia tamb\u00e9m apareceu quando os cientistas tocaram a m\u00fasica ao contr\u00e1rio, o que indica que n\u00e3o era apenas familiaridade com a obra, mas um mecanismo autom\u00e1tico do c\u00e9rebro ajustando-se ao ritmo sonoro.<\/p>\n<p>No entanto, quando os volunt\u00e1rios tentaram realizar outra tarefa enquanto Bach tocava ao fundo, a sincroniza\u00e7\u00e3o desapareceu. Isso indica que, ao ouvir m\u00fasica, nossa aten\u00e7\u00e3o se fixa na melodia \u2014 mesmo que n\u00e3o percebamos.<\/p>\n<p>Quando o c\u00e9rebro entra em cena sem ser chamado<\/p>\n<p>O pesquisador Yi Du, da Academia Chinesa de Ci\u00eancias, afirmou ao jornal brit\u00e2nico The Sun que a equipe \u201cficou surpresa com a precis\u00e3o com que um pequeno movimento como piscar de olhos sincroniza com a batida da m\u00fasica\u201d. Segundo ele, o efeito mostra que o c\u00e9rebro conecta ouvir e agir de forma elegante e cotidiana.<\/p>\n<p>Continua depois da publicidade<\/p>\n<p>Du explicou que \u201c\u00e9 uma a\u00e7\u00e3o min\u00fascula que revela uma profunda coordena\u00e7\u00e3o entre ouvir e agir, algo que n\u00e3o esper\u00e1vamos de forma alguma\u201d. Pequenos gestos, portanto, funcionam como pistas discretas do funcionamento interno da mente.<\/p>\n<p>Ele destacou ainda que \u201co fato de os olhos sincronizarem o tempo com os ouvidos \u00e9 uma caracter\u00edstica elegante e cotidiana dos mecanismos de percep\u00e7\u00e3o temporal do c\u00e9rebro\u201d. Esse ajuste fino pode abrir portas para diagn\u00f3sticos mais precisos.<\/p>\n<p>Poss\u00edveis impactos para ci\u00eancia e sa\u00fade<\/p>\n<p>Os pesquisadores acreditam que essa sincronia involunt\u00e1ria pode ajudar a identificar condi\u00e7\u00f5es que alteram ritmos cerebrais, como o autismo. Se o piscar acompanha a batida em pessoas neurot\u00edpicas, desvios nesse padr\u00e3o podem funcionar como marcadores cl\u00ednicos.<\/p>\n<p>Continua depois da publicidade<\/p>\n<p>Al\u00e9m disso, o estudo se soma a pesquisas anteriores que j\u00e1 mostraram os efeitos positivos da m\u00fasica no bem-estar. H\u00e1 evid\u00eancias de que ouvir melodias reduz estresse, diminui dor e melhora mem\u00f3ria e capacidade de racioc\u00ednio, sugerindo benef\u00edcios que v\u00e3o muito al\u00e9m do entretenimento.<\/p>\n<p>Embora pare\u00e7a apenas uma curiosidade cient\u00edfica, o resultado refor\u00e7a como a m\u00fasica molda nosso corpo de maneiras sutis. E talvez, da pr\u00f3xima vez que voc\u00ea ouvir uma can\u00e7\u00e3o, perceba que est\u00e1 mais envolvido no ritmo do que imagina.<\/p>\n<p>Olho tremendo? Veja o que fazer1<\/p>\n<p>VoltarAvan\u00e7ar<\/p>\n<p><img loading=\"lazy\" decoding=\"async\" width=\"1200\" height=\"675\" data-id=\"7425781\" src=\"https:\/\/www.europesays.com\/pt\/wp-content\/uploads\/2025\/10\/Olho-tremendo_-Entenda-por-que-isso-acontece-segundo-a-ciencia-2.jpg\" alt=\"Olho tremendo? Entenda por que isso acontece, segundo a ci\u00eancia\" class=\"wp-image-7425781\"  \/><\/p>\n<p>Relaxar os m\u00fasculos da face \u00e9 importante para evitar contra\u00e7\u00f5es da p\u00e1lpebra (Foto: Banco de Imagens)<\/p>\n<p><img loading=\"lazy\" decoding=\"async\" width=\"1200\" height=\"675\" data-id=\"7425782\" src=\"https:\/\/www.europesays.com\/pt\/wp-content\/uploads\/2025\/10\/Olho-tremendo_-Entenda-por-que-isso-acontece-segundo-a-ciencia-3.jpg\" alt=\"\" class=\"wp-image-7425782\"  \/><\/p>\n<p>Descansar e manter uma boa rotina de sono reduzem as chances de olhos tremendo (Foto: Banco de Imagens)<\/p>\n<p><img loading=\"lazy\" decoding=\"async\" width=\"1200\" height=\"675\" data-id=\"7425784\" src=\"https:\/\/www.europesays.com\/pt\/wp-content\/uploads\/2025\/10\/Olho-tremendo_-Entenda-por-que-isso-acontece-segundo-a-ciencia-4.jpg\" alt=\"Olho tremendo? Entenda por que isso acontece, segundo a ci\u00eancia\" class=\"wp-image-7425784\"  \/><\/p>\n<p>Uma das dicas para evitar tremor \u00e9 manter os olhos hidratados (Foto: Banco de Imagens)<\/p>\n<p><img loading=\"lazy\" decoding=\"async\" width=\"1200\" height=\"675\" data-id=\"7425785\" src=\"https:\/\/www.europesays.com\/pt\/wp-content\/uploads\/2025\/10\/Olho-tremendo_-Entenda-por-que-isso-acontece-segundo-a-ciencia-5.jpg\" alt=\"\" class=\"wp-image-7425785\"  \/><\/p>\n<p>O controle da ansiedade, com terapia, por exemplo, \u00e9 fundamental para evitar tremores nos olhos (Foto: Banco de Imagens)<\/p>\n<p>Voc\u00ea pode se interessar tamb\u00e9m em ver <a href=\"https:\/\/www.nsctotal.com.br\/noticias\/astronomia-alerta-para-os-eventos-astronomicos-de-dezembro-e-a-ultima-superlua-do-ano-em-04-12\" target=\"_blank\" rel=\"noreferrer noopener nofollow\"><strong>astronomia alerta para os eventos astron\u00f4micos de dezembro e a \u00faltima superlua do ano em 04\/12<\/strong><\/a> e <strong><a href=\"https:\/\/www.nsctotal.com.br\/noticias\/a-terceira-mansao-mais-cara-do-mundo-e-de-familia-brasileira-e-custa-r-4-bilhoes\" target=\"_blank\" rel=\"noreferrer noopener nofollow\">a terceira mans\u00e3o mais cara do mundo \u00e9 de fam\u00edlia brasileira e custa R$ 4 bilh\u00f5es<\/a><\/strong>.<\/p>\n<p>Continua depois da publicidade<\/p>\n","protected":false},"excerpt":{"rendered":"Estudo revela que o corpo entra no ritmo involuntariamente, sem voc\u00ea perceber. (Foto: Reprodu\u00e7\u00e3o) Voc\u00ea talvez nunca tenha&hellip;\n","protected":false},"author":2,"featured_media":172989,"comment_status":"","ping_status":"","sticky":false,"template":"","format":"standard","meta":{"footnotes":""},"categories":[84],"tags":[109,107,108,32,33,105,103,104,106,110,794],"class_list":{"0":"post-172988","1":"post","2":"type-post","3":"status-publish","4":"format-standard","5":"has-post-thumbnail","7":"category-ciencia-e-tecnologia","8":"tag-ciencia","9":"tag-ciencia-e-tecnologia","10":"tag-cienciaetecnologia","11":"tag-portugal","12":"tag-pt","13":"tag-science","14":"tag-science-and-technology","15":"tag-scienceandtechnology","16":"tag-technology","17":"tag-tecnologia","18":"tag-voce-viu"},"share_on_mastodon":{"url":"https:\/\/pubeurope.com\/@pt\/115649843915000872","error":""},"_links":{"self":[{"href":"https:\/\/www.europesays.com\/pt\/wp-json\/wp\/v2\/posts\/172988","targetHints":{"allow":["GET"]}}],"collection":[{"href":"https:\/\/www.europesays.com\/pt\/wp-json\/wp\/v2\/posts"}],"about":[{"href":"https:\/\/www.europesays.com\/pt\/wp-json\/wp\/v2\/types\/post"}],"author":[{"embeddable":true,"href":"https:\/\/www.europesays.com\/pt\/wp-json\/wp\/v2\/users\/2"}],"replies":[{"embeddable":true,"href":"https:\/\/www.europesays.com\/pt\/wp-json\/wp\/v2\/comments?post=172988"}],"version-history":[{"count":0,"href":"https:\/\/www.europesays.com\/pt\/wp-json\/wp\/v2\/posts\/172988\/revisions"}],"wp:featuredmedia":[{"embeddable":true,"href":"https:\/\/www.europesays.com\/pt\/wp-json\/wp\/v2\/media\/172989"}],"wp:attachment":[{"href":"https:\/\/www.europesays.com\/pt\/wp-json\/wp\/v2\/media?parent=172988"}],"wp:term":[{"taxonomy":"category","embeddable":true,"href":"https:\/\/www.europesays.com\/pt\/wp-json\/wp\/v2\/categories?post=172988"},{"taxonomy":"post_tag","embeddable":true,"href":"https:\/\/www.europesays.com\/pt\/wp-json\/wp\/v2\/tags?post=172988"}],"curies":[{"name":"wp","href":"https:\/\/api.w.org\/{rel}","templated":true}]}}