{"id":17300,"date":"2025-08-05T16:37:09","date_gmt":"2025-08-05T16:37:09","guid":{"rendered":"https:\/\/www.europesays.com\/pt\/17300\/"},"modified":"2025-08-05T16:37:09","modified_gmt":"2025-08-05T16:37:09","slug":"chegou-atrasada-ao-funeral-do-filho-e-a-historia-insolita-correu-mundo-big-brother","status":"publish","type":"post","link":"https:\/\/www.europesays.com\/pt\/17300\/","title":{"rendered":"Chegou atrasada ao funeral do filho e a hist\u00f3ria ins\u00f3lita correu Mundo &#8211; Big Brother"},"content":{"rendered":"<p style=\"margin-bottom:11px\">A not\u00edcia \u00e9 de cortar o cora\u00e7\u00e3o. Whitey Purvis, antiga participante do reality show norte-americano &#8220;Sixteen and Pregnant&#8221;, viveu o pior pesadelo de qualquer m\u00e3e: a perda do filho mais velho, Weston, com apenas 16 anos.<\/p>\n<p>&#8220;O meu beb\u00e9 partiu&#8230; N\u00e3o sei o que fazer&#8221;, escreveu num desabafo comovente. &#8220;Isto \u00e9 t\u00e3o dif\u00edcil de escrever. O meu lindo filho, Weston, faleceu. Ele tinha apenas 16 anos. A vida \u00e9 t\u00e3o cruel e injusta. Eu n\u00e3o compreendo&#8221;, escreveu. &#8220;O meu beb\u00e9 partiu e eu n\u00e3o sei o que fazer comigo mesma. Isto \u00e9 mesmo o meu pior pesadelo a tornar-se realidade&#8221;, relatou ainda.<\/p>\n<p>As mensagens emocionaram milhares de seguidores, que deixaram palavras de apoio e solidariedade nos coment\u00e1rios.<\/p>\n<p>Segundo o <a href=\"https:\/\/www.dailymail.co.uk\/home\/index.html\" rel=\"nofollow noopener\" target=\"_blank\">Daily Mail<\/a>, a dor de Whitey foi ainda maior ap\u00f3s ter falhado o funeral do pr\u00f3prio filho, por causa de um alegado erro de comunica\u00e7\u00e3o com o pai da crian\u00e7a.<\/p>\n<p>A jovem afirma que foi informada da hora errada do funeral, chegando tarde ao local. No entanto, o pai de Weston, citado pela mesma fonte, nega ter dado qualquer informa\u00e7\u00e3o incorreta.<\/p>\n<p style=\"margin-bottom:11px\">\u00a0<\/p>\n","protected":false},"excerpt":{"rendered":"A not\u00edcia \u00e9 de cortar o cora\u00e7\u00e3o. Whitey Purvis, antiga participante do reality show norte-americano &#8220;Sixteen and Pregnant&#8221;,&hellip;\n","protected":false},"author":2,"featured_media":17301,"comment_status":"","ping_status":"","sticky":false,"template":"","format":"standard","meta":{"footnotes":""},"categories":[142],"tags":[331,48,329,333,328,335,336,114,115,334,332,3435,330,13,32,33,151,162,227,6517],"class_list":{"0":"post-17300","1":"post","2":"type-post","3":"status-publish","4":"format-standard","5":"has-post-thumbnail","7":"category-tv","8":"tag-big","9":"tag-big-brother","10":"tag-claudio-ramos","11":"tag-comentadores","12":"tag-concorrentes","13":"tag-confrontos","14":"tag-discussoes","15":"tag-entertainment","16":"tag-entretenimento","17":"tag-exclusivos","18":"tag-expulso","19":"tag-filho","20":"tag-gala","21":"tag-noticias","22":"tag-portugal","23":"tag-pt","24":"tag-tv","25":"tag-tvi","26":"tag-videos","27":"tag-whitey-purvis"},"share_on_mastodon":{"url":"","error":""},"_links":{"self":[{"href":"https:\/\/www.europesays.com\/pt\/wp-json\/wp\/v2\/posts\/17300","targetHints":{"allow":["GET"]}}],"collection":[{"href":"https:\/\/www.europesays.com\/pt\/wp-json\/wp\/v2\/posts"}],"about":[{"href":"https:\/\/www.europesays.com\/pt\/wp-json\/wp\/v2\/types\/post"}],"author":[{"embeddable":true,"href":"https:\/\/www.europesays.com\/pt\/wp-json\/wp\/v2\/users\/2"}],"replies":[{"embeddable":true,"href":"https:\/\/www.europesays.com\/pt\/wp-json\/wp\/v2\/comments?post=17300"}],"version-history":[{"count":0,"href":"https:\/\/www.europesays.com\/pt\/wp-json\/wp\/v2\/posts\/17300\/revisions"}],"wp:featuredmedia":[{"embeddable":true,"href":"https:\/\/www.europesays.com\/pt\/wp-json\/wp\/v2\/media\/17301"}],"wp:attachment":[{"href":"https:\/\/www.europesays.com\/pt\/wp-json\/wp\/v2\/media?parent=17300"}],"wp:term":[{"taxonomy":"category","embeddable":true,"href":"https:\/\/www.europesays.com\/pt\/wp-json\/wp\/v2\/categories?post=17300"},{"taxonomy":"post_tag","embeddable":true,"href":"https:\/\/www.europesays.com\/pt\/wp-json\/wp\/v2\/tags?post=17300"}],"curies":[{"name":"wp","href":"https:\/\/api.w.org\/{rel}","templated":true}]}}