{"id":173005,"date":"2025-12-02T12:08:09","date_gmt":"2025-12-02T12:08:09","guid":{"rendered":"https:\/\/www.europesays.com\/pt\/173005\/"},"modified":"2025-12-02T12:08:09","modified_gmt":"2025-12-02T12:08:09","slug":"trofeu-presidente-da-fiesc-recebe-homenagem-da-camara-de-florianopolis","status":"publish","type":"post","link":"https:\/\/www.europesays.com\/pt\/173005\/","title":{"rendered":"Trof\u00e9u: Presidente da Fiesc recebe homenagem da C\u00e2mara de Florian\u00f3polis"},"content":{"rendered":"<p>&#13;<br \/>\n                                                &#13;<\/p>\n<p class=\"MsoNormalM\">O presidente da Fiesc, Gilberto Seleme, foi homenageado pela&#13;<br \/>\nC\u00e2mara de Vereadores de Florian\u00f3polis com o Trof\u00e9u Celso Ramos, durante&#13;<br \/>\nsolenidade nesta segunda-feira, dia 1\u00b0, na capital. O reconhecimento foi uma&#13;<br \/>\nindica\u00e7\u00e3o do presidente da C\u00e2mara, Jo\u00e3o Cobalchini, e \u00e9 entregue a pessoas com&#13;<br \/>\ndestaque nas \u00e1reas p\u00fablica, empresarial ou pol\u00edtica no munic\u00edpio ou em SC.<\/p>\n<p>&#13;<\/p>\n<p class=\"MsoNormalM\" style=\"text-align: center;\"><a data-fancybox=\"images\" href=\"https:\/\/www.cacador.net\/fotos\/noticias25\/02122025085933374_g.jpg\" rel=\"nofollow noopener\" target=\"_blank\"><img decoding=\"async\" style=\"margin:15px 0 15px 0;\" src=\"https:\/\/www.europesays.com\/pt\/wp-content\/uploads\/2025\/12\/02122025085933374.jpg\"\/><\/a><\/p>\n<p>&#13;<br \/>\n&#13;<br \/>\n&#13;<br \/>\n&#13;<\/p>\n<p class=\"MsoNormalM\">\u201cMe sinto honrado em receber essa distin\u00e7\u00e3o que leva o nome&#13;<br \/>\ndo fundador e primeiro presidente da Fiesc, o vision\u00e1rio Celso Ramos, que foi&#13;<br \/>\nl\u00edder empresarial e pol\u00edtico. Mais do que uma homenagem pessoal, o trof\u00e9u&#13;<br \/>\nreconhece a for\u00e7a da ind\u00fastria catarinense e o trabalho que temos realizado em&#13;<br \/>\nprol do setor e da sociedade\u201d, disse Seleme, destacando \u00e1reas como educa\u00e7\u00e3o,&#13;<br \/>\nsa\u00fade e seguran\u00e7a e infraestrutura.<\/p>\n<p>&#13;<br \/>\n&#13;<br \/>\n&#13;<br \/>\n&#13;<\/p>\n<p class=\"MsoNormalM\">Perfil: Engenheiro civil e administrador de empresas, Seleme&#13;<br \/>\n\u00e9 empres\u00e1rio dos setores de madeira, couro, constru\u00e7\u00e3o civil e do agroneg\u00f3cio.&#13;<br \/>\nTamb\u00e9m \u00e9 diretor e delegado da Confedera\u00e7\u00e3o Nacional da Ind\u00fastria (CNI) e&#13;<br \/>\nmembro do Conselho Estrat\u00e9gico da Fiesc. Integra a diretoria da Associa\u00e7\u00e3o&#13;<br \/>\nEmpresarial de Ca\u00e7ador (Acic), \u00e9 membro do Sindicato da Ind\u00fastria da Madeira de&#13;<br \/>\nCa\u00e7ador &#8211; do qual foi fundador e primeiro presidente -, al\u00e9m de integrar o&#13;<br \/>\nConselho Consultivo do Hospital Maic\u00e9, de Ca\u00e7ador.<\/p>\n<p>&#13;<br \/>\n&#13;<br \/>\n&#13;<br \/>\n&#13;<\/p>\n<p class=\"MsoNormalM\">Ao longo de sua trajet\u00f3ria, tamb\u00e9m foi 1\u00ba vice-presidente e&#13;<br \/>\nvice-presidente para a regi\u00e3o Centro-Norte da Fiesc, membro da diretoria da&#13;<br \/>\nAssocia\u00e7\u00e3o de Servi\u00e7os Sociais Volunt\u00e1rios de Ca\u00e7ador (Bombeiros Volunt\u00e1rios) e&#13;<br \/>\nintegrante da diretoria da UnC-Ca\u00e7ador. Foi presidente da Funda\u00e7\u00e3o Universidade&#13;<br \/>\nAlto Vale do Rio do Peixe \u2013 Funiarp, tendo presidido seu conselho consultivo e&#13;<br \/>\nintegrado o conselho curador\u00a0da\u00a0institui\u00e7\u00e3o.<\/p>\n<p>&#13;<br \/>\n&#13;<br \/>\n&#13;<br \/>\n&#13;<br \/>\n<a data-fancybox=\"images\" href=\"https:\/\/www.cacador.net\/fotos\/noticias25\/02122025085933405_g.jpg\" rel=\"nofollow noopener\" target=\"_blank\"><img decoding=\"async\" style=\"margin:15px 0 15px 0;\" src=\"https:\/\/www.europesays.com\/pt\/wp-content\/uploads\/2025\/12\/02122025085933405.jpg\"\/><\/a>&#13;<\/p>\n","protected":false},"excerpt":{"rendered":"&#13; &#13; O presidente da Fiesc, Gilberto Seleme, foi homenageado pela&#13; C\u00e2mara de Vereadores de Florian\u00f3polis com o&hellip;\n","protected":false},"author":2,"featured_media":173006,"comment_status":"","ping_status":"","sticky":false,"template":"","format":"standard","meta":{"footnotes":""},"categories":[84],"tags":[109,107,108,32,33,105,103,104,106,110],"class_list":{"0":"post-173005","1":"post","2":"type-post","3":"status-publish","4":"format-standard","5":"has-post-thumbnail","7":"category-ciencia-e-tecnologia","8":"tag-ciencia","9":"tag-ciencia-e-tecnologia","10":"tag-cienciaetecnologia","11":"tag-portugal","12":"tag-pt","13":"tag-science","14":"tag-science-and-technology","15":"tag-scienceandtechnology","16":"tag-technology","17":"tag-tecnologia"},"share_on_mastodon":{"url":"https:\/\/pubeurope.com\/@pt\/115649898728117593","error":""},"_links":{"self":[{"href":"https:\/\/www.europesays.com\/pt\/wp-json\/wp\/v2\/posts\/173005","targetHints":{"allow":["GET"]}}],"collection":[{"href":"https:\/\/www.europesays.com\/pt\/wp-json\/wp\/v2\/posts"}],"about":[{"href":"https:\/\/www.europesays.com\/pt\/wp-json\/wp\/v2\/types\/post"}],"author":[{"embeddable":true,"href":"https:\/\/www.europesays.com\/pt\/wp-json\/wp\/v2\/users\/2"}],"replies":[{"embeddable":true,"href":"https:\/\/www.europesays.com\/pt\/wp-json\/wp\/v2\/comments?post=173005"}],"version-history":[{"count":0,"href":"https:\/\/www.europesays.com\/pt\/wp-json\/wp\/v2\/posts\/173005\/revisions"}],"wp:featuredmedia":[{"embeddable":true,"href":"https:\/\/www.europesays.com\/pt\/wp-json\/wp\/v2\/media\/173006"}],"wp:attachment":[{"href":"https:\/\/www.europesays.com\/pt\/wp-json\/wp\/v2\/media?parent=173005"}],"wp:term":[{"taxonomy":"category","embeddable":true,"href":"https:\/\/www.europesays.com\/pt\/wp-json\/wp\/v2\/categories?post=173005"},{"taxonomy":"post_tag","embeddable":true,"href":"https:\/\/www.europesays.com\/pt\/wp-json\/wp\/v2\/tags?post=173005"}],"curies":[{"name":"wp","href":"https:\/\/api.w.org\/{rel}","templated":true}]}}