{"id":173019,"date":"2025-12-02T12:21:08","date_gmt":"2025-12-02T12:21:08","guid":{"rendered":"https:\/\/www.europesays.com\/pt\/173019\/"},"modified":"2025-12-02T12:21:08","modified_gmt":"2025-12-02T12:21:08","slug":"morreu-a-jornalista-constanca-cunha-e-sa-tinha-67-anos-observador","status":"publish","type":"post","link":"https:\/\/www.europesays.com\/pt\/173019\/","title":{"rendered":"Morreu a jornalista Constan\u00e7a Cunha e S\u00e1. Tinha 67 anos \u2013 Observador"},"content":{"rendered":"<p>A jornalista e comentadora Constan\u00e7a Cunha e S\u00e1 morreu v\u00edtima de doen\u00e7a prolongada, noticiou a CNN Portugal e confirmou o Observador. Tinha 67 anos.<\/p>\n<p>Constan\u00e7a Cunha e S\u00e1 formou-se em Filosofia pela Universidade Cat\u00f3lica de Lisboa. Foi professora de Filosofia mas foi no jornalismo que fez carreira. Come\u00e7ou na revista S\u00e1bado e um ano depois integrou o jornal Independente.<\/p>\n<p>Trabalhou tamb\u00e9m no Di\u00e1rio Econ\u00f3mico, tendo depois ingressado na TVI, onde foi jornalista, editora de pol\u00edtica e comentadora. Foi na TVI24 que moderou o programa A Prova dos 9. Saiu da TVI em 2020 e regressou \u00e0 esta\u00e7\u00e3o em 2021.<\/p>\n<p>Escreveu tamb\u00e9m semanalmente um artigo de opini\u00e3o no jornal I.<\/p>\n<p>Entretanto, o Presidente da Rep\u00fablica lamentou a morte da jornalista e comentadora.<\/p>\n<p>Marcelo Rebelo de Sousa recorda Constan\u00e7a Cunha e S\u00e1 como \u201cuma figura singular do jornalismo portugu\u00eas, cujo percurso profissional e humano deixa uma mem\u00f3ria indel\u00e9vel em todos quantos com ela tiveram o privil\u00e9gio de trabalhar e de privar\u201d.<\/p>\n<p>O Presidente da Rep\u00fablica \u2014 que se encontra no Hospital de S\u00e3o Jo\u00e3o a recuperar de uma cirurgia a uma h\u00e9rnia \u2014 diz que a jornalista era uma \u201cmulher de grande car\u00e1cter, intelig\u00eancia e rigor\u201d. \u201cDestacou-se pela sua independ\u00eancia de pensamento e por um constante sentido de responsabilidade c\u00edvica\u201d, acrescenta o chefe de Estado, apresentando \u00e0 fam\u00edlia as \u201cmais sentidas condol\u00eancias\u201d.<\/p>\n","protected":false},"excerpt":{"rendered":"A jornalista e comentadora Constan\u00e7a Cunha e S\u00e1 morreu v\u00edtima de doen\u00e7a prolongada, noticiou a CNN Portugal e&hellip;\n","protected":false},"author":2,"featured_media":173020,"comment_status":"","ping_status":"","sticky":false,"template":"","format":"standard","meta":{"footnotes":""},"categories":[85],"tags":[114,115,32,33,58,2303],"class_list":{"0":"post-173019","1":"post","2":"type-post","3":"status-publish","4":"format-standard","5":"has-post-thumbnail","7":"category-entretenimento","8":"tag-entertainment","9":"tag-entretenimento","10":"tag-portugal","11":"tag-pt","12":"tag-sociedade","13":"tag-u00d3bito"},"share_on_mastodon":{"url":"https:\/\/pubeurope.com\/@pt\/115649949502126058","error":""},"_links":{"self":[{"href":"https:\/\/www.europesays.com\/pt\/wp-json\/wp\/v2\/posts\/173019","targetHints":{"allow":["GET"]}}],"collection":[{"href":"https:\/\/www.europesays.com\/pt\/wp-json\/wp\/v2\/posts"}],"about":[{"href":"https:\/\/www.europesays.com\/pt\/wp-json\/wp\/v2\/types\/post"}],"author":[{"embeddable":true,"href":"https:\/\/www.europesays.com\/pt\/wp-json\/wp\/v2\/users\/2"}],"replies":[{"embeddable":true,"href":"https:\/\/www.europesays.com\/pt\/wp-json\/wp\/v2\/comments?post=173019"}],"version-history":[{"count":0,"href":"https:\/\/www.europesays.com\/pt\/wp-json\/wp\/v2\/posts\/173019\/revisions"}],"wp:featuredmedia":[{"embeddable":true,"href":"https:\/\/www.europesays.com\/pt\/wp-json\/wp\/v2\/media\/173020"}],"wp:attachment":[{"href":"https:\/\/www.europesays.com\/pt\/wp-json\/wp\/v2\/media?parent=173019"}],"wp:term":[{"taxonomy":"category","embeddable":true,"href":"https:\/\/www.europesays.com\/pt\/wp-json\/wp\/v2\/categories?post=173019"},{"taxonomy":"post_tag","embeddable":true,"href":"https:\/\/www.europesays.com\/pt\/wp-json\/wp\/v2\/tags?post=173019"}],"curies":[{"name":"wp","href":"https:\/\/api.w.org\/{rel}","templated":true}]}}