{"id":173023,"date":"2025-12-02T12:23:10","date_gmt":"2025-12-02T12:23:10","guid":{"rendered":"https:\/\/www.europesays.com\/pt\/173023\/"},"modified":"2025-12-02T12:23:10","modified_gmt":"2025-12-02T12:23:10","slug":"tesla-model-3-y-com-baterias-lg-chinesas-apresentam-taxas-de-falha-catastroficas","status":"publish","type":"post","link":"https:\/\/www.europesays.com\/pt\/173023\/","title":{"rendered":"Tesla Model 3\/Y com baterias LG chinesas apresentam taxas de falha &#8220;catastr\u00f3ficas&#8221;"},"content":{"rendered":"<p>Um destacado especialista europeu em repara\u00e7\u00e3o de ve\u00edculos el\u00e9tricos est\u00e1 a lan\u00e7ar um alerta sobre os Tesla Model 3 e Model Y equipados com c\u00e9lulas de bateria LG fabricadas na China. O t\u00e9cnico afirma que est\u00e3o a observar taxas de falha \u201ccatastr\u00f3ficas\u201d e dura\u00e7\u00f5es de vida significativamente mais curtas quando comparadas com os packs da Panasonic.<\/p>\n<p><a target=\"_blank\" href=\"https:\/\/pplware.sapo.pt\/wp-content\/uploads\/2025\/12\/bateria_LG_tesla00.webp\" rel=\"nofollow noopener\"><img fetchpriority=\"high\" decoding=\"async\" src=\"https:\/\/www.europesays.com\/pt\/wp-content\/uploads\/2025\/12\/bateria_LG_tesla00-720x406.webp.webp\" alt=\"\" width=\"720\" height=\"406\" class=\"aligncenter size-medium wp-image-1091250\"  \/><\/a><\/p>\n<p>Contexto da utiliza\u00e7\u00e3o de baterias chinesas<\/p>\n<p>Durante anos, a narrativa em torno da decis\u00e3o da Tesla de utilizar fornecedores chineses de baterias foi geralmente positiva, com os packs LFP (L\u00edtio Ferro Fosfato) da CATL a revelarem-se extremamente dur\u00e1veis.<\/p>\n<p>No entanto, a Tesla tamb\u00e9m utiliza c\u00e9lulas de N\u00edquel Mangan\u00eas Cobalto (NMC) da LG Energy Solution, provenientes da f\u00e1brica de Nanjing, para os modelos Long Range e Performance vendidos na Europa e em partes da \u00c1sia.<\/p>\n<p>Aviso da EV Clinic sobre os packs LG NCM811<\/p>\n<p>Agora, a EV Clinic, uma instala\u00e7\u00e3o croata de investiga\u00e7\u00e3o e repara\u00e7\u00e3o independente, conhecida por an\u00e1lises profundas de baterias, emitiu um aviso severo sobre estes packs LG NCM811 espec\u00edficos.<\/p>\n<p>Segundo a empresa, os dados do seu centro de repara\u00e7\u00f5es sugerem uma diferen\u00e7a acentuada de qualidade entre os dois principais packs de maior densidade energ\u00e9tica da Tesla: <strong>os Panasonic NCA fabricados nos EUA e os LG NCM produzidos na China<\/strong>.<\/p>\n<blockquote>\n<p>Estamos a levantar s\u00e9rias preocupa\u00e7\u00f5es sobre os packs de bateria Tesla Model 3\/Y LG NCM811 (LGES Nanjing), que exibem taxas de falha muito elevadas e vidas \u00fateis significativamente mais curtas quando comparados com os packs Panasonic NCA (fabricados nos EUA).<\/p>\n<\/blockquote>\n<blockquote class=\"tw-align-center twitter-tweet\">\n<p lang=\"en\" dir=\"ltr\">Media hype around \u201cMade in China\u201d battery systems being the \u201cbest\u201d has never been confirmed in real-world practice.<br \/>\nWe are raising serious concerns about Tesla Model 3\/Y LG NCM811 battery packs (LGES Nanjing), which show extremely high failure rates and a noticeably shorter\u2026 <a target=\"_blank\" href=\"https:\/\/t.co\/PHi83UCixl\" rel=\"nofollow\">pic.twitter.com\/PHi83UCixl<\/a><\/p>\n<p>\u2014 EV Clinic (@evclinic) <a target=\"_blank\" href=\"https:\/\/twitter.com\/evclinic\/status\/1994876173277335745?ref_src=twsrc%5Etfw\" rel=\"nofollow noopener\">November 29, 2025<\/a><\/p>\n<\/blockquote>\n<p>Diferen\u00e7as na reparabilidade e vida \u00fatil<\/p>\n<p>A oficina afirma que, enquanto os packs Panasonic s\u00e3o geralmente repar\u00e1veis e podem durar at\u00e9 400.000 km antes de ocorrer falha de c\u00e9lulas, os equivalentes LG est\u00e3o a aproximar-se do fim de vida por volta dos 240.000 km.<\/p>\n<p>Mais preocupante \u00e9 a natureza da falha. A EV Clinic afirma que, em mais de 90% dos casos que observam com packs LG, <strong>a repara\u00e7\u00e3o ao n\u00edvel da c\u00e9lula \u00e9 \u201cimposs\u00edvel\u201d<\/strong>.<\/p>\n<p><a target=\"_blank\" href=\"https:\/\/pplware.sapo.pt\/wp-content\/uploads\/2025\/12\/bateria_LG_tesla01.webp\" rel=\"nofollow noopener\"><img loading=\"lazy\" decoding=\"async\" src=\"https:\/\/www.europesays.com\/pt\/wp-content\/uploads\/2025\/12\/bateria_LG_tesla01-720x406.webp.webp\" alt=\"\" width=\"720\" height=\"406\" class=\"aligncenter size-medium wp-image-1091251\"  \/><\/a><\/p>\n<p>O problema parece ser uma degrada\u00e7\u00e3o generalizada em todos os m\u00f3dulos, e n\u00e3o uma \u00fanica c\u00e9lula defeituosa a comprometer o pack inteiro. Descobriram que <strong>as c\u00e9lulas LG apresentam frequentemente uma resist\u00eancia interna extremamente alta<\/strong>.<\/p>\n<blockquote>\n<p>Uma c\u00e9lula Panasonic em falha atinge cerca de 28 m\u03a9, que \u00e9 a medi\u00e7\u00e3o t\u00edpica de c\u00e9lulas LG quando novas\u2026<\/p>\n<p>De 46 c\u00e9lulas, \u00e9 comum encontrar 15 acima dos 100 m\u03a9 ACIR, e as restantes 30 acima dos 50 m\u03a9 ACIR.<\/p>\n<\/blockquote>\n<p>Degrada\u00e7\u00e3o uniforme e custos operacionais elevados<\/p>\n<p>A EV Clinic partilhou um exemplo retirado de um m\u00f3dulo de bateria Tesla.<\/p>\n<p>Devido ao facto de a <strong>degrada\u00e7\u00e3o ser t\u00e3o uniforme e severa<\/strong>, substituir um \u00fanico m\u00f3dulo defeituoso \u00e9 descrito como \u201coperacionalmente insustent\u00e1vel\u201d, j\u00e1 que as restantes c\u00e9lulas enfraquecidas t\u00eam elevada probabilidade de falhar em cascata pouco tempo depois.<\/p>\n<p><a target=\"_blank\" href=\"https:\/\/pplware.sapo.pt\/wp-content\/uploads\/2025\/12\/bateria_LG_tesla02.webp\" rel=\"nofollow noopener\"><img loading=\"lazy\" decoding=\"async\" src=\"https:\/\/www.europesays.com\/pt\/wp-content\/uploads\/2025\/12\/bateria_LG_tesla02-720x406.webp.webp\" alt=\"\" width=\"720\" height=\"406\" class=\"aligncenter size-medium wp-image-1091252\"  \/><\/a><\/p>\n<p>A situa\u00e7\u00e3o tornou-se t\u00e3o problem\u00e1tica que a oficina anunciou a implementa\u00e7\u00e3o de uma \u201ctaxa de viabilidade\u201d apenas para verificar se estes packs espec\u00edficos podem ser reparados, assinalando que est\u00e3o a \u201cperder mais de 20.000 euros por m\u00eas\u201d ao tentar reparar packs que est\u00e3o, na pr\u00e1tica, irrecuper\u00e1veis.<\/p>\n<blockquote>\n<p>No momento atual, durante testes experimentais com clientes reais a sofrer falhas em packs LG, estamos a perder mais de 20.000 euros por m\u00eas em tempo operacional enquanto investigamos se os sistemas LG NCM811 chineses podem ser reparados de forma sustent\u00e1vel.<\/p>\n<p>Nesta fase, podemos afirmar com confian\u00e7a: as c\u00e9lulas s\u00e3o, para ser delicado, catastr\u00f3ficas.<\/p>\n<p>A Panasonic tem, na maioria dos casos, falhas de uma \u00fanica c\u00e9lula aos 250.000 km, e \u00e9 repar\u00e1vel, enquanto a LG apresenta falhas m\u00faltiplas.<\/p>\n<\/blockquote>\n<p>O conselho da EV Clinic para os propriet\u00e1rios cujos packs LG falharam \u00e9 simples: substituir por um pack Panasonic usado ou recorrer \u00e0 Tesla para uma substitui\u00e7\u00e3o completa.<\/p>\n<p>\t\t\t\t\t\t<script async src=\"https:\/\/platform.twitter.com\/widgets.js\" charset=\"utf-8\"><\/script><\/p>\n","protected":false},"excerpt":{"rendered":"Um destacado especialista europeu em repara\u00e7\u00e3o de ve\u00edculos el\u00e9tricos est\u00e1 a lan\u00e7ar um alerta sobre os Tesla Model&hellip;\n","protected":false},"author":2,"featured_media":173024,"comment_status":"","ping_status":"","sticky":false,"template":"","format":"standard","meta":{"footnotes":""},"categories":[83],"tags":[36122,88,89,90,24797,4927,32,33,296],"class_list":{"0":"post-173023","1":"post","2":"type-post","3":"status-publish","4":"format-standard","5":"has-post-thumbnail","7":"category-empresas","8":"tag-baterias-lg","9":"tag-business","10":"tag-economy","11":"tag-empresas","12":"tag-model-3","13":"tag-model-y","14":"tag-portugal","15":"tag-pt","16":"tag-tesla"},"share_on_mastodon":{"url":"https:\/\/pubeurope.com\/@pt\/115649957491639340","error":""},"_links":{"self":[{"href":"https:\/\/www.europesays.com\/pt\/wp-json\/wp\/v2\/posts\/173023","targetHints":{"allow":["GET"]}}],"collection":[{"href":"https:\/\/www.europesays.com\/pt\/wp-json\/wp\/v2\/posts"}],"about":[{"href":"https:\/\/www.europesays.com\/pt\/wp-json\/wp\/v2\/types\/post"}],"author":[{"embeddable":true,"href":"https:\/\/www.europesays.com\/pt\/wp-json\/wp\/v2\/users\/2"}],"replies":[{"embeddable":true,"href":"https:\/\/www.europesays.com\/pt\/wp-json\/wp\/v2\/comments?post=173023"}],"version-history":[{"count":0,"href":"https:\/\/www.europesays.com\/pt\/wp-json\/wp\/v2\/posts\/173023\/revisions"}],"wp:featuredmedia":[{"embeddable":true,"href":"https:\/\/www.europesays.com\/pt\/wp-json\/wp\/v2\/media\/173024"}],"wp:attachment":[{"href":"https:\/\/www.europesays.com\/pt\/wp-json\/wp\/v2\/media?parent=173023"}],"wp:term":[{"taxonomy":"category","embeddable":true,"href":"https:\/\/www.europesays.com\/pt\/wp-json\/wp\/v2\/categories?post=173023"},{"taxonomy":"post_tag","embeddable":true,"href":"https:\/\/www.europesays.com\/pt\/wp-json\/wp\/v2\/tags?post=173023"}],"curies":[{"name":"wp","href":"https:\/\/api.w.org\/{rel}","templated":true}]}}