{"id":173055,"date":"2025-12-02T12:49:08","date_gmt":"2025-12-02T12:49:08","guid":{"rendered":"https:\/\/www.europesays.com\/pt\/173055\/"},"modified":"2025-12-02T12:49:08","modified_gmt":"2025-12-02T12:49:08","slug":"morreu-a-jornalista-constanca-cunha-e-sa","status":"publish","type":"post","link":"https:\/\/www.europesays.com\/pt\/173055\/","title":{"rendered":"Morreu a jornalista Constan\u00e7a Cunha e S\u00e1"},"content":{"rendered":"<p>                Nascida em 23 de agosto de 1958, em Lisboa, Constan\u00e7a Cunha e S\u00e1 tinha forma\u00e7\u00e3o em Filosofia e trabalhou como docente antes de iniciar a carreira no jornalismo, aos 29 anos, na revista S\u00e1bado.<\/p>\n<p>Um ano depois foi para o seman\u00e1rio O Independente, do qual foi diretora-adjunta e diretora, tendo ainda sido redatora principal no Di\u00e1rio Econ\u00f3mico e editora de pol\u00edtica, jornalista e comentadora na TVI.<\/p>\n<p>Saiu deste canal televisivo em 2020, mas regressou em 2021.<br \/>&#13;\n<\/p>\n<p>\nRecentemente, Constan\u00e7a Cunha e S\u00e1 apoiou a candidatura de Ant\u00f3nio Filipe para as elei\u00e7\u00f5es presidenciais do pr\u00f3ximo ano.<\/p>\n<p>&#13;<br \/>\nC\/ Lusa&#13;<\/p>\n","protected":false},"excerpt":{"rendered":"Nascida em 23 de agosto de 1958, em Lisboa, Constan\u00e7a Cunha e S\u00e1 tinha forma\u00e7\u00e3o em Filosofia e&hellip;\n","protected":false},"author":2,"featured_media":173056,"comment_status":"","ping_status":"","sticky":false,"template":"","format":"standard","meta":{"footnotes":""},"categories":[85],"tags":[6980,36124,114,115,2718,32,33],"class_list":{"0":"post-173055","1":"post","2":"type-post","3":"status-publish","4":"format-standard","5":"has-post-thumbnail","7":"category-entretenimento","8":"tag-comentadora","9":"tag-constanca-cunha-e-sa","10":"tag-entertainment","11":"tag-entretenimento","12":"tag-jornalista","13":"tag-portugal","14":"tag-pt"},"share_on_mastodon":{"url":"https:\/\/pubeurope.com\/@pt\/115650060137734576","error":""},"_links":{"self":[{"href":"https:\/\/www.europesays.com\/pt\/wp-json\/wp\/v2\/posts\/173055","targetHints":{"allow":["GET"]}}],"collection":[{"href":"https:\/\/www.europesays.com\/pt\/wp-json\/wp\/v2\/posts"}],"about":[{"href":"https:\/\/www.europesays.com\/pt\/wp-json\/wp\/v2\/types\/post"}],"author":[{"embeddable":true,"href":"https:\/\/www.europesays.com\/pt\/wp-json\/wp\/v2\/users\/2"}],"replies":[{"embeddable":true,"href":"https:\/\/www.europesays.com\/pt\/wp-json\/wp\/v2\/comments?post=173055"}],"version-history":[{"count":0,"href":"https:\/\/www.europesays.com\/pt\/wp-json\/wp\/v2\/posts\/173055\/revisions"}],"wp:featuredmedia":[{"embeddable":true,"href":"https:\/\/www.europesays.com\/pt\/wp-json\/wp\/v2\/media\/173056"}],"wp:attachment":[{"href":"https:\/\/www.europesays.com\/pt\/wp-json\/wp\/v2\/media?parent=173055"}],"wp:term":[{"taxonomy":"category","embeddable":true,"href":"https:\/\/www.europesays.com\/pt\/wp-json\/wp\/v2\/categories?post=173055"},{"taxonomy":"post_tag","embeddable":true,"href":"https:\/\/www.europesays.com\/pt\/wp-json\/wp\/v2\/tags?post=173055"}],"curies":[{"name":"wp","href":"https:\/\/api.w.org\/{rel}","templated":true}]}}