{"id":173061,"date":"2025-12-02T12:54:29","date_gmt":"2025-12-02T12:54:29","guid":{"rendered":"https:\/\/www.europesays.com\/pt\/173061\/"},"modified":"2025-12-02T12:54:29","modified_gmt":"2025-12-02T12:54:29","slug":"agora-quando-o-fc-porto-marca-o-dragao-fica-quase-as-escuras-maisfutebol","status":"publish","type":"post","link":"https:\/\/www.europesays.com\/pt\/173061\/","title":{"rendered":"Agora quando o FC Porto marca, o Drag\u00e3o fica quase \u00e0s escuras &#8211; Maisfutebol"},"content":{"rendered":"<ol>\n<li><a href=\"https:\/\/news.google.com\/rss\/articles\/CBMiuwFBVV95cUxPeFpyRVExaXpkdkxYa0ZEU2pLQmx0UHZ5V1lKQ3gyZVdqQ1RZSTQxeUZjRmtGaFdWZ2YxVlZINEZyY195Sk1RTmRwSUJOR09lekZya3diUTdSMUdha19JOGhCLWVjeDJZOTRQU2FBblR5eUNfSWk3V1V4dTdnZ202YUs3YmxTd3hMWmRRX1VMMTlnWmtuX25pT1JDeFJZZ0dQSkthYWJsTThjMUtPVlVaNFpTd1Y4c05DS2dj?oc=5\" target=\"_blank\" rel=\"nofollow noopener\">Agora quando o FC Porto marca, o Drag\u00e3o fica quase \u00e0s escuras<\/a>&nbsp;&nbsp;Maisfutebol<\/li>\n<li><a href=\"https:\/\/news.google.com\/rss\/articles\/CBMi6wFBVV95cUxQTkx3Ui1hOFNrWFRNMksyVkNFMHBjSm5mcVBmTEt1b2tLbTRIR2RVMDF6eUNVV3dSSjcwQnh5MkxoeFhBUFB6SzkzUnN4Vk1pVHVQaFlBTXpEcWljT295QVZXallUWlJKYUVucURqYTZ3WmhWWnBNWU1xbTk2TUJndlowUDZsYllteTQxeXQ5dmZiM0VBQVhYQVNnaXptRHpROFRYMzFuWXRRS3Q3N3VZNk16dHZZSDY3RVlWSUdFWV9zTmgtVndIREV3Ykt3dUMwMGVsQ3BTTXJzd04yRU0wMWxRQmZCM24xcEkw?oc=5\" target=\"_blank\" rel=\"nofollow noopener\">FC Porto estreia nova ilumina\u00e7\u00e3o no Est\u00e1dio do Drag\u00e3o com direito a an\u00fancio curioso do onze inicial<\/a>&nbsp;&nbsp;Bola na Rede<\/li>\n<li><a href=\"https:\/\/news.google.com\/rss\/articles\/CBMixgFBVV95cUxPMWxIQ3J1NlVLcHFzZl91a1ZoZHB1cHFvTlRaTTltZHNnT0dCY3pVTU5zZ2RxeW9wdVppM25qeFhlTElMTDQxZ0tOWjVuanRDUVh5aUNhYnJqZjM0ZDRlNlhxWndRNHRfXzB4SjJSSGNoekNpNHJBbXNFQ3NzNXlyWU5KWjFxVDJISG1KcFRLalRFT2gxOHo5dnVmX3NtT0xGVkZLbk4zeHpjRGRKYk05c19iZlJtaTZ1eVhucFA3RlV0c1lSN1E?oc=5\" target=\"_blank\" rel=\"nofollow noopener\">Rece\u00e7\u00e3o do FC Porto ao Estoril vai estrear nova ilumina\u00e7\u00e3o no Est\u00e1dio do Drag\u00e3o<\/a>&nbsp;&nbsp;SAPO<\/li>\n<li><a href=\"https:\/\/news.google.com\/rss\/articles\/CBMimwFBVV95cUxNSUZvRFRxZ3k1Q0UtUDU3Vm41RFZmUFNzcjk2ajEyNW82Y3JWYjVDMS03eFQyQkVZQS1KOWJfVWRiWXhCTUNTV2hvV0M2cmFWWTlRYUhpSHFZVzlMbkxxMjJkblpuaFJnN0JQUHk3T2ZqY2pfSUVUdlE0SFVwRkE1endvUUFOc0pRZGNfZ3JPbDJ3QUhpSlAwNTJIaw?oc=5\" target=\"_blank\" rel=\"nofollow noopener\">Novo sistema de luzes do Drag\u00e3o arranca no domingo<\/a>&nbsp;&nbsp;O Jogo<\/li>\n<li><a href=\"https:\/\/news.google.com\/rss\/articles\/CBMi2wFBVV95cUxNVUxtUGNqWXlqN05SaHB6WFBnV214RGN3VFJkT0RraEdWSDVtSHcyOEdaX0EwU1I4TGZ2U3ZyYklXaTlaRURvNlFzNDdzZndVeEJmSVZEYVo0ZzlqVXBhZ2V3dlFrc1Jvd05qSnM4VkVfRnhnODgyd0h6aGNJSkVNMTE4R1VQNk90ekVsUEFaRW0yeGh1YmlXeUlWck9ZNllFN3k5eTNzT2VDakhJX1h4MjIwX1NFamFYcGtPc2JDNWZaMTZ4YXJhMF8zSHVQTVFBNXFmQ2lYX1RPc3c?oc=5\" target=\"_blank\" rel=\"nofollow noopener\">Uma oferta do Estoril iluminou o dif\u00edcil caminho do FC Porto rumo \u00e0 vit\u00f3ria<\/a>&nbsp;&nbsp;Tribuna Expresso<\/li>\n<\/ol>\n","protected":false},"excerpt":{"rendered":"Agora quando o FC Porto marca, o Drag\u00e3o fica quase \u00e0s escuras&nbsp;&nbsp;Maisfutebol FC Porto estreia nova ilumina\u00e7\u00e3o no&hellip;\n","protected":false},"author":2,"featured_media":173062,"comment_status":"","ping_status":"","sticky":false,"template":"","format":"standard","meta":{"footnotes":""},"categories":[8],"tags":[27,28,5946,35869,282,15,16,14,25,26,21,22,46,12,13,19,20,32,23,24,33,47,17,18,29,30,31],"class_list":{"0":"post-173061","1":"post","2":"type-post","3":"status-publish","4":"format-standard","5":"has-post-thumbnail","7":"category-principais-noticias","8":"tag-breaking-news","9":"tag-breakingnews","10":"tag-dragao","11":"tag-estadio-dragao","12":"tag-fc-porto","13":"tag-featured-news","14":"tag-featurednews","15":"tag-headlines","16":"tag-latest-news","17":"tag-latestnews","18":"tag-main-news","19":"tag-mainnews","20":"tag-maisfutebol","21":"tag-news","22":"tag-noticias","23":"tag-noticias-principais","24":"tag-noticiasprincipais","25":"tag-portugal","26":"tag-principais-noticias","27":"tag-principaisnoticias","28":"tag-pt","29":"tag-pura-paixao","30":"tag-top-stories","31":"tag-topstories","32":"tag-ultimas","33":"tag-ultimas-noticias","34":"tag-ultimasnoticias"},"share_on_mastodon":{"url":"https:\/\/pubeurope.com\/@pt\/115650079243604600","error":""},"_links":{"self":[{"href":"https:\/\/www.europesays.com\/pt\/wp-json\/wp\/v2\/posts\/173061","targetHints":{"allow":["GET"]}}],"collection":[{"href":"https:\/\/www.europesays.com\/pt\/wp-json\/wp\/v2\/posts"}],"about":[{"href":"https:\/\/www.europesays.com\/pt\/wp-json\/wp\/v2\/types\/post"}],"author":[{"embeddable":true,"href":"https:\/\/www.europesays.com\/pt\/wp-json\/wp\/v2\/users\/2"}],"replies":[{"embeddable":true,"href":"https:\/\/www.europesays.com\/pt\/wp-json\/wp\/v2\/comments?post=173061"}],"version-history":[{"count":0,"href":"https:\/\/www.europesays.com\/pt\/wp-json\/wp\/v2\/posts\/173061\/revisions"}],"wp:featuredmedia":[{"embeddable":true,"href":"https:\/\/www.europesays.com\/pt\/wp-json\/wp\/v2\/media\/173062"}],"wp:attachment":[{"href":"https:\/\/www.europesays.com\/pt\/wp-json\/wp\/v2\/media?parent=173061"}],"wp:term":[{"taxonomy":"category","embeddable":true,"href":"https:\/\/www.europesays.com\/pt\/wp-json\/wp\/v2\/categories?post=173061"},{"taxonomy":"post_tag","embeddable":true,"href":"https:\/\/www.europesays.com\/pt\/wp-json\/wp\/v2\/tags?post=173061"}],"curies":[{"name":"wp","href":"https:\/\/api.w.org\/{rel}","templated":true}]}}