{"id":173083,"date":"2025-12-02T13:17:15","date_gmt":"2025-12-02T13:17:15","guid":{"rendered":"https:\/\/www.europesays.com\/pt\/173083\/"},"modified":"2025-12-02T13:17:15","modified_gmt":"2025-12-02T13:17:15","slug":"morte-mae-de-famosa-atriz-encontrada-sem-vida-na-casa-de-banho","status":"publish","type":"post","link":"https:\/\/www.europesays.com\/pt\/173083\/","title":{"rendered":"Morte &#8211; M\u00e3e de famosa atriz encontrada sem vida na casa de banho"},"content":{"rendered":"<p><strong>Mel Maia<\/strong> enfrenta um momento de profunda dor. Na sexta-feira, 28 de novembro, foi confirmado o falecimento da sua m\u00e3e, <strong>D\u00e9bora Maia<\/strong>, aos 53 anos.<\/p>\n<p>Segundo a imprensa brasileira, foi <strong>encontrada sem vida na casa de banho do seu apartamento<\/strong>, no <strong>Rio de Janeiro<\/strong>, no <strong>Brasil<\/strong>. Quem encontrou o corpo foi a empregada dom\u00e9stica.<\/p>\n<p>A atriz conhecida pelo seu papel na s\u00e9rie da <strong>Netflix<\/strong> \u2018Os Donos do Jogo\u2019 j\u00e1 se pronunciou nas redes sociais com um comunicado.<\/p>\n<blockquote>\n<p><strong>Leia tamb\u00e9m:\u00a0<\/strong><a href=\"https:\/\/www.novagente.pt\/antonio-rocha-sem-abrigo-encontrado-morto-no-porto-estava-frio-muito-roxo\" rel=\"nofollow noopener\" target=\"_blank\">Sem-abrigo encontrado morto no Porto: &#8220;Estava frio, muito roxo&#8221;<\/a><\/p>\n<\/blockquote>\n<p><strong>\u201c\u00c9 com imenso pesar que comunicamos o falecimento de D\u00e9bora Maia, m\u00e3e da atriz Melissa Maia. Neste momento de dor e luto, pedimos a todos os f\u00e3s, imprensa, amigos e parceiro que compreendam a necessidade de recolhimento e privacidade da fam\u00edlia. Agradecemos a todos pela compreens\u00e3o e respeito\u201d<\/strong>, pode ler-se no story.<\/p>\n<p>At\u00e9 ao momento ainda n\u00e3o se sabe a causa da morte da empres\u00e1ria, no entanto, o jornalista <strong>Leo Dias<\/strong> no programa <strong>Melhor da Tarde<\/strong>, da Band, referiu que<strong> as suspeitas apontam para uma overdose ap\u00f3s misturar medicamentos com bebida alco\u00f3lica<\/strong>. Pessoas pr\u00f3ximas ter\u00e3o confirmado que estas misturas eram comuns.<\/p>\n<p>\u00a0<\/p>\n<p>Texto: Carolina Charrua; Fotos: Redes Sociais e Unsplash<\/p>\n<p class=\"intagram-text\">Siga a Nova Gente no Instagram<\/p>\n<p>                        <a href=\"https:\/\/www.instagram.com\/revistanovagente\/\" target=\"_blank\" aria-label=\"instagram\" rel=\"noopener nofollow\"><img decoding=\"async\" style=\"display: block; margin-left: auto; margin-right: auto; width: 250px; height: 83px;\" src=\"https:\/\/www.europesays.com\/pt\/wp-content\/uploads\/2025\/11\/Instagram_NG.png\" alt=\"instagram\"\/><\/a><br \/>\n                    <script async src=\"\/\/www.instagram.com\/embed.js\"><\/script><\/p>\n","protected":false},"excerpt":{"rendered":"Mel Maia enfrenta um momento de profunda dor. Na sexta-feira, 28 de novembro, foi confirmado o falecimento da&hellip;\n","protected":false},"author":2,"featured_media":173084,"comment_status":"","ping_status":"","sticky":false,"template":"","format":"standard","meta":{"footnotes":""},"categories":[85],"tags":[813,35427,114,115,8204,15987,1437,716,32,33],"class_list":{"0":"post-173083","1":"post","2":"type-post","3":"status-publish","4":"format-standard","5":"has-post-thumbnail","7":"category-entretenimento","8":"tag-atriz","9":"tag-debora-maia","10":"tag-entertainment","11":"tag-entretenimento","12":"tag-mae","13":"tag-mel-maia","14":"tag-morte","15":"tag-netflix","16":"tag-portugal","17":"tag-pt"},"share_on_mastodon":{"url":"https:\/\/pubeurope.com\/@pt\/115650169991216916","error":""},"_links":{"self":[{"href":"https:\/\/www.europesays.com\/pt\/wp-json\/wp\/v2\/posts\/173083","targetHints":{"allow":["GET"]}}],"collection":[{"href":"https:\/\/www.europesays.com\/pt\/wp-json\/wp\/v2\/posts"}],"about":[{"href":"https:\/\/www.europesays.com\/pt\/wp-json\/wp\/v2\/types\/post"}],"author":[{"embeddable":true,"href":"https:\/\/www.europesays.com\/pt\/wp-json\/wp\/v2\/users\/2"}],"replies":[{"embeddable":true,"href":"https:\/\/www.europesays.com\/pt\/wp-json\/wp\/v2\/comments?post=173083"}],"version-history":[{"count":0,"href":"https:\/\/www.europesays.com\/pt\/wp-json\/wp\/v2\/posts\/173083\/revisions"}],"wp:featuredmedia":[{"embeddable":true,"href":"https:\/\/www.europesays.com\/pt\/wp-json\/wp\/v2\/media\/173084"}],"wp:attachment":[{"href":"https:\/\/www.europesays.com\/pt\/wp-json\/wp\/v2\/media?parent=173083"}],"wp:term":[{"taxonomy":"category","embeddable":true,"href":"https:\/\/www.europesays.com\/pt\/wp-json\/wp\/v2\/categories?post=173083"},{"taxonomy":"post_tag","embeddable":true,"href":"https:\/\/www.europesays.com\/pt\/wp-json\/wp\/v2\/tags?post=173083"}],"curies":[{"name":"wp","href":"https:\/\/api.w.org\/{rel}","templated":true}]}}