{"id":173106,"date":"2025-12-02T13:36:09","date_gmt":"2025-12-02T13:36:09","guid":{"rendered":"https:\/\/www.europesays.com\/pt\/173106\/"},"modified":"2025-12-02T13:36:09","modified_gmt":"2025-12-02T13:36:09","slug":"homem-filmado-a-perseguir-ex-companheira-e-filhos-de-carro-nos-olivais","status":"publish","type":"post","link":"https:\/\/www.europesays.com\/pt\/173106\/","title":{"rendered":"Homem filmado a perseguir ex-companheira e filhos de carro nos Olivais"},"content":{"rendered":"<p data-remotead-prev-elm=\"true\" data-remotead-elm-id=\"inread\">Segundo a PSP, a v\u00edtima, ao chegar a casa, apercebeu-se de que o ex-companheiro a aguardava \u00e0 porta da resid\u00eancia. Assustada, acionou de imediato o bot\u00e3o de p\u00e2nico e seguiu viagem sem parar, sendo de imediato perseguida pelo suspeito.<\/p>\n<p>Durante o percurso, o homem tentou repetidamente despistar o carro onde seguiam a mulher, o atual companheiro desta e os dois menores. Num momento em que a viatura da v\u00edtima ficou momentaneamente imobilizada, o agressor saiu do ve\u00edculo e desferiu v\u00e1rios murros na janela do lado do passageiro, tentando agredir quem se encontrava no interior.<\/p>\n<p>Os embates entre os carros levaram a que as crian\u00e7as necessitassem de assist\u00eancia m\u00e9dica, apresentando les\u00f5es provocadas pela viol\u00eancia do incidente.<\/p>\n<p>A PSP, depois de tomar conhecimento da situa\u00e7\u00e3o e de analisar as imagens que circularam nas redes sociais, desencadeou dilig\u00eancias para localizar o suspeito, que acabou por ser intercetado e detido fora de flagrante delito por viol\u00eancia dom\u00e9stica, cerca de quatro horas depois do sucedido.<\/p>\n<p>O homem vai ser apresentado a primeiro interrogat\u00f3rio judicial para aplica\u00e7\u00e3o de medidas de coa\u00e7\u00e3o.<\/p>\n","protected":false},"excerpt":{"rendered":"Segundo a PSP, a v\u00edtima, ao chegar a casa, apercebeu-se de que o ex-companheiro a aguardava \u00e0 porta&hellip;\n","protected":false},"author":2,"featured_media":173107,"comment_status":"","ping_status":"","sticky":false,"template":"","format":"standard","meta":{"footnotes":""},"categories":[10],"tags":[27,28,15,16,14,603,25,26,21,22,12,13,19,20,36152,34634,32,23,24,33,17,18,29,30,31,3218],"class_list":{"0":"post-173106","1":"post","2":"type-post","3":"status-publish","4":"format-standard","5":"has-post-thumbnail","7":"category-portugal","8":"tag-breaking-news","9":"tag-breakingnews","10":"tag-featured-news","11":"tag-featurednews","12":"tag-headlines","13":"tag-justica","14":"tag-latest-news","15":"tag-latestnews","16":"tag-main-news","17":"tag-mainnews","18":"tag-news","19":"tag-noticias","20":"tag-noticias-principais","21":"tag-noticiasprincipais","22":"tag-olivais","23":"tag-perseguicao","24":"tag-portugal","25":"tag-principais-noticias","26":"tag-principaisnoticias","27":"tag-pt","28":"tag-top-stories","29":"tag-topstories","30":"tag-ultimas","31":"tag-ultimas-noticias","32":"tag-ultimasnoticias","33":"tag-violencia-domestica"},"share_on_mastodon":{"url":"https:\/\/pubeurope.com\/@pt\/115650244352111068","error":""},"_links":{"self":[{"href":"https:\/\/www.europesays.com\/pt\/wp-json\/wp\/v2\/posts\/173106","targetHints":{"allow":["GET"]}}],"collection":[{"href":"https:\/\/www.europesays.com\/pt\/wp-json\/wp\/v2\/posts"}],"about":[{"href":"https:\/\/www.europesays.com\/pt\/wp-json\/wp\/v2\/types\/post"}],"author":[{"embeddable":true,"href":"https:\/\/www.europesays.com\/pt\/wp-json\/wp\/v2\/users\/2"}],"replies":[{"embeddable":true,"href":"https:\/\/www.europesays.com\/pt\/wp-json\/wp\/v2\/comments?post=173106"}],"version-history":[{"count":0,"href":"https:\/\/www.europesays.com\/pt\/wp-json\/wp\/v2\/posts\/173106\/revisions"}],"wp:featuredmedia":[{"embeddable":true,"href":"https:\/\/www.europesays.com\/pt\/wp-json\/wp\/v2\/media\/173107"}],"wp:attachment":[{"href":"https:\/\/www.europesays.com\/pt\/wp-json\/wp\/v2\/media?parent=173106"}],"wp:term":[{"taxonomy":"category","embeddable":true,"href":"https:\/\/www.europesays.com\/pt\/wp-json\/wp\/v2\/categories?post=173106"},{"taxonomy":"post_tag","embeddable":true,"href":"https:\/\/www.europesays.com\/pt\/wp-json\/wp\/v2\/tags?post=173106"}],"curies":[{"name":"wp","href":"https:\/\/api.w.org\/{rel}","templated":true}]}}