{"id":173111,"date":"2025-12-02T13:43:17","date_gmt":"2025-12-02T13:43:17","guid":{"rendered":"https:\/\/www.europesays.com\/pt\/173111\/"},"modified":"2025-12-02T13:43:17","modified_gmt":"2025-12-02T13:43:17","slug":"novo-harry-potter-dominic-mclaughlin-revela-reacao-ao-ler-carta-de-daniel-radcliffe-assista","status":"publish","type":"post","link":"https:\/\/www.europesays.com\/pt\/173111\/","title":{"rendered":"Novo Harry Potter, Dominic McLaughlin revela rea\u00e7\u00e3o ao ler carta de Daniel Radcliffe; assista"},"content":{"rendered":"<p>                                Ler resumo <\/p>\n<p data-start=\"3159\" data-end=\"3549\">Dominic McLaughlin, novo Harry Potter da s\u00e9rie prevista para 2027, contou que surtou internamente ao receber uma carta de Daniel Radcliffe durante uma viagem de trem. Radcliffe escreveu para desejar que ele \u201cse divirta ainda mais\u201d interpretando o papel. A nova produ\u00e7\u00e3o j\u00e1 tem elenco jovem definido e nomes famosos no corpo docente de Hogwarts, mas ainda n\u00e3o anunciou quem viver\u00e1 Voldemort.<\/p>\n<p>O novo int\u00e9rprete de Harry Potter, <a href=\"https:\/\/hugogloss.uol.com.br\/tag\/dominic-mclaughlin\" rel=\"nofollow noopener\" target=\"_blank\">Dominic McLaughlin<\/a>, de apenas 11 anos, contou qual foi sua rea\u00e7\u00e3o ao receber uma carta escrita por ningu\u00e9m menos que <a href=\"https:\/\/hugogloss.uol.com.br\/tag\/daniel-radcliffe\" rel=\"nofollow noopener\" target=\"_blank\">Daniel Radcliffe<\/a> \u2014 o Harry que marcou uma gera\u00e7\u00e3o no cinema. Em entrevista ao programa \u201cSaturday Mash-Up! Live\u201d, que foi ao ar no s\u00e1bado (29), o jovem ator descreveu a sensa\u00e7\u00e3o com a sinceridade de quem est\u00e1 vivendo o sonho de milhares de f\u00e3s: \u201cFoi uma loucura\u201d.<\/p>\n<p>Dominic contou que tudo aconteceu durante uma viagem de trem para Glasgow, quando seu pai o cutucou discretamente e apenas entregou o envelope misterioso. \u201cEu li e, quando cheguei no final, estava escrito: \u2018Dan R.\u2019. Eu fiquei enlouquecido, mas tive que manter a calma. Eu estava no trem\u201d, relembrou.<\/p>\n<p><strong>Assista:<\/strong><\/p>\n<blockquote class=\"twitter-tweet\" data-media-max-width=\"560\">\n<p dir=\"ltr\" lang=\"en\">Dominic McLaughlin talks about getting a letter from \u2018the man himself\u2019, Daniel Radcliffe, and filming the HARRY POTTER TV series <a href=\"https:\/\/t.co\/Po9ws3gXLQ\" rel=\"nofollow\">pic.twitter.com\/Po9ws3gXLQ<\/a><\/p>\n<p>\u2014 Wizarding World Direct (@WW_Direct) <a href=\"https:\/\/twitter.com\/WW_Direct\/status\/1995221192228376893?ref_src=twsrc%5Etfw\" rel=\"nofollow noopener\" target=\"_blank\">November 30, 2025<\/a><\/p>\n<\/blockquote>\n<p>A contrata\u00e7\u00e3o de Dominic para interpretar o protagonista da s\u00e9rie do universo \u201cHarry Potter\u201d, prevista para 2027, despertou naturalmente compara\u00e7\u00f5es com Radcliffe, que tamb\u00e9m tinha 11 anos quando assumiu o papel nos filmes lan\u00e7ados entre 2001 e 2011. E a passagem de bast\u00e3o ganhou o toque mais doce poss\u00edvel: a carta pessoal do ator brit\u00e2nico.<\/p>\n<p>No m\u00eas passado, Radcliffe contou que tinha escrito para o garoto. Daniel tamb\u00e9m falou sobre sua motiva\u00e7\u00e3o para enviar o recado. Em entrevista ao Good Morning America, ele explicou: \u201cEu s\u00f3 quis escrever para ele dizendo: \u2018Espero que voc\u00ea se divirta ao m\u00e1ximo, ainda mais do que eu\u2019\u201d.<\/p>\n<p> Continua depois da Publicidade <\/p>\n<p>O ator ainda completou dizendo que se derrete ao ver as fotos do elenco jovem: \u201cEles parecem t\u00e3o pequenos. Eu olho e penso: \u2018\u00c9 louco que eu estava fazendo isso nessa idade\u2019. Mas \u00e9 incrivelmente doce\u201d.<\/p>\n<p><strong>Assista ao momento:<\/strong><\/p>\n<blockquote class=\"twitter-tweet\" data-media-max-width=\"560\">\n<p dir=\"ltr\" lang=\"pt\">De Harry para Harry! Daniel Radcliffe revelou no \u201cGood Morning America\u201d que decidiu escrever uma carta para Dominic McLaughlin, o ator mirim escolhido para interpretar Harry Potter na nova s\u00e9rie da HBO.<\/p>\n<p>O artista contou que tomou a iniciativa por j\u00e1 conhecer pessoas da equipe e\u2026 <a href=\"https:\/\/t.co\/FlTjHRn3VI\" rel=\"nofollow\">pic.twitter.com\/FlTjHRn3VI<\/a><\/p>\n<p>\u2014 PAPELPOP (@papelpop) <a href=\"https:\/\/twitter.com\/papelpop\/status\/1991172243607388521?ref_src=twsrc%5Etfw\" rel=\"nofollow noopener\" target=\"_blank\">November 19, 2025<\/a><\/p>\n<\/blockquote>\n<p>  Continua depois da Publicidade <\/p>\n<p>Al\u00e9m de Dominic como Harry, a nova adapta\u00e7\u00e3o j\u00e1 tem alguns outros nomes confirmados: Arabella Stanton como Hermione Granger, Alastair Stout como Ron Wesley, <a href=\"https:\/\/hugogloss.uol.com.br\/tag\/paapa-essiedu\" rel=\"nofollow noopener\" target=\"_blank\">Paapa Essiedu<\/a> como Severo Snape, John Lithgow como Dumbledore, Janet McTeer como Minerva McGonagall e Nick Frost como Hagrid.<\/p>\n<p>                                                                    <a id=\"google-news\" class=\"google-news\" href=\"https:\/\/news.google.com\/publications\/CAAqBwgKMM6ViAswv82GAw?ceid=BR:pt-419&amp;amp;oc=3&amp;amp;hl=pt-BR&amp;amp;gl=BR\" target=\"_blank\" rel=\"nofollow noopener\"><\/p>\n<p>                                            Siga a <strong> Hugo Gloss no Google News<\/strong> e acompanhe nossos destaques<\/p>\n<p>                                    <\/a><br \/>\n                                                            <script async src=\"https:\/\/platform.twitter.com\/widgets.js\" charset=\"utf-8\"><\/script><\/p>\n","protected":false},"excerpt":{"rendered":"Ler resumo Dominic McLaughlin, novo Harry Potter da s\u00e9rie prevista para 2027, contou que surtou internamente ao receber&hellip;\n","protected":false},"author":2,"featured_media":173112,"comment_status":"","ping_status":"","sticky":false,"template":"","format":"standard","meta":{"footnotes":""},"categories":[140],"tags":[15628,33877,114,115,147,148,700,146,32,33],"class_list":{"0":"post-173111","1":"post","2":"type-post","3":"status-publish","4":"format-standard","5":"has-post-thumbnail","7":"category-filmes","8":"tag-daniel-radcliffe","9":"tag-dominic-mclaughlin","10":"tag-entertainment","11":"tag-entretenimento","12":"tag-film","13":"tag-filmes","14":"tag-harry-potter","15":"tag-movies","16":"tag-portugal","17":"tag-pt"},"share_on_mastodon":{"url":"https:\/\/pubeurope.com\/@pt\/115650271939091335","error":""},"_links":{"self":[{"href":"https:\/\/www.europesays.com\/pt\/wp-json\/wp\/v2\/posts\/173111","targetHints":{"allow":["GET"]}}],"collection":[{"href":"https:\/\/www.europesays.com\/pt\/wp-json\/wp\/v2\/posts"}],"about":[{"href":"https:\/\/www.europesays.com\/pt\/wp-json\/wp\/v2\/types\/post"}],"author":[{"embeddable":true,"href":"https:\/\/www.europesays.com\/pt\/wp-json\/wp\/v2\/users\/2"}],"replies":[{"embeddable":true,"href":"https:\/\/www.europesays.com\/pt\/wp-json\/wp\/v2\/comments?post=173111"}],"version-history":[{"count":0,"href":"https:\/\/www.europesays.com\/pt\/wp-json\/wp\/v2\/posts\/173111\/revisions"}],"wp:featuredmedia":[{"embeddable":true,"href":"https:\/\/www.europesays.com\/pt\/wp-json\/wp\/v2\/media\/173112"}],"wp:attachment":[{"href":"https:\/\/www.europesays.com\/pt\/wp-json\/wp\/v2\/media?parent=173111"}],"wp:term":[{"taxonomy":"category","embeddable":true,"href":"https:\/\/www.europesays.com\/pt\/wp-json\/wp\/v2\/categories?post=173111"},{"taxonomy":"post_tag","embeddable":true,"href":"https:\/\/www.europesays.com\/pt\/wp-json\/wp\/v2\/tags?post=173111"}],"curies":[{"name":"wp","href":"https:\/\/api.w.org\/{rel}","templated":true}]}}