{"id":173119,"date":"2025-12-02T13:49:12","date_gmt":"2025-12-02T13:49:12","guid":{"rendered":"https:\/\/www.europesays.com\/pt\/173119\/"},"modified":"2025-12-02T13:49:12","modified_gmt":"2025-12-02T13:49:12","slug":"maduro-nomeou-novo-gabinete-politico-e-sublinha-poder-do-povo-venezuelano-venezuela","status":"publish","type":"post","link":"https:\/\/www.europesays.com\/pt\/173119\/","title":{"rendered":"Maduro nomeou novo gabinete pol\u00edtico e sublinha poder do povo venezuelano | Venezuela"},"content":{"rendered":"<p>O Presidente da Venezuela, <a href=\"https:\/\/www.publico.pt\/2025\/11\/25\/mundo\/noticia\/nao-conseguem-derrotar-venezuela-nicolas-maduro-deixa-mensagem-eua-2155882\" rel=\"nofollow noopener\" target=\"_blank\">Nicol\u00e1s Maduro<\/a>, nomeou nesta segunda-feira um novo gabinete pol\u00edtico, afirmando que este servir\u00e1 para assumir \u201ca direc\u00e7\u00e3o ao mais alto n\u00edvel das for\u00e7as pol\u00edticas, sociais e da <a href=\"https:\/\/www.publico.pt\/1999\/12\/06\/jornal\/a-revolucao-bolivariana-de-chavez-127429\" rel=\"nofollow noopener\" target=\"_blank\">revolu\u00e7\u00e3o bolivariana<\/a>\u201d.<\/p>\n<p>Depois de um desfile em Caracas, de juramento dos Comandos Bolivarianos Integrados do Partido Socialista Unido da Venezuela (PSUV), no poder, Nicol\u00e1s Maduro anunciou a nomea\u00e7\u00e3o de um novo gabinete pol\u00edtico, com 12 l\u00edderes do chavismo, a corrente pol\u00edtica do Presidente venezuelano, inspirada pelas ideias do antecessor, Hugo Ch\u00e1vez.<\/p>\n<p>Maduro afirmou ainda que o <a href=\"https:\/\/www.publico.pt\/2025\/11\/30\/mundo\/noticia\/oposicao-venezuelana-capacidade-mobilizacao-enfrenta-cenario-sucessao-incerto-2156309?ref=america-latina&amp;cx=page__content\" rel=\"nofollow noopener\" target=\"_blank\">poder da Venezuela<\/a> assenta \u201cno seu povo, na sua consci\u00eancia, nas suas institui\u00e7\u00f5es e armas\u201d, numa altura de tens\u00e3o nas rela\u00e7\u00f5es com os Estados Unidos.<\/p>\n<p>\u201cO poder nacional da Venezuela do s\u00e9culo XXI baseia-se no imenso poder do seu povo, na sua consci\u00eancia, nas suas institui\u00e7\u00f5es, nas suas armas e na decis\u00e3o de construir esta p\u00e1tria acima de qualquer dificuldade\u201d, disse.<\/p>\n<p>Os Comandos Bolivarianos Integrados ser\u00e3o respons\u00e1veis pela revis\u00e3o dos planos de seguran\u00e7a das comunidades venezuelanas e pelo apoio \u00e0s \u00e1reas de educa\u00e7\u00e3o p\u00fablica, sa\u00fade e obras p\u00fablicas.<\/p>\n<p><strong>Venezuelanos contra \u201cimperialismo norte-americano\u201d<\/strong><\/p>\n<p>Os venezuelanos marcharam nesta ter\u00e7a-feira, em Caracas, contra o \u201c<a href=\"https:\/\/www.publico.pt\/2025\/11\/30\/mundo\/noticia\/escalada-militar-caraibas-empurra-crise-venezuelaeua-terreno-imprevisivel-2156288?ref=venezuela&amp;cx=page__content\" rel=\"nofollow noopener\" target=\"_blank\">imperialismo norte-americano<\/a>\u201d e em defesa do seu pa\u00eds e dos Comandos Bolivarianos Integrados do Partido Socialista Unido da Venezuela (PSUV), no poder.<\/p>\n<p>Vestidos maioritariamente de vermelho, a cor da revolu\u00e7\u00e3o, com bon\u00e9s na cabe\u00e7a e cartazes com a foto do Presidente Nicol\u00e1s Maduro, os venezuelanos concentraram-se na Avenida M\u00e9xico de Caracas, a alguns quil\u00f3metros do centro, caminhando depois em direc\u00e7\u00e3o ao centro da cidade, at\u00e9 ao pal\u00e1cio presidencial de Miraflores.<\/p>\n<p>Durante a manifesta\u00e7\u00e3o foram gritadas palavras de ordem contra o \u201cimperialismo norte-americano\u201d e reafirmado o compromisso dos manifestantes em fortalecer a organiza\u00e7\u00e3o territorial do PSUV, que se reorganiza com novos Comandos Bolivarianos Integrados.<\/p>\n<p>\u201cNas catacumbas do povo e das comunidades, juntos e juntas, criamos e desenhamos a Venezuela que queremos, que n\u00e3o \u00e9 uma interven\u00e7\u00e3o estrangeira, mas sim que os problemas sejam resolvidos por n\u00f3s mesmos (&#8230;) Estamos com o presidente Nicol\u00e1s Maduro, estamos rezando a Deus, de joelhos no ch\u00e3o para garantir a paz\u201d, disse um dos participantes aos jornalistas.<\/p>\n<p>Darwin Mu\u00f1oz frisou ainda que a manifesta\u00e7\u00e3o desta ter\u00e7a-feira transmite essa mensagem clara e concisa ao mundo.<\/p>\n<p>Por outro lado, a vice-presidente venezuelana, Delcy Rodr\u00edguez, alertou os jornalistas que est\u00e3o a enfrentar \u201ca era desesperada do imperialismo pelos recursos da Venezuela\u201d e condenou as amea\u00e7as dos EUA para \u201cse apropriar de enormes jazidas energ\u00e9ticas que s\u00e3o propriedade exclusiva dos venezuelanos\u201d.<\/p>\n<p>        &#13;<br \/>\n            &#13;<\/p>\n<p>Recordou que o Presidente Nicol\u00e1s Maduro enviou uma carta \u00e0 OPEP+, denunciando a estrat\u00e9gia norte-americana de apropriar-se dos recursos venezuelanos atrav\u00e9s de \u201cuma agress\u00e3o militar letal\u201d.<\/p>\n<p>\u201cHoje estamos em defesa da soberania da Venezuela e dos seus recursos\u201d, disse \u00e0 televis\u00e3o estatal.<\/p>\n<p>Por outro lado, o presidente da Assembleia Nacional (parlamento), Jorge Rodr\u00edguez, declarou aos jornalistas que o PSUV garantir\u00e1 a defesa de cada espa\u00e7o da Venezuela e o direito do pa\u00eds a permanecer livre e independente.<\/p>\n<p>\u201cSe a p\u00e1tria for amea\u00e7ada, este \u00e9 o partido, a partir das ruas, das comunidades, dos bairros, da organiza\u00e7\u00e3o [interna que], vamos defender o nosso direito \u00e0 defesa, a uma vida plena. A partir deste partido, defenderemos cada cent\u00edmetro do territ\u00f3rio sagrado da p\u00e1tria\u201d, disse sublinhando que os venezuelanos s\u00e3o alegres, mas tamb\u00e9m profundamente libert\u00e1rios.<\/p>\n<p>O Partido Socialista Unido da Venezuela (PSUV, no governo) tem 241.000 Comit\u00e9s Bolivarianos Integrados, constitu\u00eddos.<\/p>\n<p>O Presidente dos Estados Unidos, Donald Trump, declarou no s\u00e1bado que o <a href=\"https:\/\/www.publico.pt\/2025\/11\/29\/mundo\/noticia\/portugueses-desesperam-venezuela-voos-suspensos-incerteza-total-2156540?ref=venezuela&amp;cx=page__content\" rel=\"nofollow noopener\" target=\"_blank\">espa\u00e7o a\u00e9reo<\/a> da Venezuela deve ser considerado \u201c<a href=\"https:\/\/www.publico.pt\/2025\/11\/29\/mundo\/noticia\/trump-anuncia-encerramento-espaco-aereo-venezuela-2156520\" rel=\"nofollow noopener\" target=\"_blank\">totalmente <\/a><a href=\"https:\/\/www.publico.pt\/2025\/11\/29\/mundo\/noticia\/trump-anuncia-encerramento-espaco-aereo-venezuela-2156520\" rel=\"nofollow noopener\" target=\"_blank\">fechado<\/a>\u201d.<\/p>\n<p>\u201cTodas as companhias a\u00e9reas, pilotos, traficantes de droga e traficantes de seres humanos, considerem o espa\u00e7o a\u00e9reo sobre e ao redor da Venezuela como totalmente fechado\u201d, escreveu o l\u00edder norte-americano na sua rede social, a <a href=\"https:\/\/truthsocial.com\/@realDonaldTrump\/posts\/115633041089714842\" target=\"_blank\" rel=\"nofollow noopener\">Truth Social<\/a>.<\/p>\n<p>Esta declara\u00e7\u00e3o de Trump surge numa altura em que os Estados Unidos intensificam a press\u00e3o sobre a Venezuela com um grande <a href=\"https:\/\/www.publico.pt\/2025\/11\/28\/mundo\/noticia\/trump-ameaca-accoes-terrestres-venezuela-breve-2156347?ref=venezuela&amp;cx=page__content\" rel=\"nofollow noopener\" target=\"_blank\">destacamento militar nas Cara\u00edbas<\/a>, incluindo o maior porta-avi\u00f5es do mundo, e admitem ataques terrestres no territ\u00f3rio venezuelano na luta contra os cart\u00e9is de droga.<\/p>\n<p>A Venezuela condenou a mensagem do Presidente dos Estados Unidos classificando-a como uma \u201camea\u00e7a colonialista\u201d.<\/p>\n<p>Sob o pretexto de combater o narcotr\u00e1fico, os Estados Unidos mant\u00eam desde Setembro um destacamento naval e a\u00e9reo em \u00e1guas das Cara\u00edbas pr\u00f3ximas da Venezuela.<\/p>\n<p>Trump vai reunir-se nas pr\u00f3ximas horas com o conselho de seguran\u00e7a nacional para discutir a <a href=\"https:\/\/www.publico.pt\/2025\/11\/27\/economia\/noticia\/venezuela-revoga-licencas-tap-companhias-aereas-2156193\" rel=\"nofollow noopener\" target=\"_blank\">rela\u00e7\u00e3o com a Venezuela<\/a>, avan\u00e7ou na segunda-feira a porta-voz da Casa Branca, Karoline Leavitt.<\/p>\n<p><strong>Venezuela acusa TPI de \u201ccolonialismo legal\u201d<\/strong><\/p>\n<p>O Governo da Venezuela acusou tamb\u00e9m nesta ter\u00e7a-feira o <a href=\"https:\/\/www.publico.pt\/2025\/08\/03\/mundo\/noticia\/peritos-ponderam-queixa-eua-tpi-abuso-detidos-el-salvador-2142693?ref=tribunal-penal-internacional&amp;cx=page__content\" rel=\"nofollow noopener\" target=\"_blank\">Tribunal Penal Internacional<\/a> (TPI) de abandonar as suas obriga\u00e7\u00f5es para justificar o \u201ccolonialismo legal\u201d contra Caracas, depois de o TPI ter anunciado o encerramento do escrit\u00f3rio na capital venezuelana.<\/p>\n<p>\u201cA Venezuela tem-se empenhado de boa-f\u00e9 com a Procuradoria do TPI num processo que, ao que tudo indica, n\u00e3o se enquadra nas disposi\u00e7\u00f5es do Estatuto de Roma, mas que procura satisfazer a agenda anti-Venezuela promovida pelos centros hegem\u00f3nicos\u201d, afirmou o minist\u00e9rio venezuelano dos Neg\u00f3cios Estrangeiros, na segunda-feira.<\/p>\n<p>O Governo da Venezuela considerou na plataforma de mensagens Telegram que \u201c\u00e9 muito \u00f3bvio\u201d que n\u00e3o foram cometidos crimes contra a humanidade no pa\u00eds, algo demonstrado, \u201ca todos os n\u00edveis\u201d, num processo que denunciou como \u201cmanipulado para fins geopol\u00edticos\u201d.<\/p>\n<p>\u201cApesar disso, a Venezuela, num claro esp\u00edrito de coopera\u00e7\u00e3o internacional, comprometeu-se com mecanismos de complementaridade positiva visando o refor\u00e7o das capacidades nacionais para garantir a administra\u00e7\u00e3o eficaz da justi\u00e7a no nosso pa\u00eds, reafirmando que a jurisdi\u00e7\u00e3o prim\u00e1ria venezuelana \u00e9 insubstitu\u00edvel\u201d, acrescentou o minist\u00e9rio.<\/p>\n<p>Horas antes, o TPI anunciou que vai encerrar o escrit\u00f3rio em Caracas por falta de \u201cprogresso real\u201d com as autoridades venezuelanas. O escrit\u00f3rio de coopera\u00e7\u00e3o t\u00e9cnica tinha sido criado gra\u00e7as a um acordo assinado em Junho de 2023.<\/p>\n<p>O Governo da Venezuela lamentou que, apesar de terem passado sete meses desde a inaugura\u00e7\u00e3o do escrit\u00f3rio em Caracas, o TPI \u201cnunca nomeou pessoal para ocupar estes espa\u00e7os\u201d.<\/p>\n<p>\u201cTamb\u00e9m n\u00e3o formulou contributos e recomenda\u00e7\u00f5es em rela\u00e7\u00e3o \u00e0s diversas iniciativas da Venezuela, desconsiderando irresponsavelmente as responsabilidades anteriormente assumidas\u201d, destacou o executivo do Presidente Nicol\u00e1s Maduro.<\/p>\n<p>Caracas acusou ainda a agenda do TPI no pa\u00eds de ser \u201cmuito clara: lavar as m\u00e3os e n\u00e3o fazer nada para depois instrumentalizar a justi\u00e7a para fins pol\u00edticos\u201d.<\/p>\n<p>Apesar do encerramento do escrit\u00f3rio na capital venezuelana, o procurador-adjunto do TPI Mame Mandiaye Niang garantiu que o organismo continua a investigar alegados crimes contra a humanidade cometidos na Venezuela.<\/p>\n<p>A <a href=\"https:\/\/www.publico.pt\/2021\/11\/04\/mundo\/noticia\/tpi-esperanca-justica-vitimas-regime-maduro-1983693\" rel=\"nofollow noopener\" target=\"_blank\">investiga\u00e7\u00e3o do TPI<\/a> \u201cmant\u00e9m-se centrada e activa\u201d, gra\u00e7as ao trabalho de uma equipa dedicada e unificada, juntamente com parceiros, \u201ce, como sempre, guiados pelas evid\u00eancias e pela lei\u201d, afirmou Niang.<\/p>\n<p>A 2 de Setembro, o TPI confirmou o afastamento do Procurador-chefe <a href=\"https:\/\/www.publico.pt\/2025\/08\/28\/mundo\/noticia\/procurador-tpi-acusado-ma-conduta-sexual-segunda-mulher-2145246\" rel=\"nofollow noopener\" target=\"_blank\">Karim Khan<\/a> da investiga\u00e7\u00e3o sobre crimes contra a humanidade na Venezuela, ap\u00f3s lhe ter sido concedido o prazo de tr\u00eas semanas para se retirar do caso, pela exist\u00eancia de \u201cmotivos razo\u00e1veis\u201d para um eventual conflito de interesses.<\/p>\n<p>A investiga\u00e7\u00e3o contra o Governo venezuelano come\u00e7ou em 2018, quando foram apresentadas den\u00fancias de repress\u00e3o durante protestos antigovernamentais ocorridos em 2014.<\/p>\n","protected":false},"excerpt":{"rendered":"O Presidente da Venezuela, Nicol\u00e1s Maduro, nomeou nesta segunda-feira um novo gabinete pol\u00edtico, afirmando que este servir\u00e1 para&hellip;\n","protected":false},"author":2,"featured_media":173120,"comment_status":"","ping_status":"","sticky":false,"template":"","format":"standard","meta":{"footnotes":""},"categories":[50],"tags":[993,27,28,92,413,15,16,14,25,26,21,22,62,12,3025,13,19,20,23,24,17,18,29,30,31,3023,63,64,65],"class_list":{"0":"post-173119","1":"post","2":"type-post","3":"status-publish","4":"format-standard","5":"has-post-thumbnail","7":"category-mundo","8":"tag-america","9":"tag-breaking-news","10":"tag-breakingnews","11":"tag-donald-trump","12":"tag-eua","13":"tag-featured-news","14":"tag-featurednews","15":"tag-headlines","16":"tag-latest-news","17":"tag-latestnews","18":"tag-main-news","19":"tag-mainnews","20":"tag-mundo","21":"tag-news","22":"tag-nicolas-maduro","23":"tag-noticias","24":"tag-noticias-principais","25":"tag-noticiasprincipais","26":"tag-principais-noticias","27":"tag-principaisnoticias","28":"tag-top-stories","29":"tag-topstories","30":"tag-ultimas","31":"tag-ultimas-noticias","32":"tag-ultimasnoticias","33":"tag-venezuela","34":"tag-world","35":"tag-world-news","36":"tag-worldnews"},"share_on_mastodon":{"url":"https:\/\/pubeurope.com\/@pt\/115650295415120049","error":""},"_links":{"self":[{"href":"https:\/\/www.europesays.com\/pt\/wp-json\/wp\/v2\/posts\/173119","targetHints":{"allow":["GET"]}}],"collection":[{"href":"https:\/\/www.europesays.com\/pt\/wp-json\/wp\/v2\/posts"}],"about":[{"href":"https:\/\/www.europesays.com\/pt\/wp-json\/wp\/v2\/types\/post"}],"author":[{"embeddable":true,"href":"https:\/\/www.europesays.com\/pt\/wp-json\/wp\/v2\/users\/2"}],"replies":[{"embeddable":true,"href":"https:\/\/www.europesays.com\/pt\/wp-json\/wp\/v2\/comments?post=173119"}],"version-history":[{"count":0,"href":"https:\/\/www.europesays.com\/pt\/wp-json\/wp\/v2\/posts\/173119\/revisions"}],"wp:featuredmedia":[{"embeddable":true,"href":"https:\/\/www.europesays.com\/pt\/wp-json\/wp\/v2\/media\/173120"}],"wp:attachment":[{"href":"https:\/\/www.europesays.com\/pt\/wp-json\/wp\/v2\/media?parent=173119"}],"wp:term":[{"taxonomy":"category","embeddable":true,"href":"https:\/\/www.europesays.com\/pt\/wp-json\/wp\/v2\/categories?post=173119"},{"taxonomy":"post_tag","embeddable":true,"href":"https:\/\/www.europesays.com\/pt\/wp-json\/wp\/v2\/tags?post=173119"}],"curies":[{"name":"wp","href":"https:\/\/api.w.org\/{rel}","templated":true}]}}