{"id":173123,"date":"2025-12-02T13:56:09","date_gmt":"2025-12-02T13:56:09","guid":{"rendered":"https:\/\/www.europesays.com\/pt\/173123\/"},"modified":"2025-12-02T13:56:09","modified_gmt":"2025-12-02T13:56:09","slug":"dylan-revela-quem-vai-vencer-o-secret-story-e-aponta-expulsoes-certinhas-tenho-a-certeza","status":"publish","type":"post","link":"https:\/\/www.europesays.com\/pt\/173123\/","title":{"rendered":"Dylan revela quem vai vencer o Secret Story e aponta expuls\u00f5es \u201ccertinhas\u201d: \u201cTenho a certeza\u201d"},"content":{"rendered":"<p>Dylan revela quem vai vencer o Secret Story e aponta expuls\u00f5es \u201ccertinhas\u201d: \u201cTenho a certeza\u201d, assinalou ele.<\/p>\n<p>Ex-concorrente fala no \u2018Dois \u00e0s 10\u2019 ap\u00f3s expuls\u00e3o<\/p>\n<p>Depois de ter sido expulso do Secret Story 9 na gala de domingo, 30 de novembro, Dylan esteve esta segunda-feira, 1 de dezembro, no Dois \u00e0s 10, da TVI, onde deu a primeira entrevista em televis\u00e3o sobre o seu percurso no reality show.<\/p>\n<p>\u201cVai ganhar o Pedro\u201d<\/p>\n<p>Agora fora da casa e consciente de que a sua participa\u00e7\u00e3o n\u00e3o foi a melhor, o ex-concorrente foi desafiado a indicar quem acredita que ser\u00e1 o vencedor desta edi\u00e7\u00e3o. Sem hesitar, afirmou:<br \/><strong>\u201cNeste momento, a ver o que eu vejo, vai ganhar o Pedro\u201c<\/strong>.<\/p>\n<p>Dylan aponta a pr\u00f3xima expulsa<\/p>\n<p>A conversa avan\u00e7ou para o leque de nomeados desta semana \u2014 Bruna, Liliana, Marisa e Pedro \u2014 e Dylan mostrou total convic\u00e7\u00e3o ao prever quem abandonar\u00e1 o jogo:<br \/><strong>\u201cPara mim, sai a Bruna esta semana. Tenho a certeza. \u00c9 a Bruna que vai sair de certeza absoluta\u201c<\/strong>.<\/p>\n<p>\u201cSe a In\u00eas estiver nomeada, sai a In\u00eas\u201d<\/p>\n<p>O ex-concorrente foi ainda mais longe e antecipou tamb\u00e9m o resultado da semana seguinte:<br \/><strong>\u201cE para a semana, se a In\u00eas estiver nomeada, sai a In\u00eas. Vai ser certinho e direitinho\u201c<\/strong>.<\/p>\n<p>Cl\u00e1udio Ramos concorda com o rumo do jogo<\/p>\n<p>Durante o debate, Cl\u00e1udio Ramos considerou que os f\u00e3s n\u00e3o v\u00e3o separar Pedro e Marisa e sublinhou que Liliana <strong>\u201c\u00e9 muito forte dentro da casa\u201c<\/strong>.<\/p>\n<p>Dylan alinhou nessa an\u00e1lise e acrescentou:<br \/><strong>\u201cSim, sim. E o F\u00e1bio acaba por ir ali um bocado a reboque da Liliana, a meu ver. Depois entre o Leandro e a Ana n\u00e3o sei, mas eu apostaria mais no Leandro talvez. Apesar de que para mim o Leandro \u00e9 uma das pessoas que mais se tem vindo a apagar dentro da casa e acho que a Ana tem vindo a ganhar mais for\u00e7a ao jeito dela, por aquela maneira dela ser\u201c<\/strong>.<\/p>\n<p>Veja este momento <a href=\"https:\/\/tvi.iol.pt\/doisas10\/video\/dylan-revela-quem-acha-que-vai-ganhar-o-secret-story-9\/692d84130cf229bd2f8d51bc\" rel=\"nofollow noopener\" target=\"_blank\">AQUI<\/a>.<\/p>\n<p><a href=\"https:\/\/news.google.com\/publications\/CAAqBwgKMKfIoAswtNK4Aw\" target=\"_blank\" rel=\"noopener noreferrer nofollow\"><img loading=\"lazy\" data-lazyloaded=\"1\" width=\"481\" height=\"161\" decoding=\"async\" src=\"\/wp-content\/uploads\/2024\/02\/GN_siganos.png\" alt=\"Siga-nos no Google News\" style=\"margin-top:20px;\"\/><\/a><\/p>\n","protected":false},"excerpt":{"rendered":"Dylan revela quem vai vencer o Secret Story e aponta expuls\u00f5es \u201ccertinhas\u201d: \u201cTenho a certeza\u201d, assinalou ele. Ex-concorrente&hellip;\n","protected":false},"author":2,"featured_media":80965,"comment_status":"","ping_status":"","sticky":false,"template":"","format":"standard","meta":{"footnotes":""},"categories":[142],"tags":[2632,21040,114,115,32,33,151],"class_list":{"0":"post-173123","1":"post","2":"type-post","3":"status-publish","4":"format-standard","5":"has-post-thumbnail","7":"category-tv","8":"tag-casa-dos-segredos","9":"tag-dylan-fonte","10":"tag-entertainment","11":"tag-entretenimento","12":"tag-portugal","13":"tag-pt","14":"tag-tv"},"share_on_mastodon":{"url":"https:\/\/pubeurope.com\/@pt\/115650323222846516","error":""},"_links":{"self":[{"href":"https:\/\/www.europesays.com\/pt\/wp-json\/wp\/v2\/posts\/173123","targetHints":{"allow":["GET"]}}],"collection":[{"href":"https:\/\/www.europesays.com\/pt\/wp-json\/wp\/v2\/posts"}],"about":[{"href":"https:\/\/www.europesays.com\/pt\/wp-json\/wp\/v2\/types\/post"}],"author":[{"embeddable":true,"href":"https:\/\/www.europesays.com\/pt\/wp-json\/wp\/v2\/users\/2"}],"replies":[{"embeddable":true,"href":"https:\/\/www.europesays.com\/pt\/wp-json\/wp\/v2\/comments?post=173123"}],"version-history":[{"count":0,"href":"https:\/\/www.europesays.com\/pt\/wp-json\/wp\/v2\/posts\/173123\/revisions"}],"wp:featuredmedia":[{"embeddable":true,"href":"https:\/\/www.europesays.com\/pt\/wp-json\/wp\/v2\/media\/80965"}],"wp:attachment":[{"href":"https:\/\/www.europesays.com\/pt\/wp-json\/wp\/v2\/media?parent=173123"}],"wp:term":[{"taxonomy":"category","embeddable":true,"href":"https:\/\/www.europesays.com\/pt\/wp-json\/wp\/v2\/categories?post=173123"},{"taxonomy":"post_tag","embeddable":true,"href":"https:\/\/www.europesays.com\/pt\/wp-json\/wp\/v2\/tags?post=173123"}],"curies":[{"name":"wp","href":"https:\/\/api.w.org\/{rel}","templated":true}]}}