{"id":173132,"date":"2025-12-02T14:08:13","date_gmt":"2025-12-02T14:08:13","guid":{"rendered":"https:\/\/www.europesays.com\/pt\/173132\/"},"modified":"2025-12-02T14:08:13","modified_gmt":"2025-12-02T14:08:13","slug":"camiao-abandonado-durante-a-noite-leva-ao-roubo-de-milhares-de-municoes-do-exercito-alemao","status":"publish","type":"post","link":"https:\/\/www.europesays.com\/pt\/173132\/","title":{"rendered":"Cami\u00e3o abandonado durante a noite leva ao roubo de milhares de muni\u00e7\u00f5es do Ex\u00e9rcito alem\u00e3o"},"content":{"rendered":"<p>Mais de 20 mil muni\u00e7\u00f5es pertencentes ao Ex\u00e9rcito alem\u00e3o foram roubadas durante um transporte no leste da Alemanha, avan\u00e7ou a revista Der Spiegel. <\/p>\n<p>O caso, considerado uma falha grave de seguran\u00e7a, est\u00e1 a ser investigado pelas autoridades alem\u00e3s.<\/p>\n<p>\u201cLevamos este roubo muito a s\u00e9rio, pois este tipo de muni\u00e7\u00f5es n\u00e3o pode cair em m\u00e3os erradas\u201d, afirmou um porta-voz do Minist\u00e9rio da Defesa \u00e0 publica\u00e7\u00e3o alem\u00e3.<\/p>\n<p>O roubo ocorreu entre a noite de 24 de novembro e a manh\u00e3 seguinte, quando um indiv\u00edduo ainda n\u00e3o identificado abriu a carga de um cami\u00e3o estacionado num parque de Burg, na Sax\u00f3nia-Anhalt. O motorista da transportadora, contratada pela Bundeswehr, ter\u00e1 decidido dormir num hotel pr\u00f3ximo, deixando o ve\u00edculo sem qualquer vigil\u00e2ncia.<\/p>\n<p>A falha s\u00f3 foi detetada quando o cami\u00e3o chegou ao destino. Ap\u00f3s a inspe\u00e7\u00e3o, confirmou-se o desaparecimento de cerca de <strong>10 mil cartuchos de muni\u00e7\u00e3o de combate para pistolas<\/strong> e <strong>9.900 cartuchos de treino para espingardas de assalto<\/strong>.<\/p>\n<p>De acordo com o Minist\u00e9rio da Defesa, a empresa civil respons\u00e1vel pelo transporte violou as normas de seguran\u00e7a, j\u00e1 que a carga militar deveria estar protegida \u201cem todos os momentos\u201d. A paragem noturna, acrescenta a Der Spiegel, n\u00e3o estava autorizada.<\/p>\n<p>O Governo alem\u00e3o diz estar a tratar o caso com a m\u00e1xima prioridade, enquanto as autoridades tentam identificar o autor do furto e recuperar as muni\u00e7\u00f5es desaparecidas.<\/p>\n","protected":false},"excerpt":{"rendered":"Mais de 20 mil muni\u00e7\u00f5es pertencentes ao Ex\u00e9rcito alem\u00e3o foram roubadas durante um transporte no leste da Alemanha,&hellip;\n","protected":false},"author":2,"featured_media":173133,"comment_status":"","ping_status":"","sticky":false,"template":"","format":"standard","meta":{"footnotes":""},"categories":[50],"tags":[1305,27,28,17062,36155,15,16,14,25,26,21,22,36156,62,36157,12,13,19,20,23,24,5941,17,18,29,30,31,63,64,65],"class_list":{"0":"post-173132","1":"post","2":"type-post","3":"status-publish","4":"format-standard","5":"has-post-thumbnail","7":"category-mundo","8":"tag-alemanha","9":"tag-breaking-news","10":"tag-breakingnews","11":"tag-exercito-alemao","12":"tag-falha-de-seguranca","13":"tag-featured-news","14":"tag-featurednews","15":"tag-headlines","16":"tag-latest-news","17":"tag-latestnews","18":"tag-main-news","19":"tag-mainnews","20":"tag-motorista","21":"tag-mundo","22":"tag-municoes","23":"tag-news","24":"tag-noticias","25":"tag-noticias-principais","26":"tag-noticiasprincipais","27":"tag-principais-noticias","28":"tag-principaisnoticias","29":"tag-roubo","30":"tag-top-stories","31":"tag-topstories","32":"tag-ultimas","33":"tag-ultimas-noticias","34":"tag-ultimasnoticias","35":"tag-world","36":"tag-world-news","37":"tag-worldnews"},"share_on_mastodon":{"url":"https:\/\/pubeurope.com\/@pt\/115650370168144335","error":""},"_links":{"self":[{"href":"https:\/\/www.europesays.com\/pt\/wp-json\/wp\/v2\/posts\/173132","targetHints":{"allow":["GET"]}}],"collection":[{"href":"https:\/\/www.europesays.com\/pt\/wp-json\/wp\/v2\/posts"}],"about":[{"href":"https:\/\/www.europesays.com\/pt\/wp-json\/wp\/v2\/types\/post"}],"author":[{"embeddable":true,"href":"https:\/\/www.europesays.com\/pt\/wp-json\/wp\/v2\/users\/2"}],"replies":[{"embeddable":true,"href":"https:\/\/www.europesays.com\/pt\/wp-json\/wp\/v2\/comments?post=173132"}],"version-history":[{"count":0,"href":"https:\/\/www.europesays.com\/pt\/wp-json\/wp\/v2\/posts\/173132\/revisions"}],"wp:featuredmedia":[{"embeddable":true,"href":"https:\/\/www.europesays.com\/pt\/wp-json\/wp\/v2\/media\/173133"}],"wp:attachment":[{"href":"https:\/\/www.europesays.com\/pt\/wp-json\/wp\/v2\/media?parent=173132"}],"wp:term":[{"taxonomy":"category","embeddable":true,"href":"https:\/\/www.europesays.com\/pt\/wp-json\/wp\/v2\/categories?post=173132"},{"taxonomy":"post_tag","embeddable":true,"href":"https:\/\/www.europesays.com\/pt\/wp-json\/wp\/v2\/tags?post=173132"}],"curies":[{"name":"wp","href":"https:\/\/api.w.org\/{rel}","templated":true}]}}