{"id":173150,"date":"2025-12-02T14:27:09","date_gmt":"2025-12-02T14:27:09","guid":{"rendered":"https:\/\/www.europesays.com\/pt\/173150\/"},"modified":"2025-12-02T14:27:09","modified_gmt":"2025-12-02T14:27:09","slug":"novo-lider-do-bloco-assume-determinacao-contra-vaticinio-de-desaparecimento-do-partido","status":"publish","type":"post","link":"https:\/\/www.europesays.com\/pt\/173150\/","title":{"rendered":"Novo l\u00edder do Bloco assume &#8220;determina\u00e7\u00e3o&#8221; contra &#8220;vatic\u00ednio&#8221; de desaparecimento do partido"},"content":{"rendered":"<p>Questionado sobre o risco do Bloco de Esquerda desaparecer, Jos\u00e9 Manuel Pureza assume firmeza: <b>&#8220;D\u00e1-me toda a determina\u00e7\u00e3o esse vatic\u00ednio que \u00e9 um bocadinho a minha vida aqui no Bloco&#8221;. <\/b><br \/>\n          <img decoding=\"async\" itemprop=\"image\" class=\"img-fluid\"   src=\"https:\/\/www.europesays.com\/pt\/wp-content\/uploads\/2025\/12\/bg_playeraudio_4.jpg\"\/><\/p>\n<p>Ao longo do percurso como militante no partido, Pureza afirma que &#8220;sempre&#8221; existiu esta previs\u00e3o, mas garante que isso s\u00f3 d\u00e1 &#8220;a todos os bloquistas uma enorme determina\u00e7\u00e3o para ganharmos mais for\u00e7a e darmos mais for\u00e7a \u00e0 esquerda&#8221;.<\/p>\n<p><b>O novo coordenador do partido, eleito no domingo, fala de consensos e afirma que \u00e9 um homem de &#8220;pontes \u00e0 esquerda&#8221;. <\/b><\/p>\n<p>Referindo que \u00e9 preciso atualizar o programa do partido para &#8220;adequar&#8221; ao presente, o dirigente bloquista diz que isso n\u00e3o chega para &#8220;responder \u00e0quilo que s\u00e3o os grandes desafios do nosso tempo \u00e0 esquerda&#8221;.<\/p>\n<p>&#8220;\u00c9 um caminho que tem que ser feito com muita gente&#8221;, come\u00e7a por dizer, destacando que fez parte de muitas iniciativas no passado: &#8220;A minha vida \u00e9 um bocadinho isso, \u00e9 fazer pontes \u00e0 esquerda&#8221;.<b> <\/b><\/p>\n<p>          <img decoding=\"async\" itemprop=\"image\" class=\"img-fluid\"   src=\"https:\/\/www.europesays.com\/pt\/wp-content\/uploads\/2025\/12\/bg_playeraudio_5.jpg\"\/><\/p>\n<p><b><br \/>&#13;<br \/>\n&#8220;J\u00e1 estou a fazer os primeiros contactos&#8221;<\/b>, garante, &#8220;no sentido de conversarmos com estruturas partid\u00e1rias, com movimentos, com ativistas, com gente que na sociedade portuguesa d\u00e1 voz \u00e0 insubmiss\u00e3o perante aquilo que \u00e9 o governo mais \u00e0 direita de sempre, desde o 25 de abril&#8221;.<\/p>\n<p>O l\u00edder do Bloco de Esquerda voltou a assumir que \u00e9 precisa firmeza neste momento cr\u00edtico do partido, mas, questionada sobre o que pretende mudar em rela\u00e7\u00e3o \u00e0 lideran\u00e7a anterior, diz que <b>&#8220;n\u00e3o se trata de mudar em rela\u00e7\u00e3o \u00e0 Mariana Mort\u00e1gua&#8221;. <\/b><\/p>\n<p>Sublinha antes que &#8220;trata-se evidentemente de manter a firmeza naquilo que s\u00e3o as grandes apostas, bandeiras e causas que deram origem ao Bloco de Esquerda&#8221;, em que &#8220;\u00e9 preciso realmente mudar algumas coisas&#8221;, como um &#8220;maior enraizamento do Bloco de Esquerda, dos militantes, em todos os terrenos da sociedade portuguesa&#8221;. <\/p>\n<p>          <img decoding=\"async\" itemprop=\"image\" class=\"img-fluid\"   src=\"https:\/\/www.europesays.com\/pt\/wp-content\/uploads\/2025\/12\/bg_playeraudio_5.jpg\"\/><\/p>\n<p> Entrevista completa de Jos\u00e9 Manuel Pureza \u00e0 jornalista Eduarda Maio<\/p>\n","protected":false},"excerpt":{"rendered":"Questionado sobre o risco do Bloco de Esquerda desaparecer, Jos\u00e9 Manuel Pureza assume firmeza: &#8220;D\u00e1-me toda a determina\u00e7\u00e3o&hellip;\n","protected":false},"author":2,"featured_media":173151,"comment_status":"","ping_status":"","sticky":false,"template":"","format":"standard","meta":{"footnotes":""},"categories":[10],"tags":[27,28,15,16,14,25,26,21,22,12,13,19,20,32,23,24,33,420,421,17,18,29,30,31],"class_list":{"0":"post-173150","1":"post","2":"type-post","3":"status-publish","4":"format-standard","5":"has-post-thumbnail","7":"category-portugal","8":"tag-breaking-news","9":"tag-breakingnews","10":"tag-featured-news","11":"tag-featurednews","12":"tag-headlines","13":"tag-latest-news","14":"tag-latestnews","15":"tag-main-news","16":"tag-mainnews","17":"tag-news","18":"tag-noticias","19":"tag-noticias-principais","20":"tag-noticiasprincipais","21":"tag-portugal","22":"tag-principais-noticias","23":"tag-principaisnoticias","24":"tag-pt","25":"tag-rtp","26":"tag-rtp-noticias","27":"tag-top-stories","28":"tag-topstories","29":"tag-ultimas","30":"tag-ultimas-noticias","31":"tag-ultimasnoticias"},"share_on_mastodon":{"url":"https:\/\/pubeurope.com\/@pt\/115650445252483820","error":""},"_links":{"self":[{"href":"https:\/\/www.europesays.com\/pt\/wp-json\/wp\/v2\/posts\/173150","targetHints":{"allow":["GET"]}}],"collection":[{"href":"https:\/\/www.europesays.com\/pt\/wp-json\/wp\/v2\/posts"}],"about":[{"href":"https:\/\/www.europesays.com\/pt\/wp-json\/wp\/v2\/types\/post"}],"author":[{"embeddable":true,"href":"https:\/\/www.europesays.com\/pt\/wp-json\/wp\/v2\/users\/2"}],"replies":[{"embeddable":true,"href":"https:\/\/www.europesays.com\/pt\/wp-json\/wp\/v2\/comments?post=173150"}],"version-history":[{"count":0,"href":"https:\/\/www.europesays.com\/pt\/wp-json\/wp\/v2\/posts\/173150\/revisions"}],"wp:featuredmedia":[{"embeddable":true,"href":"https:\/\/www.europesays.com\/pt\/wp-json\/wp\/v2\/media\/173151"}],"wp:attachment":[{"href":"https:\/\/www.europesays.com\/pt\/wp-json\/wp\/v2\/media?parent=173150"}],"wp:term":[{"taxonomy":"category","embeddable":true,"href":"https:\/\/www.europesays.com\/pt\/wp-json\/wp\/v2\/categories?post=173150"},{"taxonomy":"post_tag","embeddable":true,"href":"https:\/\/www.europesays.com\/pt\/wp-json\/wp\/v2\/tags?post=173150"}],"curies":[{"name":"wp","href":"https:\/\/api.w.org\/{rel}","templated":true}]}}