{"id":173172,"date":"2025-12-02T14:54:10","date_gmt":"2025-12-02T14:54:10","guid":{"rendered":"https:\/\/www.europesays.com\/pt\/173172\/"},"modified":"2025-12-02T14:54:10","modified_gmt":"2025-12-02T14:54:10","slug":"ondas-de-choque-no-nice-dois-jogadores-e-treinador-querem-sair","status":"publish","type":"post","link":"https:\/\/www.europesays.com\/pt\/173172\/","title":{"rendered":"Ondas de choque no Nice: dois jogadores e treinador querem sair"},"content":{"rendered":"<p>Os <a href=\"https:\/\/maisfutebol.iol.pt\/internacional\/nice\/tensao-em-nice-cerca-de-400-adeptos-confrontam-equipa-apos-sexta-derrota\" rel=\"nofollow noopener\" target=\"_blank\">incidentes entre adeptos e jogadores do Nice <\/a>continuam a provocar ondas de choque no futebol franc\u00eas. Terem Moffi e J\u00e9r\u00e9mie Boga, dois dos jogadores que foram alvos de agress\u00f5es, n\u00e3o querem voltar a jogar pelo clube da C\u00f4te d\u2019Azur e o pr\u00f3prio treinador, Franck Haise, est\u00e1 determinado em apresentar a demiss\u00e3o.<\/p>\n<p>Segundo os relatos da r\u00e1dio RMC Sport, Moffi e Boga foram dos jogadores mais massacrados pelos adeptos, quando a equipa regressou ao centro de est\u00e1gios, logo ap\u00f3s o desaire diante do Lorient (1-3). Segundo a r\u00e1dio francesa, os dois jogadores ficaram com escoria\u00e7\u00f5es no corpo e foram tamb\u00e9m agredidos nas partes \u00edntimas.<\/p>\n<p>Segundo revela tamb\u00e9m o Nice-Matin, tanto Moffi como Boga est\u00e3o determinados em n\u00e3o voltar a jogar pelo Nice e v\u00e3o apresentar queixa junto da pol\u00edcia, j\u00e1 depois de terem pedido baixa por \u00abincapacidade tempor\u00e1ria total\u00bb para os pr\u00f3ximos dias.<\/p>\n<p>A Liga de Clubes francesa tamb\u00e9m reagiu com veem\u00eancia, colocando, desde logo, os seus servi\u00e7os jur\u00eddicos \u00e0 disposi\u00e7\u00e3o dos jogadores.<\/p>\n<p>\u00abEsses ataques, completamente inaceit\u00e1veis, atentam contra a integridade de todos os envolvidos no futebol e contra os valores do desporto. A LFP anuncia que se unir\u00e1 \u00e0s queixas apresentadas pelos jogadores como parte civil, a fim de apoiar integralmente seus esfor\u00e7os e contribuir para que esses graves incidentes sejam devidamente investigados\u00bb, escreveu a LFP em comunicado.<\/p>\n<p>Os incidentes tamb\u00e9m dever\u00e3o provocar baixas na equipa t\u00e9cnica. O treinador Franck Haise ter\u00e1 manifestado \u00e0 dire\u00e7\u00e3o o seu desejo de renunciar ao cargo e, segundo a imprensa francesa, est\u00e1 at\u00e9 disposto a abdicar de uma eventual indemniza\u00e7\u00e3o.<\/p>\n<p>O Nice tamb\u00e9m divulgou, entretanto, um comunicado no qual diz compreender a \u00abfrustra\u00e7\u00e3o dos adeptos face \u00e0 sucess\u00e3o de m\u00e1s exibi\u00e7\u00f5es\u00bb, mas tamb\u00e9m classifica o epis\u00f3dio de viol\u00eancia como \u00abinaceit\u00e1vel\u00bb.<\/p>\n<p>O Nice, que recebe o Sporting de Braga para a Liga Europa no dia 11 de dezembro (antes, no dia 7, recebe o Angers para a liga francesa), ocupa o 10.\u00ba lugar do campeonato, com 17 pontos, sendo a \u00fanica de 36 equipas sem qualquer ponto somado na fase de liga da Liga Europa. Uma das seis derrotas seguidas que a equipa onde joga o portugu\u00eas Tiago Gouveia sofreu foi ante o FC Porto, na passada quinta-feira (3-0) para a prova europeia, entre desaires internos com Lorient (3-1 fora), Marselha (5-1 em casa), Metz (2-1 fora) e PSG (1-0 fora), al\u00e9m de outra derrota para a Liga Europa, ante o Friburgo (3-1 em casa).<\/p>\n<blockquote class=\"twitter-tweet\">\n<p lang=\"fr\">Communiqu\u00e9 officiel de l&#8217;OGC Nice \u2935\ufe0e<\/p>\n<p> \u2014 OGC Nice (@ogcnice)<br \/>\n  <a href=\"https:\/\/twitter.com\/ogcnice\/status\/1995588462041604167?ref_src=twsrc%5Etfw\" rel=\"nofollow noopener\" target=\"_blank\">December 1, 2025<\/a>\n <\/p><\/blockquote>\n<p>                                <script async src=\"https:\/\/platform.twitter.com\/widgets.js\" charset=\"utf-8\"><\/script><\/p>\n","protected":false},"excerpt":{"rendered":"Os incidentes entre adeptos e jogadores do Nice continuam a provocar ondas de choque no futebol franc\u00eas. Terem&hellip;\n","protected":false},"author":2,"featured_media":173173,"comment_status":"","ping_status":"","sticky":false,"template":"","format":"standard","meta":{"footnotes":""},"categories":[87],"tags":[9231,135,208,1231,82,36163,46,731,32,33,47,134,36162,3097],"class_list":{"0":"post-173172","1":"post","2":"type-post","3":"status-publish","4":"format-standard","5":"has-post-thumbnail","7":"category-desporto","8":"tag-adeptos","9":"tag-desporto","10":"tag-franca","11":"tag-franck-haise","12":"tag-internacional","13":"tag-jeremie-boga","14":"tag-maisfutebol","15":"tag-nice","16":"tag-portugal","17":"tag-pt","18":"tag-pura-paixao","19":"tag-sports","20":"tag-terem-moffi","21":"tag-violencia"},"share_on_mastodon":{"url":"https:\/\/pubeurope.com\/@pt\/115650551016914089","error":""},"_links":{"self":[{"href":"https:\/\/www.europesays.com\/pt\/wp-json\/wp\/v2\/posts\/173172","targetHints":{"allow":["GET"]}}],"collection":[{"href":"https:\/\/www.europesays.com\/pt\/wp-json\/wp\/v2\/posts"}],"about":[{"href":"https:\/\/www.europesays.com\/pt\/wp-json\/wp\/v2\/types\/post"}],"author":[{"embeddable":true,"href":"https:\/\/www.europesays.com\/pt\/wp-json\/wp\/v2\/users\/2"}],"replies":[{"embeddable":true,"href":"https:\/\/www.europesays.com\/pt\/wp-json\/wp\/v2\/comments?post=173172"}],"version-history":[{"count":0,"href":"https:\/\/www.europesays.com\/pt\/wp-json\/wp\/v2\/posts\/173172\/revisions"}],"wp:featuredmedia":[{"embeddable":true,"href":"https:\/\/www.europesays.com\/pt\/wp-json\/wp\/v2\/media\/173173"}],"wp:attachment":[{"href":"https:\/\/www.europesays.com\/pt\/wp-json\/wp\/v2\/media?parent=173172"}],"wp:term":[{"taxonomy":"category","embeddable":true,"href":"https:\/\/www.europesays.com\/pt\/wp-json\/wp\/v2\/categories?post=173172"},{"taxonomy":"post_tag","embeddable":true,"href":"https:\/\/www.europesays.com\/pt\/wp-json\/wp\/v2\/tags?post=173172"}],"curies":[{"name":"wp","href":"https:\/\/api.w.org\/{rel}","templated":true}]}}