{"id":173184,"date":"2025-12-02T15:05:11","date_gmt":"2025-12-02T15:05:11","guid":{"rendered":"https:\/\/www.europesays.com\/pt\/173184\/"},"modified":"2025-12-02T15:05:11","modified_gmt":"2025-12-02T15:05:11","slug":"as-primeiras-vezes-rebobinar-portugal-outros","status":"publish","type":"post","link":"https:\/\/www.europesays.com\/pt\/173184\/","title":{"rendered":"As\u00a0Primeiras Vezes &#8211; Rebobinar Portugal &#8211; Outros"},"content":{"rendered":"<p>\t\t\t\t\t\t\t\t\t\t\t\t\tAs\u00a0Primeiras Vezes<\/p>\n<p class=\"page-show-episode-meta\">Epis\u00f3dio 1 de 8 \t\t\t\t\t\t\t\t\t\t\t\t\t<\/p>\n<p>Prepare-se para voltar ao tempo em que tudo era&#8230; a primeira vez. No epis\u00f3dio de estreia de Rebobinar Portugal, abrimos o ba\u00fa m\u00e1gico do arquivo da RTP para rever aqueles momentos inaugurais que nos fazem rir, suspirar e perguntar: &#8220;Como \u00e9 que sobrevivemos sem isto?&#8221; Das primeiras apari\u00e7\u00f5es tr\u00e9mulas de apresentadores que hoje j\u00e1 falam de olhos fechados, \u00e0s novidades que mudaram o pa\u00eds. \u00c9 Portugal no seu estado mais puro: ing\u00e9nuo, entusiasmado e, \u00e0s vezes, deliciosamente desastrado. Rebobine connosco e descubra que, afinal, ningu\u00e9m nasce ensinado.<\/p>\n","protected":false},"excerpt":{"rendered":"As\u00a0Primeiras Vezes Epis\u00f3dio 1 de 8 Prepare-se para voltar ao tempo em que tudo era&#8230; a primeira vez.&hellip;\n","protected":false},"author":2,"featured_media":173185,"comment_status":"","ping_status":"","sticky":false,"template":"","format":"standard","meta":{"footnotes":""},"categories":[142],"tags":[6505,114,115,28983,6503,32,3786,5593,33,6502,36166,151,6504],"class_list":{"0":"post-173184","1":"post","2":"type-post","3":"status-publish","4":"format-standard","5":"has-post-thumbnail","7":"category-tv","8":"tag-udios","9":"tag-entertainment","10":"tag-entretenimento","11":"tag-episdio-n-1","12":"tag-multimdia","13":"tag-portugal","14":"tag-programa","15":"tag-programas","16":"tag-pt","17":"tag-rdio","18":"tag-rebobinar-portugal-outros","19":"tag-tv","20":"tag-vdeos"},"share_on_mastodon":{"url":"https:\/\/pubeurope.com\/@pt\/115650594284788131","error":""},"_links":{"self":[{"href":"https:\/\/www.europesays.com\/pt\/wp-json\/wp\/v2\/posts\/173184","targetHints":{"allow":["GET"]}}],"collection":[{"href":"https:\/\/www.europesays.com\/pt\/wp-json\/wp\/v2\/posts"}],"about":[{"href":"https:\/\/www.europesays.com\/pt\/wp-json\/wp\/v2\/types\/post"}],"author":[{"embeddable":true,"href":"https:\/\/www.europesays.com\/pt\/wp-json\/wp\/v2\/users\/2"}],"replies":[{"embeddable":true,"href":"https:\/\/www.europesays.com\/pt\/wp-json\/wp\/v2\/comments?post=173184"}],"version-history":[{"count":0,"href":"https:\/\/www.europesays.com\/pt\/wp-json\/wp\/v2\/posts\/173184\/revisions"}],"wp:featuredmedia":[{"embeddable":true,"href":"https:\/\/www.europesays.com\/pt\/wp-json\/wp\/v2\/media\/173185"}],"wp:attachment":[{"href":"https:\/\/www.europesays.com\/pt\/wp-json\/wp\/v2\/media?parent=173184"}],"wp:term":[{"taxonomy":"category","embeddable":true,"href":"https:\/\/www.europesays.com\/pt\/wp-json\/wp\/v2\/categories?post=173184"},{"taxonomy":"post_tag","embeddable":true,"href":"https:\/\/www.europesays.com\/pt\/wp-json\/wp\/v2\/tags?post=173184"}],"curies":[{"name":"wp","href":"https:\/\/api.w.org\/{rel}","templated":true}]}}