{"id":173198,"date":"2025-12-02T15:16:17","date_gmt":"2025-12-02T15:16:17","guid":{"rendered":"https:\/\/www.europesays.com\/pt\/173198\/"},"modified":"2025-12-02T15:16:17","modified_gmt":"2025-12-02T15:16:17","slug":"guilherme-berenguer-faz-reflexao-sobre-fazer-pausas-e-recomecos-record","status":"publish","type":"post","link":"https:\/\/www.europesays.com\/pt\/173198\/","title":{"rendered":"Guilherme Berenguer faz reflex\u00e3o sobre fazer pausas e recome\u00e7os \u2013 Record"},"content":{"rendered":"<p><img decoding=\"async\" data-chromatic=\"ignore\" alt=\"\" class=\"c-image\" loading=\"lazy\" src=\"https:\/\/www.europesays.com\/pt\/wp-content\/uploads\/2025\/12\/FKQR2D2N6FHLRP3CPYKLMQNVVM.png\"  width=\"677\" height=\"369\"\/>Guilherme Berenguer faz publica\u00e7\u00e3o e volta a filosofar nas redes sociais Reprodu\u00e7\u00e3o\/Instagram <\/p>\n<p class=\"jarvics:base-text-neutral-high-400 base-text-[calc(theme(fontSize.xs)_*_var(--font-size,_1))] base-font-normal base-font-primary base-text-neutral-low-500 base-text-left\">O ator Guilherme Berenguer, que interpretou o protagonista da miniss\u00e9rie <a href=\"https:\/\/entretenimento.r7.com\/famosos-e-tv\/a-vida-de-jo\/\" rel=\"nofollow noopener\" title=\"https:\/\/entretenimento.r7.com\/famosos-e-tv\/a-vida-de-jo\/\" target=\"_blank\"><b>A Vida de J\u00f3<\/b><\/a>, voltou a exibir seu lado filos\u00f3fico nas redes sociais. Em uma foto caminhando pr\u00f3ximo \u00e0 praia, o ator refletiu sobre a import\u00e2ncia de fazer pausas e recome\u00e7ar. <\/p>\n<p class=\"jarvics:base-text-neutral-high-400 base-text-[calc(theme(fontSize.xs)_*_var(--font-size,_1))] base-font-normal base-font-primary base-text-neutral-low-500 base-text-left\">Na legenda, lan\u00e7ou a pergunta aos seguidores: \u201cO que voc\u00ea est\u00e1 fazendo hoje para calibrar sua mente para o amanh\u00e3?\u201d<\/p>\n<p class=\"jarvics:base-text-neutral-high-400 base-text-[calc(theme(fontSize.xs)_*_var(--font-size,_1))] base-font-normal base-font-primary base-text-neutral-low-500 base-text-left\">Os admiradores n\u00e3o pouparam elogios. Uma seguidora escreveu: \u201cVoc\u00ea \u00e9 um exemplo a ser seguido, amigo.\u201d<\/p>\n<p class=\"jarvics:base-text-neutral-high-400 base-text-[calc(theme(fontSize.xs)_*_var(--font-size,_1))] base-font-normal base-font-primary base-text-neutral-low-500 base-text-left\">E n\u00e3o parou por a\u00ed: um f\u00e3 se derreteu pelo ator que viveu J\u00f3 na tela da <b>RECORD<\/b>, comentando: \u201cO J\u00f3 mais lindo do mundo!\u201d<\/p>\n<p class=\"jarvics:base-text-neutral-high-400 base-text-[calc(theme(fontSize.xs)_*_var(--font-size,_1))] base-font-normal base-font-primary base-text-neutral-low-500 base-text-left\"><b>Confira a publica\u00e7\u00e3o:<\/b><\/p>\n<p class=\"jarvics:base-text-neutral-high-400 base-text-[calc(theme(fontSize.xs)_*_var(--font-size,_1))] base-font-normal base-font-primary base-text-neutral-low-500 base-text-left\"><a href=\"https:\/\/entretenimento.r7.com\/famosos-e-tv\/a-vida-de-jo\/\" rel=\"nofollow noopener\" title=\"https:\/\/entretenimento.r7.com\/famosos-e-tv\/a-vida-de-jo\/\" target=\"_blank\"><b>A Vida de J\u00f3<\/b><\/a> est\u00e1 dispon\u00edvel no <a href=\"https:\/\/assine.playplus.com\/\" rel=\"nofollow noopener\" title=\"https:\/\/assine.playplus.com\/\" target=\"_blank\"><b>RecordPlus<\/b><\/a>. Reveja os epis\u00f3dios quando e onde quiser!<\/p>\n<p><b>Veja tamb\u00e9m: Final da miniss\u00e9rie \u00e9 marcado por participa\u00e7\u00f5es especiais<\/b><\/p>\n<p class=\"jarvics:base-text-neutral-high-400 base-text-[calc(theme(fontSize.sm)_*_var(--font-size,_1))] base-font-semibold base-font-primary base-text-neutral-low-500 base-text-left\">Por Ana Mello e Gabriel Alberto, do site oficial<\/p>\n<p class=\"jarvics:base-text-neutral-high-400 base-text-[calc(theme(fontSize.xxs)_*_var(--font-size,_1))] base-font-semibold base-font-primary base-text-neutral-low-500 base-text-left\">O final de A Vida de J\u00f3 surpreendeu a todos ao mostrar, ap\u00f3s uma passagem de tempo, diversas participa\u00e7\u00f5es especiais. Felipe Cardoso, Ana J\u00falia Cestaro, Gustavo Ottoni e Gustavo Rodrigues contam ao site oficial como foi gravar cenas importantes do desfecho da miniss\u00e9rie <\/p>\n","protected":false},"excerpt":{"rendered":"Guilherme Berenguer faz publica\u00e7\u00e3o e volta a filosofar nas redes sociais Reprodu\u00e7\u00e3o\/Instagram O ator Guilherme Berenguer, que interpretou&hellip;\n","protected":false},"author":2,"featured_media":173199,"comment_status":"","ping_status":"","sticky":false,"template":"","format":"standard","meta":{"footnotes":""},"categories":[145],"tags":[18053,211,210,114,115,32,33],"class_list":{"0":"post-173198","1":"post","2":"type-post","3":"status-publish","4":"format-standard","5":"has-post-thumbnail","7":"category-celebridades","8":"tag-a-vida-de-jo","9":"tag-celebridades","10":"tag-celebrities","11":"tag-entertainment","12":"tag-entretenimento","13":"tag-portugal","14":"tag-pt"},"share_on_mastodon":{"url":"https:\/\/pubeurope.com\/@pt\/115650637812347696","error":""},"_links":{"self":[{"href":"https:\/\/www.europesays.com\/pt\/wp-json\/wp\/v2\/posts\/173198","targetHints":{"allow":["GET"]}}],"collection":[{"href":"https:\/\/www.europesays.com\/pt\/wp-json\/wp\/v2\/posts"}],"about":[{"href":"https:\/\/www.europesays.com\/pt\/wp-json\/wp\/v2\/types\/post"}],"author":[{"embeddable":true,"href":"https:\/\/www.europesays.com\/pt\/wp-json\/wp\/v2\/users\/2"}],"replies":[{"embeddable":true,"href":"https:\/\/www.europesays.com\/pt\/wp-json\/wp\/v2\/comments?post=173198"}],"version-history":[{"count":0,"href":"https:\/\/www.europesays.com\/pt\/wp-json\/wp\/v2\/posts\/173198\/revisions"}],"wp:featuredmedia":[{"embeddable":true,"href":"https:\/\/www.europesays.com\/pt\/wp-json\/wp\/v2\/media\/173199"}],"wp:attachment":[{"href":"https:\/\/www.europesays.com\/pt\/wp-json\/wp\/v2\/media?parent=173198"}],"wp:term":[{"taxonomy":"category","embeddable":true,"href":"https:\/\/www.europesays.com\/pt\/wp-json\/wp\/v2\/categories?post=173198"},{"taxonomy":"post_tag","embeddable":true,"href":"https:\/\/www.europesays.com\/pt\/wp-json\/wp\/v2\/tags?post=173198"}],"curies":[{"name":"wp","href":"https:\/\/api.w.org\/{rel}","templated":true}]}}