{"id":173222,"date":"2025-12-02T15:55:15","date_gmt":"2025-12-02T15:55:15","guid":{"rendered":"https:\/\/www.europesays.com\/pt\/173222\/"},"modified":"2025-12-02T15:55:15","modified_gmt":"2025-12-02T15:55:15","slug":"um-leao-de-tres-patas-aprendeu-a-cacar-de-uma-forma-completamente-inesperada","status":"publish","type":"post","link":"https:\/\/www.europesays.com\/pt\/173222\/","title":{"rendered":"Um le\u00e3o de tr\u00eas patas aprendeu a ca\u00e7ar de uma forma completamente inesperada"},"content":{"rendered":"<p class=\"wp-caption-text top\">Alex Braczkowski<\/p>\n<p><img decoding=\"async\" loading=\"lazy\" class=\"size-kopa-image-size-3 wp-image-714256\" src=\"https:\/\/www.europesays.com\/pt\/wp-content\/uploads\/2025\/12\/bdd4ece7919dfc316e18638584fc178a-783x450.jpg\" alt=\"\" width=\"700\" height=\"402\"  \/><\/p>\n<p><strong>Jacob, um le\u00e3o de 11 anos do Parque Nacional Queen Elizabeth, no Uganda, tornou-se not\u00edcia quando ele e o seu irm\u00e3o foram filmados a nadar 1,5 quil\u00f3metros atrav\u00e9s de um rio cheio de crocodilos \u2013 a maior dist\u00e2ncia de nata\u00e7\u00e3o alguma vez registada na esp\u00e9cie.<\/strong><\/p>\n<p>O le\u00e3o desafiou as expetativas ao sobreviver durante anos depois de <strong>perder uma perna<\/strong> \u2013 e agora sabe-se que o seu sucesso se deve a uma <strong>estrat\u00e9gia de ca\u00e7a inovadora.<\/strong><\/p>\n<p>Segundo o <a href=\"https:\/\/www.newscientist.com\/article\/2503282-a-three-legged-lion-has-learned-to-hunt-in-a-completely-unexpected-way\/\" data-wpel-link=\"external\" target=\"_blank\" rel=\"nofollow external noopener noreferrer\" class=\"ext-link\">New Scientist<\/a>, Jacob, que perdeu uma das patas devido a um la\u00e7o de ca\u00e7adores furtivos, surpreendeu os cientistas da conserva\u00e7\u00e3o ao <strong>adotar uma nova e engenhosa forma de ca\u00e7ar.<\/strong><\/p>\n<p>Os carn\u00edvoros feridos geralmente acabam por procurar carca\u00e7as, atacar gado ou depender de uma alcateia para se alimentarem, se tiverem essa sorte. Mas Jacob, que<strong> tamb\u00e9m perdeu um olho<\/strong> ap\u00f3s ser atingido por um b\u00fafalo-africano, <strong>conta apenas com o<\/strong> <strong>apoio do irm\u00e3o Tibu.<\/strong><\/p>\n<p class=\"wp-caption-text top\">Alex Braczkowski<\/p>\n<p><img decoding=\"async\" loading=\"lazy\" class=\"size-kopa-image-size-0 wp-image-714257\" src=\"https:\/\/www.europesays.com\/pt\/wp-content\/uploads\/2025\/12\/dea0ced1b17d722f326614b5cbc7b532-579x382.jpg\" alt=\"\" width=\"579\" height=\"382\"  \/><\/p>\n<p>Os investigadores estavam convencidos de que ele acabaria por morrer de fome depois de perder a pata traseira esquerda em 2020. \u201cEm vez disso, <strong>recusa-se a desistir<\/strong>\u201d, diz <strong>Alexander Braczkowski<\/strong>, do Kyambura Lion Monitoring Project, apoiado pela Volcanoes Safari Partnership Trust, uma ONG ugandesa focada na conserva\u00e7\u00e3o e no desenvolvimento comunit\u00e1rio.<\/p>\n<p>At\u00e9 o pr\u00f3prio Braczkowski, que estuda Jacob desde 2017, <strong>estava intrigado com a sua sobreviv\u00eancia<\/strong>. Mas agora, imagens t\u00e9rmicas captadas por drones revelaram o seu segredo: <strong>este le\u00e3o aprendeu a agir como um leopardo.<\/strong><\/p>\n<p>Como n\u00e3o consegue dominar presas pela for\u00e7a, como os le\u00f5es normalmente fazem, <strong>Jacob monta emboscadas a curta dist\u00e2ncia<\/strong> em matagais densos e florestas cerradas, esperando silenciosamente antes de saltar sobre a presa \u2014 ou de a escavar para a alcan\u00e7ar.<\/p>\n<p><strong>Craig Packer<\/strong>, da Universidade do Minnesota, que estuda o comportamento dos le\u00f5es h\u00e1 d\u00e9cadas, diz que<strong> isto \u00e9 adapta\u00e7\u00e3o<\/strong> e que \u201cesperaria ver comportamento semelhante noutros grupos de le\u00f5es, todos com quatro boas patas, na mesma regi\u00e3o\u201d.<\/p>\n<p>Mas isso n\u00e3o acontece aqui, ressalva Braczkowski, que afirma que os le\u00f5es do Queen Elizabeth se focam em presas grandes e r\u00e1pidas, como ant\u00edlopes e b\u00fafalos-africanos.<\/p>\n<p>\u201cOs le\u00f5es por vezes comportam-se como leopardos e sobem \u00e0s \u00e1rvores\u201d, diz <strong>George Schaller<\/strong>, cujo trabalho de campo nos anos 1960 no Serengeti foi o primeiro grande estudo sobre rela\u00e7\u00f5es predador-presa.<\/p>\n<p>Mas mesmo os le\u00f5es arbor\u00edcolas mant\u00eam estilos de ca\u00e7a distintos, e le\u00f5es sem membros \u2013 os chamados \u201c<strong>trip\u00e9s<\/strong>\u201d \u2013 s\u00e3o normalmente mantidos vivos pela sua alcateia, acrescenta Schaller.<\/p>\n<p>Braczkowski j\u00e1 registou Jacob a fazer a longa <strong>travessia do Canal Kazinga entre 10 e 20 vezes nos \u00faltimos dois anos<\/strong>. O seu movimento di\u00e1rio de 1,73 quil\u00f3metros, em m\u00e9dia \u2013 menos do que um le\u00e3o saud\u00e1vel, mas consider\u00e1vel para um animal ferido \u2013 poder\u00e1 dever-se \u00e0 falta de presas adequadas ou \u00e0 necessidade de encontrar parceiros.<\/p>\n<p>A nova estrat\u00e9gia de ca\u00e7a de Jacob poder\u00e1 ser um <strong>comportamento transmiss\u00edvel<\/strong>, capaz de ajudar a inverter o decl\u00ednio dos le\u00f5es numa regi\u00e3o que enfrenta perda de habitat, altera\u00e7\u00f5es clim\u00e1ticas e o avan\u00e7o das comunidades humanas. \u00c9 por isso que Jacob \u00e9 importante, \u201csimbolicamente e geneticamente\u201d, afirma Braczkowski.<\/p>\n<p>Schaller acrescenta que \u201cs\u00e3o uma esp\u00e9cie de lutadores\u201d.<\/p>\n<p>Jacob tamb\u00e9m est\u00e1 a escolher presas que os le\u00f5es normalmente n\u00e3o ca\u00e7am, diz Braczkowski. Filmagens noturnas captadas pelo cameraman <strong>Daniel Snyders<\/strong> e pelo Kyambura Lion Project mostram<strong> Jacob a ca\u00e7ar javalis-da-floresta de 200 kg<\/strong>, conseguindo abates tanto sozinho como com o irm\u00e3o.<\/p>\n<p>\u201cJacob n\u00e3o consegue sprintar, por isso n\u00e3o tem hip\u00f3tese numa persegui\u00e7\u00e3o\u201d, explica Braczkowski. \u201cComo est\u00e1 a focar-se num tipo muito espec\u00edfico de porco, isso diz-nos que <strong>fez uma mudan\u00e7a alimentar<\/strong>. \u00c9 tamb\u00e9m por isso que est\u00e1 a agir mais como um leopardo e a correr grandes riscos. Mas tem de o fazer \u2013 e <strong>est\u00e1 a resultar<\/strong>.\u201d<\/p>\n<p>Perder membros devido a la\u00e7os \u00e9 \u201ccomum\u201d entre felinos, diz Andrew Loveridge, da Panthera, uma organiza\u00e7\u00e3o global dedicada \u00e0 conserva\u00e7\u00e3o de felinos selvagens.<\/p>\n<p style=\"padding-left: 25px; margin-bottom: 10; font-family: Roboto, Arial, Helvetica, sans-serif; font-size: 15px\">&#13;<br \/>\n        Teresa Oliveira Campos, ZAP \/\/ <a href=\"\" data-wpel-link=\"internal\"\/>&#13;\n    <\/p>\n<p>    <a href=\"https:\/\/zap.aeiou.pt\/subscrever-newsletter\" data-wpel-link=\"internal\" rel=\"nofollow noopener\" target=\"_blank\">&#13;<br \/>\n        <img loading=\"lazy\" decoding=\"async\" class=\"aligncenter size-full wp-image-575475\" src=\"https:\/\/www.europesays.com\/pt\/wp-content\/uploads\/2025\/11\/2d51fe4a0ba54894421ead1809309ed9-1-450x140.jpg\" alt=\"Subscreva a Newsletter ZAP\" width=\"450\" height=\"140\"\/>&#13;<br \/>\n    <\/a><\/p>\n<p>                <a href=\"https:\/\/whatsapp.com\/channel\/0029VaIC4EE2f3EJZPPSbR34\" data-wpel-link=\"external\" target=\"_blank\" rel=\"nofollow external noopener noreferrer\" class=\"ext-link\">&#13;<br \/>\n                    <img loading=\"lazy\" decoding=\"async\" class=\"aligncenter size-full wp-image-575475\" src=\"https:\/\/www.europesays.com\/pt\/wp-content\/uploads\/2025\/11\/c68c559d956d4ca20f435ed74a6e71e6.png\" alt=\"Siga-nos no WhatsApp\" width=\"175\" height=\"64\"\/>&#13;<br \/>\n                <\/a><\/p>\n<p>                <a href=\"https:\/\/news.google.com\/publications\/CAAiEHRwZondIV71PDjWNoqMduEqFAgKIhB0cGaJ3SFe9Tw41jaKjHbh?hl=en-US&amp;gl=US&amp;ceid=US%3Aen\" data-wpel-link=\"external\" target=\"_blank\" rel=\"nofollow external noopener noreferrer\" class=\"ext-link\">&#13;<br \/>\n                    <img loading=\"lazy\" decoding=\"async\" class=\"aligncenter size-full wp-image-575475\" src=\"https:\/\/www.europesays.com\/pt\/wp-content\/uploads\/2025\/11\/5123dd8b087b644fdb8f8603acd1bad4.png\" alt=\"Siga-nos no Google News\" width=\"176\" height=\"64\"\/>&#13;<br \/>\n                <\/a><\/p>\n","protected":false},"excerpt":{"rendered":"Alex Braczkowski Jacob, um le\u00e3o de 11 anos do Parque Nacional Queen Elizabeth, no Uganda, tornou-se not\u00edcia quando&hellip;\n","protected":false},"author":2,"featured_media":173223,"comment_status":"","ping_status":"","sticky":false,"template":"","format":"standard","meta":{"footnotes":""},"categories":[50],"tags":[1353,27,28,109,15,16,14,25,26,21,22,62,12,13,19,20,23,24,17,18,29,30,31,63,64,65],"class_list":{"0":"post-173222","1":"post","2":"type-post","3":"status-publish","4":"format-standard","5":"has-post-thumbnail","7":"category-mundo","8":"tag-animais","9":"tag-breaking-news","10":"tag-breakingnews","11":"tag-ciencia","12":"tag-featured-news","13":"tag-featurednews","14":"tag-headlines","15":"tag-latest-news","16":"tag-latestnews","17":"tag-main-news","18":"tag-mainnews","19":"tag-mundo","20":"tag-news","21":"tag-noticias","22":"tag-noticias-principais","23":"tag-noticiasprincipais","24":"tag-principais-noticias","25":"tag-principaisnoticias","26":"tag-top-stories","27":"tag-topstories","28":"tag-ultimas","29":"tag-ultimas-noticias","30":"tag-ultimasnoticias","31":"tag-world","32":"tag-world-news","33":"tag-worldnews"},"share_on_mastodon":{"url":"https:\/\/pubeurope.com\/@pt\/115650791215888267","error":""},"_links":{"self":[{"href":"https:\/\/www.europesays.com\/pt\/wp-json\/wp\/v2\/posts\/173222","targetHints":{"allow":["GET"]}}],"collection":[{"href":"https:\/\/www.europesays.com\/pt\/wp-json\/wp\/v2\/posts"}],"about":[{"href":"https:\/\/www.europesays.com\/pt\/wp-json\/wp\/v2\/types\/post"}],"author":[{"embeddable":true,"href":"https:\/\/www.europesays.com\/pt\/wp-json\/wp\/v2\/users\/2"}],"replies":[{"embeddable":true,"href":"https:\/\/www.europesays.com\/pt\/wp-json\/wp\/v2\/comments?post=173222"}],"version-history":[{"count":0,"href":"https:\/\/www.europesays.com\/pt\/wp-json\/wp\/v2\/posts\/173222\/revisions"}],"wp:featuredmedia":[{"embeddable":true,"href":"https:\/\/www.europesays.com\/pt\/wp-json\/wp\/v2\/media\/173223"}],"wp:attachment":[{"href":"https:\/\/www.europesays.com\/pt\/wp-json\/wp\/v2\/media?parent=173222"}],"wp:term":[{"taxonomy":"category","embeddable":true,"href":"https:\/\/www.europesays.com\/pt\/wp-json\/wp\/v2\/categories?post=173222"},{"taxonomy":"post_tag","embeddable":true,"href":"https:\/\/www.europesays.com\/pt\/wp-json\/wp\/v2\/tags?post=173222"}],"curies":[{"name":"wp","href":"https:\/\/api.w.org\/{rel}","templated":true}]}}