{"id":173245,"date":"2025-12-02T16:21:22","date_gmt":"2025-12-02T16:21:22","guid":{"rendered":"https:\/\/www.europesays.com\/pt\/173245\/"},"modified":"2025-12-02T16:21:22","modified_gmt":"2025-12-02T16:21:22","slug":"imagem-inedita-da-borboleta-cosmica-mostra-detalhes-de-gas-e-poeira","status":"publish","type":"post","link":"https:\/\/www.europesays.com\/pt\/173245\/","title":{"rendered":"Imagem in\u00e9dita da &#8216;borboleta c\u00f3smica&#8217; mostra detalhes de g\u00e1s e poeira"},"content":{"rendered":"<p dir=\"ltr\">O telesc\u00f3pio Gemini Sul, no Chile, registrou uma nova imagem da Nebulosa Borboleta, divulgada pelo NoirLab da Funda\u00e7\u00e3o Nacional de Ci\u00eancia.\u00a0Localizada na constela\u00e7\u00e3o de Escorpi\u00e3o, a aproximadamente 2.500 a 3.800 anos-luz da Terra, ela recebe esse nome por exibir duas extensas asas luminosas formadas por um g\u00e1s expelido h\u00e1 muito tempo por sua estrela central. Um ano-luz corresponde a cerca de 10 trilh\u00f5es de quil\u00f4metros.<\/p>\n<p dir=\"ltr\">O objeto foi escolhido por estudantes chilenos como parte das comemora\u00e7\u00f5es pelos 25 anos de opera\u00e7\u00e3o do Observat\u00f3rio Internacional Gemini, reacendendo o interesse de profissionais e amadores. A imagem colocou a NGC 6302 em evid\u00eancia, especialmente por representar de maneira exemplar uma nebulosa bipolar \u2014 um tipo de remanescente estelar que apresenta estrutura alongada e simetricamente dividida em dois lobos opostos.<\/p>\n<p dir=\"ltr\">Dentro da forma\u00e7\u00e3o espacial est\u00e1 uma an\u00e3 branca, o n\u00facleo quente e denso da estrela original. Antes de chegar a esse est\u00e1gio, a estrela viveu sua fase de gigante vermelha, perdendo grandes quantidades de massa por ventos estelares irregulares. Quando esse material ejetado \u00e9 ionizado pela intensa radia\u00e7\u00e3o ultravioleta da an\u00e3 branca, ele passa a brilhar em cores que variam conforme a composi\u00e7\u00e3o qu\u00edmica (hidrog\u00eanio, oxig\u00eanio ou nitrog\u00eanio).<\/p>\n<p class=\"texto\"><strong><a href=\"https:\/\/whatsapp.com\/channel\/0029VaB1U9a002T64ex1Sy2w\" target=\"_blank\" rel=\"nofollow noopener\">Siga o canal do Correio no WhatsApp e receba as principais not\u00edcias do dia no seu celular<\/a><\/strong><\/p>\n<p dir=\"ltr\">Os avan\u00e7os dos instrumentos de observa\u00e7\u00e3o astron\u00f4mica, como os do Gemini Sul, t\u00eam sido fundamentais para o renovado interesse pela Nebulosa Borboleta. Cada nova captura revela detalhes mais finos da intera\u00e7\u00e3o entre g\u00e1s e poeira, oferecendo pistas sobre a perda das camadas externas da estrela, o formato dos jatos, a a\u00e7\u00e3o de campos magn\u00e9ticos e at\u00e9 a poss\u00edvel influ\u00eancia de uma companheira estelar. Essa precis\u00e3o permite mapear diferen\u00e7as de densidade, velocidade e composi\u00e7\u00e3o, al\u00e9m de testar modelos te\u00f3ricos sobre a forma\u00e7\u00e3o de nebulosas bipolares e a escultura das suas caracter\u00edsticas \u201casas\u201d.<\/p>\n<blockquote class=\"twitter-tweet\"><p>&#13;<\/p>\n<p dir=\"ltr\" lang=\"en\">We are celebrating <a href=\"https:\/\/twitter.com\/GeminiObs?ref_src=twsrc%5Etfw\" rel=\"nofollow noopener\" target=\"_blank\">@Geminiobs<\/a> South&#8217;s 25th Anniversary with this photo! ????<\/p>\n<p>???? Say hello to NGC 6302, the Butterfly Nebula. NGC 6302 is a bipolar planetary nebula that lies between 2500 and 3800 light-years away in the constellation Scorpius. ????????<\/p>\n<p>???? GeminiObs\/NOIRLab\/NSF\/AURA <a href=\"https:\/\/t.co\/dyBwbAUFn1\" rel=\"nofollow\">pic.twitter.com\/dyBwbAUFn1<\/a><\/p>\n<p>&#13;<br \/>\n\u2014 NOIRLab (@NOIRLabAstro) <a href=\"https:\/\/twitter.com\/NOIRLabAstro\/status\/1993729774326329735?ref_src=twsrc%5Etfw\" rel=\"nofollow noopener\" target=\"_blank\">November 26, 2025<\/a><\/p><\/blockquote>\n<blockquote class=\"twitter-tweet\"\/>\n<blockquote class=\"twitter-tweet\"><p>&#13;<\/p>\n<p dir=\"ltr\" lang=\"es\">Nebulosa da Borboleta registrada pelo Telesc\u00f3pio Espacial Hubble <a href=\"https:\/\/t.co\/39CNi8WGAd\" rel=\"nofollow\">pic.twitter.com\/39CNi8WGAd<\/a><\/p>\n<p>&#13;<br \/>\n\u2014 CoinOrbitX (@CoinOrbitX) <a href=\"https:\/\/twitter.com\/CoinOrbitX\/status\/1673168166594260994?ref_src=twsrc%5Etfw\" rel=\"nofollow noopener\" target=\"_blank\">June 26, 2023<\/a><\/p><\/blockquote>\n<p class=\"texto\">\u00a0<\/p>\n<ul>\n<li><a href=\"https:\/\/wa.me\/?text=Imagem+in%C3%A9dita+da+%22borboleta+c%C3%B3smica%22+mostra+detalhes+de+g%C3%A1s+e+poeira%20https:\/\/www.correiobraziliense.com.br\/ciencia-e-saude\/2025\/12\/7304700-imagem-inedita-da-borboleta-cosmica-mostra-detalhes-de-gas-e-poeira.html\" target=\"_blank\" title=\"Whatsapp\" aria-label=\"WhatsApp\" rel=\"nofollow noopener\"><\/a><\/li>\n<li><a href=\"https:\/\/www.facebook.com\/sharer.php?u=https:\/\/www.correiobraziliense.com.br%2Fciencia-e-saude%2F2025%2F12%2F7304700-imagem-inedita-da-borboleta-cosmica-mostra-detalhes-de-gas-e-poeira.html&amp;text=Imagem+in%C3%A9dita+da+%22borboleta+c%C3%B3smica%22+mostra+detalhes+de+g%C3%A1s+e+poeira\" target=\"_blank\" title=\"Facebook\" aria-label=\"Facebook\" rel=\"nofollow noopener\"><\/a><\/li>\n<li><a href=\"https:\/\/twitter.com\/intent\/tweet?url=https:\/\/www.correiobraziliense.com.br%2Fciencia-e-saude%2F2025%2F12%2F7304700-imagem-inedita-da-borboleta-cosmica-mostra-detalhes-de-gas-e-poeira.html&amp;text=Imagem+in%C3%A9dita+da+%22borboleta+c%C3%B3smica%22+mostra+detalhes+de+g%C3%A1s+e+poeira\" target=\"_blank\" title=\"Twitter\" aria-label=\"Twitter\" rel=\"nofollow noopener\"><\/a><\/li>\n<li><a href=\"https:\/\/profile.google.com\/cp\/CgovbS8wNzZ0dms1\" title=\"Google Discover\" target=\"_blank\" aria-label=\"Google Discover\" rel=\"nofollow noopener\"><img decoding=\"async\" src=\"https:\/\/www.europesays.com\/pt\/wp-content\/uploads\/2025\/11\/1762975755_52_google-discover-icon.png\" style=\"height: 25px; margin: 0 !important; margin-left: 3px;\" alt=\"Google Discover Icon\"\/><\/a><\/li>\n<\/ul>\n<p>              <a href=\"https:\/\/www.correiobraziliense.com.br\/autor\/bianca-lucca\/page\/1\/\" style=\"height: 100%;\" rel=\"nofollow noopener\" target=\"_blank\"><img decoding=\"async\" class=\"hidden-print author-circle d-block h6 mt-0 mb-0 mr-6 text-center\" src=\"https:\/\/www.europesays.com\/pt\/wp-content\/uploads\/2025\/11\/whatsapp_image_2025_01_07_at_20_59_47-44349236.jpeg\" alt=\"\" width=\"40\" height=\"40\" loading=\"lazy\" style=\"object-fit:cover; width: 40px; height: 40px; margin-right:10px;\"\/><\/a><a href=\"https:\/\/www.correiobraziliense.com.br\/autor\/bianca-lucca\/page\/1\/\" rel=\"nofollow noopener\" target=\"_blank\"><img decoding=\"async\" class=\"hidden-print author-circle d-block h6 mt-0 mb-0 mr-6 text-center\" src=\"https:\/\/www.europesays.com\/pt\/wp-content\/uploads\/2025\/11\/whatsapp_image_2025_01_07_at_20_59_47-44349236.jpeg\" alt=\"\" width=\"40\" height=\"40\" loading=\"lazy\" style=\"object-fit:cover; width: 40px; height: 40px; margin-right:10px;\"\/><\/a>Bianca Lucca  <strong class=\"entryStrongAuthor\">Rep\u00f3rter<\/strong><\/p>\n<p class=\"entryDescricaoAuthor\">Jornalista pelo Centro Universit\u00e1rio de Bras\u00edlia, apaixonada por literatura e quest\u00f5es sociais. Passou pela editoria de Cultura e agora escreve para o CB On-line, onde assina o Blog Daquilo.<\/p>\n<p>                          <script async src=\"https:\/\/platform.twitter.com\/widgets.js\" charset=\"utf-8\"><\/script><\/p>\n","protected":false},"excerpt":{"rendered":"O telesc\u00f3pio Gemini Sul, no Chile, registrou uma nova imagem da Nebulosa Borboleta, divulgada pelo NoirLab da Funda\u00e7\u00e3o&hellip;\n","protected":false},"author":2,"featured_media":173246,"comment_status":"","ping_status":"","sticky":false,"template":"","format":"standard","meta":{"footnotes":""},"categories":[84],"tags":[443,15520,109,107,108,1008,32,33,105,103,104,106,110,10541],"class_list":{"0":"post-173245","1":"post","2":"type-post","3":"status-publish","4":"format-standard","5":"has-post-thumbnail","7":"category-ciencia-e-tecnologia","8":"tag-astronomia","9":"tag-chile","10":"tag-ciencia","11":"tag-ciencia-e-tecnologia","12":"tag-cienciaetecnologia","13":"tag-espaco","14":"tag-portugal","15":"tag-pt","16":"tag-science","17":"tag-science-and-technology","18":"tag-scienceandtechnology","19":"tag-technology","20":"tag-tecnologia","21":"tag-telescopio"},"share_on_mastodon":{"url":"https:\/\/pubeurope.com\/@pt\/115650893524847636","error":""},"_links":{"self":[{"href":"https:\/\/www.europesays.com\/pt\/wp-json\/wp\/v2\/posts\/173245","targetHints":{"allow":["GET"]}}],"collection":[{"href":"https:\/\/www.europesays.com\/pt\/wp-json\/wp\/v2\/posts"}],"about":[{"href":"https:\/\/www.europesays.com\/pt\/wp-json\/wp\/v2\/types\/post"}],"author":[{"embeddable":true,"href":"https:\/\/www.europesays.com\/pt\/wp-json\/wp\/v2\/users\/2"}],"replies":[{"embeddable":true,"href":"https:\/\/www.europesays.com\/pt\/wp-json\/wp\/v2\/comments?post=173245"}],"version-history":[{"count":0,"href":"https:\/\/www.europesays.com\/pt\/wp-json\/wp\/v2\/posts\/173245\/revisions"}],"wp:featuredmedia":[{"embeddable":true,"href":"https:\/\/www.europesays.com\/pt\/wp-json\/wp\/v2\/media\/173246"}],"wp:attachment":[{"href":"https:\/\/www.europesays.com\/pt\/wp-json\/wp\/v2\/media?parent=173245"}],"wp:term":[{"taxonomy":"category","embeddable":true,"href":"https:\/\/www.europesays.com\/pt\/wp-json\/wp\/v2\/categories?post=173245"},{"taxonomy":"post_tag","embeddable":true,"href":"https:\/\/www.europesays.com\/pt\/wp-json\/wp\/v2\/tags?post=173245"}],"curies":[{"name":"wp","href":"https:\/\/api.w.org\/{rel}","templated":true}]}}