{"id":173309,"date":"2025-12-02T17:16:05","date_gmt":"2025-12-02T17:16:05","guid":{"rendered":"https:\/\/www.europesays.com\/pt\/173309\/"},"modified":"2025-12-02T17:16:05","modified_gmt":"2025-12-02T17:16:05","slug":"dylan-nao-tem-duvidas-e-aponta-quem-vai-vencer-a-casa-dos-segredos-certinho-e-direitinho","status":"publish","type":"post","link":"https:\/\/www.europesays.com\/pt\/173309\/","title":{"rendered":"Dylan &#8211; N\u00e3o tem d\u00favidas e aponta quem vai vencer a Casa dos Segredos: &#8220;Certinho e direitinho&#8221;"},"content":{"rendered":"<p>Depois de ter sido o mais votado para sair da <strong>Casa dos Segredos<\/strong>, <strong><a href=\"https:\/\/www.novagente.pt\/casa-dos-segredos-drama-nos-bastidores-sandro-inventa-historia-sobre-dylan-concorrente-expoe-tudo\" target=\"_blank\" rel=\"nofollow noopener\">Dylan<\/a>\u00a0<\/strong>esteve \u00e0 conversa com <strong>Cl\u00e1udio Ramos<\/strong> no <strong>Dois \u00e0s 10\u00a0<\/strong>e mostrou-se convencido de que o vencedor da atual edi\u00e7\u00e3o foi\u00a0um dos seus grandes rivais l\u00e1 dentro. &#8220;Neste momento, a ver o que eu vejo, vai ganhar o Pedro&#8221;, atirou.<\/p>\n<blockquote>\n<p><a href=\"https:\/\/www.novagente.pt\/casa-dos-segredos-momento-que-nao-passou-em-televisao-reacao-de-dylan-ao-segredo-de-pedro-jorge\" target=\"_blank\" rel=\"nofollow noopener\"><strong>Ler ainda:\u00a0O momento que n\u00e3o passou em televis\u00e3o! A rea\u00e7\u00e3o de Dylan ao segredo de Pedro Jorge (V\u00eddeo)<\/strong><\/a><\/p>\n<\/blockquote>\n<p>Al\u00e9m disso, tamb\u00e9m fez previs\u00f5es sobre as pr\u00f3ximas expuls\u00f5es. &#8220;Para mim, sai a Bruna esta semana. Tenho a certeza. \u00c9 a Bruna que vai sair de certeza absoluta&#8221;, atirou.\u00a0<\/p>\n<p>&#8220;Para a semana sai a In\u00eas&#8221;<\/p>\n<p>Por\u00e9m, o <a href=\"https:\/\/www.novagente.pt\/casa-dos-segredos-momento-que-nao-passou-em-televisao-reacao-de-dylan-ao-segredo-de-pedro-jorge\" target=\"_blank\" rel=\"nofollow noopener\">ex-concorrente<\/a> tamb\u00e9m adiantou j\u00e1 que In\u00eas dever\u00e1 mesmo ser a pr\u00f3xima a abandonar a Casa. &#8220;E para a semana, se a In\u00eas estiver nomeada, sai a In\u00eas. Vai ser certinho e direitinho&#8221;.<\/p>\n<p>O vianense considera que os casais dificilmente ser\u00e3o separados at\u00e9 bem pr\u00f3ximo do fim, considerando que &#8220;Liliana \u00e9 muito forte dentro da Casa e\u00a0o F\u00e1bio acaba por ir ali um bocado a reboque da Liliana&#8221;, apontou.<\/p>\n<p>&#8220;Depois entre o Leandro e a Ana n\u00e3o sei, mas eu apostaria mais no Leandro talvez. Apesar de que para mim o Leandro \u00e9 uma das pessoas que mais se tem vindo a apagar dentro da casa e acho que a Ana tem vindo a ganhar mais for\u00e7a ao jeito dela, por aquela maneira dela ser&#8221;, destacou.<\/p>\n<p>Texto: Tom\u00e1s Casc\u00e3o; Fotos: Redes sociais\u00a0<\/p>\n<p class=\"intagram-text\">Siga a Nova Gente no Instagram<\/p>\n<p>                        <a href=\"https:\/\/www.instagram.com\/revistanovagente\/\" target=\"_blank\" aria-label=\"instagram\" rel=\"noopener nofollow\"><img decoding=\"async\" style=\"display: block; margin-left: auto; margin-right: auto; width: 250px; height: 83px;\" src=\"https:\/\/www.europesays.com\/pt\/wp-content\/uploads\/2025\/11\/Instagram_NG.png\" alt=\"instagram\"\/><\/a><br \/>\n                    <script async src=\"\/\/www.instagram.com\/embed.js\"><\/script><\/p>\n","protected":false},"excerpt":{"rendered":"Depois de ter sido o mais votado para sair da Casa dos Segredos, Dylan\u00a0esteve \u00e0 conversa com Cl\u00e1udio&hellip;\n","protected":false},"author":2,"featured_media":173310,"comment_status":"","ping_status":"","sticky":false,"template":"","format":"standard","meta":{"footnotes":""},"categories":[142],"tags":[2632,19105,114,115,32,33,151],"class_list":{"0":"post-173309","1":"post","2":"type-post","3":"status-publish","4":"format-standard","5":"has-post-thumbnail","7":"category-tv","8":"tag-casa-dos-segredos","9":"tag-dylan","10":"tag-entertainment","11":"tag-entretenimento","12":"tag-portugal","13":"tag-pt","14":"tag-tv"},"share_on_mastodon":{"url":"https:\/\/pubeurope.com\/@pt\/115651109682655018","error":""},"_links":{"self":[{"href":"https:\/\/www.europesays.com\/pt\/wp-json\/wp\/v2\/posts\/173309","targetHints":{"allow":["GET"]}}],"collection":[{"href":"https:\/\/www.europesays.com\/pt\/wp-json\/wp\/v2\/posts"}],"about":[{"href":"https:\/\/www.europesays.com\/pt\/wp-json\/wp\/v2\/types\/post"}],"author":[{"embeddable":true,"href":"https:\/\/www.europesays.com\/pt\/wp-json\/wp\/v2\/users\/2"}],"replies":[{"embeddable":true,"href":"https:\/\/www.europesays.com\/pt\/wp-json\/wp\/v2\/comments?post=173309"}],"version-history":[{"count":0,"href":"https:\/\/www.europesays.com\/pt\/wp-json\/wp\/v2\/posts\/173309\/revisions"}],"wp:featuredmedia":[{"embeddable":true,"href":"https:\/\/www.europesays.com\/pt\/wp-json\/wp\/v2\/media\/173310"}],"wp:attachment":[{"href":"https:\/\/www.europesays.com\/pt\/wp-json\/wp\/v2\/media?parent=173309"}],"wp:term":[{"taxonomy":"category","embeddable":true,"href":"https:\/\/www.europesays.com\/pt\/wp-json\/wp\/v2\/categories?post=173309"},{"taxonomy":"post_tag","embeddable":true,"href":"https:\/\/www.europesays.com\/pt\/wp-json\/wp\/v2\/tags?post=173309"}],"curies":[{"name":"wp","href":"https:\/\/api.w.org\/{rel}","templated":true}]}}