{"id":173321,"date":"2025-12-02T17:30:09","date_gmt":"2025-12-02T17:30:09","guid":{"rendered":"https:\/\/www.europesays.com\/pt\/173321\/"},"modified":"2025-12-02T17:30:09","modified_gmt":"2025-12-02T17:30:09","slug":"estatua-de-pavarotti-fica-isolada-no-meio-de-pista-de-gelo-em-italia-autarca-pede-desculpa-a-familia-do-tenor","status":"publish","type":"post","link":"https:\/\/www.europesays.com\/pt\/173321\/","title":{"rendered":"Est\u00e1tua de Pavarotti fica isolada no meio de pista de gelo em It\u00e1lia. Autarca pede desculpa \u00e0 fam\u00edlia do tenor"},"content":{"rendered":"<p>A est\u00e1tua de bronze de Luciano Pavarotti inaugurada h\u00e1 um ano na cidade de Pesaro, onde o famoso tenor viveu e era cidad\u00e3o honor\u00e1rio, est\u00e1 envolta em pol\u00e9mica. <\/p>\n<p>Tudo porque o presidente da autarquia decidiu construir uma pista de gelo tempor\u00e1ria para divers\u00e3o durante a quadra de Natal, deixando a escultura precisamente no meio da pista. O autarca Andrea Biancini recorreu inclusive \u00e0s redes sociais para apelar aos patinadores para que fossem dar um high five ao famoso cantor.   <\/p>\n<p>Esta situa\u00e7\u00e3o causou mal-estar \u00e0 fam\u00edlia de Luciano Pavarotti, tendo Nicoletta Mantovani, a vi\u00fava do lend\u00e1rio cantor de \u00f3pera, dito ao jornal local <a aria-label=\"content\" target=\"_blank\" href=\"https:\/\/www.ilrestodelcarlino.it\/pesaro\/cronaca\/pavarotti-statua-pista-ghiaccio-sdegno-vedova-h75yt83v\" rel=\"nofollow noopener\">Il Resto del Carlino<\/a> que cercar a est\u00e1tua, at\u00e9 aos joelhos, com uma pista de gelo &#8220;muito feia&#8221; &#8220;ridicularizou&#8221; a mem\u00f3ria de Pavarotti. &#8220;Estou decepcionada, irritada e chateada. Foi como um raio num c\u00e9u azul\u201d, disse assim que viu as fotos que lhe foram enviadas por aquele jornal. <\/p>\n<p>\u201cLamento que a cidade tenha permitido algo assim, porque afeta a imagem de Luciano e o respeito que ele merece. Simplesmente n\u00e3o est\u00e1 correto\u201d, referiu.<\/p>\n<p>Refira-se que a est\u00e1tua de Pavarotti retrata o cantor em tamanho real, com os bra\u00e7os abertos com um len\u00e7o numa das m\u00e3os. Est\u00e1 situada na pra\u00e7a central de Pesaro, onde h\u00e1 um ano foi inaugurada com grande pompa e circunst\u00e2ncia.<\/p>\n<p>Andrea Biancini j\u00e1 veio entretanto pedir desculpas, admitindo ter &#8220;cometido um erro&#8221;. \u201cN\u00e3o tivemos a inten\u00e7\u00e3o de desrespeitar Pavarotti\u201d, disse o presidente da c\u00e2mara ao Il Resto del Carlino, acrescentando que lhe foi garantido que a est\u00e1tua &#8220;n\u00e3o seria tocada nem incorporada na pista de gelo\u201d. <\/p>\n","protected":false},"excerpt":{"rendered":"A est\u00e1tua de bronze de Luciano Pavarotti inaugurada h\u00e1 um ano na cidade de Pesaro, onde o famoso&hellip;\n","protected":false},"author":2,"featured_media":173322,"comment_status":"","ping_status":"","sticky":false,"template":"","format":"standard","meta":{"footnotes":""},"categories":[144],"tags":[207,205,206,203,201,202,204,114,115,2768,233,36178,32,33],"class_list":{"0":"post-173321","1":"post","2":"type-post","3":"status-publish","4":"format-standard","5":"has-post-thumbnail","7":"category-arte-e-design","8":"tag-arte","9":"tag-arte-e-design","10":"tag-artedesign","11":"tag-arts","12":"tag-arts-and-design","13":"tag-artsanddesign","14":"tag-design","15":"tag-entertainment","16":"tag-entretenimento","17":"tag-estatua","18":"tag-italia","19":"tag-luciano-pavarotti","20":"tag-portugal","21":"tag-pt"},"share_on_mastodon":{"url":"https:\/\/pubeurope.com\/@pt\/115651164378087328","error":""},"_links":{"self":[{"href":"https:\/\/www.europesays.com\/pt\/wp-json\/wp\/v2\/posts\/173321","targetHints":{"allow":["GET"]}}],"collection":[{"href":"https:\/\/www.europesays.com\/pt\/wp-json\/wp\/v2\/posts"}],"about":[{"href":"https:\/\/www.europesays.com\/pt\/wp-json\/wp\/v2\/types\/post"}],"author":[{"embeddable":true,"href":"https:\/\/www.europesays.com\/pt\/wp-json\/wp\/v2\/users\/2"}],"replies":[{"embeddable":true,"href":"https:\/\/www.europesays.com\/pt\/wp-json\/wp\/v2\/comments?post=173321"}],"version-history":[{"count":0,"href":"https:\/\/www.europesays.com\/pt\/wp-json\/wp\/v2\/posts\/173321\/revisions"}],"wp:featuredmedia":[{"embeddable":true,"href":"https:\/\/www.europesays.com\/pt\/wp-json\/wp\/v2\/media\/173322"}],"wp:attachment":[{"href":"https:\/\/www.europesays.com\/pt\/wp-json\/wp\/v2\/media?parent=173321"}],"wp:term":[{"taxonomy":"category","embeddable":true,"href":"https:\/\/www.europesays.com\/pt\/wp-json\/wp\/v2\/categories?post=173321"},{"taxonomy":"post_tag","embeddable":true,"href":"https:\/\/www.europesays.com\/pt\/wp-json\/wp\/v2\/tags?post=173321"}],"curies":[{"name":"wp","href":"https:\/\/api.w.org\/{rel}","templated":true}]}}