{"id":173326,"date":"2025-12-02T17:35:20","date_gmt":"2025-12-02T17:35:20","guid":{"rendered":"https:\/\/www.europesays.com\/pt\/173326\/"},"modified":"2025-12-02T17:35:20","modified_gmt":"2025-12-02T17:35:20","slug":"fc-porto-junta-la-famiglia-portista-num-animado-video-de-natal","status":"publish","type":"post","link":"https:\/\/www.europesays.com\/pt\/173326\/","title":{"rendered":"FC Porto junta \u00abla famiglia portista\u00bb num animado v\u00eddeo de Natal"},"content":{"rendered":"<p>O FC Porto publicou o tradicional v\u00eddeo de Natal, desta vez, com muita imagina\u00e7\u00e3o, com a fam\u00edlia portista reunida, devidamente equipada para o efeito, numa festa com v\u00e1rias refer\u00eancias aos filmes mais vistos na \u00e9poca natal\u00edcia.<\/p>\n<p>Um v\u00eddeo animado que come\u00e7a com Wlliam Gomes a \u00abroubar\u00bb uma rabanada, antes de Rodrigo Mora introduzir a primeira refer\u00eancia a um filme, neste caso, o cl\u00e1ssico \u00abSozinho em casa\u00bb.<\/p>\n<p>A fam\u00edlia portista aparece depois numa sess\u00e3o de bingo em que Pep\u00ea tira o n\u00famero 31, o n\u00famero de campeonatos que a equipa do Drag\u00e3o quer ostentar no final da \u00e9poca, que todos os jogadores t\u00eam nos respetivos cart\u00f5es. \u00ab\u00c9 nosso\u00bb, diz Pep\u00ea.<\/p>\n<p>Seguem-se mais refer\u00eancias a mais cl\u00e1ssicos do cinema, at\u00e9 que o treinador Francesco Farioli entra na sala, com um ar muito s\u00e9rio&#8230;para desejar um bom Natal aos \u00abrapazes\u00bb e \u00e0 \u00abla fam\u00edglia portista\u00bb.<\/p>\n<p><strong>Ora veja:<\/strong><\/p>\n","protected":false},"excerpt":{"rendered":"O FC Porto publicou o tradicional v\u00eddeo de Natal, desta vez, com muita imagina\u00e7\u00e3o, com a fam\u00edlia portista&hellip;\n","protected":false},"author":2,"featured_media":173327,"comment_status":"","ping_status":"","sticky":false,"template":"","format":"standard","meta":{"footnotes":""},"categories":[87],"tags":[135,282,1011,36,46,7561,32,33,47,2435,36179,134,36180],"class_list":{"0":"post-173326","1":"post","2":"type-post","3":"status-publish","4":"format-standard","5":"has-post-thumbnail","7":"category-desporto","8":"tag-desporto","9":"tag-fc-porto","10":"tag-francesco-farioli","11":"tag-liga","12":"tag-maisfutebol","13":"tag-natal","14":"tag-portugal","15":"tag-pt","16":"tag-pura-paixao","17":"tag-rodrigo-mora","18":"tag-sozinho-em-casa","19":"tag-sports","20":"tag-video-de-natal"},"share_on_mastodon":{"url":"https:\/\/pubeurope.com\/@pt\/115651184109206218","error":""},"_links":{"self":[{"href":"https:\/\/www.europesays.com\/pt\/wp-json\/wp\/v2\/posts\/173326","targetHints":{"allow":["GET"]}}],"collection":[{"href":"https:\/\/www.europesays.com\/pt\/wp-json\/wp\/v2\/posts"}],"about":[{"href":"https:\/\/www.europesays.com\/pt\/wp-json\/wp\/v2\/types\/post"}],"author":[{"embeddable":true,"href":"https:\/\/www.europesays.com\/pt\/wp-json\/wp\/v2\/users\/2"}],"replies":[{"embeddable":true,"href":"https:\/\/www.europesays.com\/pt\/wp-json\/wp\/v2\/comments?post=173326"}],"version-history":[{"count":0,"href":"https:\/\/www.europesays.com\/pt\/wp-json\/wp\/v2\/posts\/173326\/revisions"}],"wp:featuredmedia":[{"embeddable":true,"href":"https:\/\/www.europesays.com\/pt\/wp-json\/wp\/v2\/media\/173327"}],"wp:attachment":[{"href":"https:\/\/www.europesays.com\/pt\/wp-json\/wp\/v2\/media?parent=173326"}],"wp:term":[{"taxonomy":"category","embeddable":true,"href":"https:\/\/www.europesays.com\/pt\/wp-json\/wp\/v2\/categories?post=173326"},{"taxonomy":"post_tag","embeddable":true,"href":"https:\/\/www.europesays.com\/pt\/wp-json\/wp\/v2\/tags?post=173326"}],"curies":[{"name":"wp","href":"https:\/\/api.w.org\/{rel}","templated":true}]}}