{"id":173332,"date":"2025-12-02T17:43:16","date_gmt":"2025-12-02T17:43:16","guid":{"rendered":"https:\/\/www.europesays.com\/pt\/173332\/"},"modified":"2025-12-02T17:43:16","modified_gmt":"2025-12-02T17:43:16","slug":"filho-de-mileide-e-safadao-realiza-sonho-apos-fazer-15-anos-midianews","status":"publish","type":"post","link":"https:\/\/www.europesays.com\/pt\/173332\/","title":{"rendered":"Filho de Mileide e Safad\u00e3o realiza sonho ap\u00f3s fazer 15 anos &#8211; MidiaNews"},"content":{"rendered":"<ol>\n<li><a href=\"https:\/\/news.google.com\/rss\/articles\/CBMiqgFBVV95cUxQWnhkajJ1aF9PT3BzTXpUZ3BTWUtvV1lUbmtuT3JJcnJTMnNvejVLQWhsa250RFQzaHh5SXlVZHRJbUNHQnE4dC1zNURrT0plS1ZlTkpuRUNmNFBVcUl2QXpkNGFkczhpSHE5RDBXMGtJMnFwM3l4aHU3VWFzMzc4anJWVV9nd2wxR01DSTRTRkJmZHR0X1dBTFA4MHlDTTlFelBzdVlRVGhfdw?oc=5\" target=\"_blank\" rel=\"nofollow noopener\">Filho de Mileide e Safad\u00e3o realiza sonho ap\u00f3s fazer 15 anos<\/a>&nbsp;&nbsp;MidiaNews<\/li>\n<li><a href=\"https:\/\/news.google.com\/rss\/articles\/CBMixwFBVV95cUxPbUtiN29laVd5TU1CUXJzcWFKakpPOXV0Z2o0T084dkxqVE9JUEJIbHpHb0hBNWZXR1pCbzFOeXkxSXlubVZaVGtTTlBSeDg2bU5kcW9WcC1QRjYteTJzcWhzdjZHZEl1eUVtdURiWHUtel91dUdneWFlc2FHcFVUQVl5QzJmX0VBZmFwNmhacG1Vb0FuUHo3ellYYUlDaXMzcWs0blpWdVpJMGJ2X3FxVm5uWDZwdVh4TllQSXc1RGxhNU9UdnJZ?oc=5\" target=\"_blank\" rel=\"nofollow noopener\">Filho de Wesley Safad\u00e3o e Mileide Mihaile completa 15 anos e atitude inesperada muda tudo<\/a>&nbsp;&nbsp;CARAS Brasil<\/li>\n<li><a href=\"https:\/\/news.google.com\/rss\/articles\/CBMiqwFBVV95cUxPUUhuZS1UR28zbmFPNGlvbTl3bjBvZkhrRGh5REhJRlQtTy16YmFtRGNsOEdWRzE4VlVFLThxUEgwRV9icWYyMDFHT19KLTZRakdKcmpjQUExYXZ5UGVEMjBQSEU5UWl0UWlVU3RMeTRka3JjTmZ2S2xxT01HYkVLakpqU2hjdXFYcmJ3Q3hBOHBZSWxZUEdQQzZNSTRhWEZGNXdvWW05REhqR00?oc=5\" target=\"_blank\" rel=\"nofollow noopener\">Filho de Mileide e Safad\u00e3o realiza sonho ap\u00f3s fazer 15 anos. Entenda<\/a>&nbsp;&nbsp;Metr\u00f3poles<\/li>\n<li><a href=\"https:\/\/news.google.com\/rss\/articles\/CBMi5wFBVV95cUxQdGtkdjNqdHQ4dzdQcUVoU3pIN1pKZTdsYXp6OXlScnZmaTdHLWpGLXA2V3BlWEpEcC0yckF4bDBHZDBjSUp5SFAxcHFhSDFFaWdsbkhyQ1R3N0tqVzFRc1YwU2R1WnNPWjYwck1GQWRZUnZ4bTdzZ2haNjd4SjdtbzdrZnNTUVVlblFiREVndXg1OGxIVElkVjNXZWpzcE5rRWI3T3lWc296ZHhOUFB5UXRDaVU0UmJlcHpLYjBidUVubnRXcDZuY25wUHN6Ui1weGNxcmdDV2U4NHVEUUJpamJPWHo3Q2_SAfYBQVVfeXFMUEhZSEd0OHQwTmpqVDE2aTlqRENYdDBVVTJ5d3JHX1VYd3QtUElsSjkxOWJUaUVmclhaNU0zZ3YtdzJTdnpCZERndzd0RGUwMzBxNTFsWkVtT3dmbkZOeUtiU21IZ1E2SDItRV8wS25MMUo0amcwejRmZlcxazZpX2tQLWpBR1Z0M1RPM3c2Sy15enlwYTFsVVhVNFpXWTh1WmxXRUdLM3BQV2w4Y3BUNjBYRlplYmRIYjc2N0NCVEJQMDVnQ002TUs4ejh5cGxKcHJTNU16N2Z3LUdNQlJDSXNWQXZ5bGE2SGdkWW9VYVRaX3NjaFFB?oc=5\" target=\"_blank\" rel=\"nofollow noopener\">Mileide Mihaile celebra os 15 anos do filho ap\u00f3s cirurgia na cabe\u00e7a: &#8216;Dia de muito agradecimento&#8217;<\/a>&nbsp;&nbsp;Gshow<\/li>\n<li><a href=\"https:\/\/news.google.com\/rss\/articles\/CBMi9wFBVV95cUxQUURqNTRCcnNjZHFzYmlOVUlrRWNGbDlaRjZYd3k1dWxfdDNWaUdiQWVmRzd3X19CeDVTYzBxanA2OVRMajE3MDhhUUREREs4WWVFZGpyeEZWSVI1ZW5YMnhoNVJLUUxPZ2UxQzA0V2JpXzl5dkdDOVRJY1kxZWRiemRSc2I5RlF0MXNRbm1LOTRVQ2xsbWZabkNQQkdRaTBibkZod09jaG9Jc1VNRi1ob2gxZmJDRmwxZ0hma0ZyV0IyVUc5Tks1UEhtT3VHWGg5ak42X3BhNkZKcVNXbm1TMW9NMmRQUUZtbDdaZEIyQ3ZYbHBlc0ZF?oc=5\" target=\"_blank\" rel=\"nofollow noopener\">Filho de Wesley Safad\u00e3o e Mileide Mihaile comemora 15 anos com bolo diferent\u00e3o<\/a>&nbsp;&nbsp;Terra<\/li>\n<\/ol>\n","protected":false},"excerpt":{"rendered":"Filho de Mileide e Safad\u00e3o realiza sonho ap\u00f3s fazer 15 anos&nbsp;&nbsp;MidiaNews Filho de Wesley Safad\u00e3o e Mileide Mihaile&hellip;\n","protected":false},"author":2,"featured_media":173333,"comment_status":"","ping_status":"","sticky":false,"template":"","format":"standard","meta":{"footnotes":""},"categories":[145],"tags":[211,210,114,115,3724,3723,32,33,3725],"class_list":{"0":"post-173332","1":"post","2":"type-post","3":"status-publish","4":"format-standard","5":"has-post-thumbnail","7":"category-celebridades","8":"tag-celebridades","9":"tag-celebrities","10":"tag-entertainment","11":"tag-entretenimento","12":"tag-noticias-da-capital","13":"tag-noticias-de-cuiaba","14":"tag-portugal","15":"tag-pt","16":"tag-urgente-cuiaba"},"share_on_mastodon":{"url":"https:\/\/pubeurope.com\/@pt\/115651216010608692","error":""},"_links":{"self":[{"href":"https:\/\/www.europesays.com\/pt\/wp-json\/wp\/v2\/posts\/173332","targetHints":{"allow":["GET"]}}],"collection":[{"href":"https:\/\/www.europesays.com\/pt\/wp-json\/wp\/v2\/posts"}],"about":[{"href":"https:\/\/www.europesays.com\/pt\/wp-json\/wp\/v2\/types\/post"}],"author":[{"embeddable":true,"href":"https:\/\/www.europesays.com\/pt\/wp-json\/wp\/v2\/users\/2"}],"replies":[{"embeddable":true,"href":"https:\/\/www.europesays.com\/pt\/wp-json\/wp\/v2\/comments?post=173332"}],"version-history":[{"count":0,"href":"https:\/\/www.europesays.com\/pt\/wp-json\/wp\/v2\/posts\/173332\/revisions"}],"wp:featuredmedia":[{"embeddable":true,"href":"https:\/\/www.europesays.com\/pt\/wp-json\/wp\/v2\/media\/173333"}],"wp:attachment":[{"href":"https:\/\/www.europesays.com\/pt\/wp-json\/wp\/v2\/media?parent=173332"}],"wp:term":[{"taxonomy":"category","embeddable":true,"href":"https:\/\/www.europesays.com\/pt\/wp-json\/wp\/v2\/categories?post=173332"},{"taxonomy":"post_tag","embeddable":true,"href":"https:\/\/www.europesays.com\/pt\/wp-json\/wp\/v2\/tags?post=173332"}],"curies":[{"name":"wp","href":"https:\/\/api.w.org\/{rel}","templated":true}]}}