{"id":173338,"date":"2025-12-02T17:47:21","date_gmt":"2025-12-02T17:47:21","guid":{"rendered":"https:\/\/www.europesays.com\/pt\/173338\/"},"modified":"2025-12-02T17:47:21","modified_gmt":"2025-12-02T17:47:21","slug":"radio-condestavel-serta-iluminacao-de-natal-regressa-as-ruas-do-concelho","status":"publish","type":"post","link":"https:\/\/www.europesays.com\/pt\/173338\/","title":{"rendered":"R\u00e1dio Condest\u00e1vel | SERT\u00c3: Ilumina\u00e7\u00e3o de Natal regressa \u00e0s ruas do concelho"},"content":{"rendered":"<p>                                                                                &#13;<br \/>\n                                                &#13;<br \/>\n                                                    <img decoding=\"async\" src=\"https:\/\/www.europesays.com\/pt\/wp-content\/uploads\/2025\/12\/iluminacao24_3.jpg\" alt=\"SERT\u00c3: Ilumina\u00e7\u00e3o de Natal regressa \u00e0s ruas do concelho\" class=\"img-responsive\" stule=\"margin: 0 auto\"\/>&#13;<\/p>\n<p>                                    <img decoding=\"async\" src=\"https:\/\/www.europesays.com\/pt\/wp-content\/uploads\/2025\/12\/1764697641_505_iluminacao24_3.jpg\" style=\"display:none\"\/><\/p>\n<p>Apesar de chegar com algum atraso este ano, face ao ano passado, a ilumina\u00e7\u00e3o de Natal pelas ruas do concelho da Sert\u00e3 est\u00e1 a ser montada e ser\u00e1 ligada dentro de dias, garantiu \u00e0 R\u00e1dio Condest\u00e1vel o presidente da C\u00e2mara Municipal da\u00a0Sert\u00e3, Carlos Miranda.<br \/>A situa\u00e7\u00e3o verificada este ano deve-se ao facto de as elei\u00e7\u00f5es terem vindo atrasar contrata\u00e7\u00f5es como esta, explicou ainda o autarca sertaginense:<\/p>\n<p>Deste modo haver\u00e1 ilumina\u00e7\u00e3o de Natal nas tr\u00eas vilas do concelho, nomeadamente, Sert\u00e3, Cernache do Bonjardim e Pedr\u00f3g\u00e3o Pequeno. Nas restantes freguesias haver\u00e1 alguns apontamentos luminosos a assinalar esta quadra natal\u00edcia, disse ainda o autarca.<\/p>\n<p>Foto: Arquivo RC<\/p>\n","protected":false},"excerpt":{"rendered":"&#13; &#13; &#13; Apesar de chegar com algum atraso este ano, face ao ano passado, a ilumina\u00e7\u00e3o de&hellip;\n","protected":false},"author":2,"featured_media":173339,"comment_status":"","ping_status":"","sticky":false,"template":"","format":"standard","meta":{"footnotes":""},"categories":[141],"tags":[36185,5847,114,115,36183,27293,149,150,36186,32,33,36184],"class_list":{"0":"post-173338","1":"post","2":"type-post","3":"status-publish","4":"format-standard","5":"has-post-thumbnail","7":"category-musica","8":"tag-carlosmiranda","9":"tag-cernachedobonjardim","10":"tag-entertainment","11":"tag-entretenimento","12":"tag-iluminacaodenatal","13":"tag-luzes","14":"tag-music","15":"tag-musica","16":"tag-pedrogaopequeno","17":"tag-portugal","18":"tag-pt","19":"tag-sertaespiritodenatal"},"share_on_mastodon":{"url":"https:\/\/pubeurope.com\/@pt\/115651231515041934","error":""},"_links":{"self":[{"href":"https:\/\/www.europesays.com\/pt\/wp-json\/wp\/v2\/posts\/173338","targetHints":{"allow":["GET"]}}],"collection":[{"href":"https:\/\/www.europesays.com\/pt\/wp-json\/wp\/v2\/posts"}],"about":[{"href":"https:\/\/www.europesays.com\/pt\/wp-json\/wp\/v2\/types\/post"}],"author":[{"embeddable":true,"href":"https:\/\/www.europesays.com\/pt\/wp-json\/wp\/v2\/users\/2"}],"replies":[{"embeddable":true,"href":"https:\/\/www.europesays.com\/pt\/wp-json\/wp\/v2\/comments?post=173338"}],"version-history":[{"count":0,"href":"https:\/\/www.europesays.com\/pt\/wp-json\/wp\/v2\/posts\/173338\/revisions"}],"wp:featuredmedia":[{"embeddable":true,"href":"https:\/\/www.europesays.com\/pt\/wp-json\/wp\/v2\/media\/173339"}],"wp:attachment":[{"href":"https:\/\/www.europesays.com\/pt\/wp-json\/wp\/v2\/media?parent=173338"}],"wp:term":[{"taxonomy":"category","embeddable":true,"href":"https:\/\/www.europesays.com\/pt\/wp-json\/wp\/v2\/categories?post=173338"},{"taxonomy":"post_tag","embeddable":true,"href":"https:\/\/www.europesays.com\/pt\/wp-json\/wp\/v2\/tags?post=173338"}],"curies":[{"name":"wp","href":"https:\/\/api.w.org\/{rel}","templated":true}]}}