{"id":173346,"date":"2025-12-02T17:54:14","date_gmt":"2025-12-02T17:54:14","guid":{"rendered":"https:\/\/www.europesays.com\/pt\/173346\/"},"modified":"2025-12-02T17:54:14","modified_gmt":"2025-12-02T17:54:14","slug":"putin-lanca-aviso-antes-de-encontro-com-enviado-dos-eua-se-a-europa-quer-entrar-em-guerra-estamos-prontos-diario-de-noticias","status":"publish","type":"post","link":"https:\/\/www.europesays.com\/pt\/173346\/","title":{"rendered":"Putin lan\u00e7a aviso antes de encontro com enviado dos EUA: &quot;Se a Europa quer entrar em guerra, estamos prontos&quot; &#8211; Di\u00e1rio de Not\u00edcias"},"content":{"rendered":"<ol>\n<li><a href=\"https:\/\/news.google.com\/rss\/articles\/CBMipwFBVV95cUxQWVBIaGdPRjloVVczWjdGTDVlNnJaODdadTlYbGU0RWVWRjRSVG5xVWxBRFczakJ4a051c0xVYkNXVUFWUnJ4UUFQWURkVDFNYUR1OTEtMnN0TWRhNXliNmFsd05zR0lQdXNtVDBtdU5VUTRsSEVaTHlHT1dHbjFxYnBfSkJIN1NSYkdVREdPQk5oLXNTamxJUGJsQ0dMYmNfcldNMnFhWQ?oc=5\" target=\"_blank\" rel=\"nofollow noopener\">Putin lan\u00e7a aviso antes de encontro com enviado dos EUA: &#8220;Se a Europa quer entrar em guerra, estamos prontos&#8221;<\/a>&nbsp;&nbsp;Di\u00e1rio de Not\u00edcias<\/li>\n<li><a href=\"https:\/\/news.google.com\/rss\/articles\/CBMiowFBVV95cUxNUHltcnREM0pPdjQ0Qk9xbl9IeERWekZzRmlkdUxqWTM2VDltcXFNMHMtdmNSRFg1WTRnVkd1MkFYc3BBeHpvYklVb1dDWkpUWURtVjc5YURsOGxnbGhmeGZLU2JMNlBrOW9RdlJtZ0JxVEJOVlJhWlB2YnVGUU9XZUFGandMVHJWMGVMUHRQMHNjN1hIMEpIVE10R253NUFLWUtj0gGyAUFVX3lxTE02cWl6MTNncFdKSGpiNkdsQU5HdGRhU2xSV3hUd0xyV3ZTVXYyMTRmdXNsR2NGaUxlWjFmWXdwZEp4Z3BjMW1xQkVacUlTQ3RFTnMzcDhkLWQ0ZzZ3b0dwenZJWGd1TTJCdk5Sck9zSzZ3OVo4SGdSMEV6MWliRHkyNFprZnh4bXpXNmF6TGljWTRkTE9OU1luWHI5d1dYcjc2cExmWWtURGlfeXk5QkRoWFE?oc=5\" target=\"_blank\" rel=\"nofollow noopener\">&#8216;Se Europa quiser guerra, estamos prontos&#8217;, diz Putin<\/a>&nbsp;&nbsp;G1<\/li>\n<li><a href=\"https:\/\/news.google.com\/rss\/articles\/CBMisAFBVV95cUxQRTlBeTYyeHVYRTBWbzhPa19YSEwxOWhXTWZmbkdFLWdZcFd4UXFRSG04cDF4QkwwRG1iOFlVdVpqWE1Oekg3YVhsbm0tcnFlRXpxa0lTOGdpZUtIX0ZQZXFiTUdXa0Jwakhka0pyTjJhR2xBUm0xZmVwd0dKZFdIT0ZuX253SWpCSzNIekpFQWp5bEhza3JCU1g3MTBrcmZ6bC1VcTRFZHVuX2RjYi1GTQ?oc=5\" target=\"_blank\" rel=\"nofollow noopener\">Putin diz que n\u00e3o quer briga com Europa, mas que est\u00e1 &#8216;pronto para guerra&#8217;<\/a>&nbsp;&nbsp;UOL Not\u00edcias<\/li>\n<li><a href=\"https:\/\/news.google.com\/rss\/articles\/CBMiswFBVV95cUxOcWlpT3RJNXl4ZkZhbmFXYXpIbENSRHJBWEw4Z2xsdUFvOW9zamxyWWRmNGJoOWhqTG02bGx6OGlqMTZ4MWdQeng1TzA4dlVfc1RqU3lRc0NaU1Z5em5ZZXpjcWJXZnFfS3g1SGZ6RjU0Vk1ISU1pYlY1YTRZOXBnb3FEYUJtcllROWtuTC1JLXViTGtkSlJzdVFYY0Q5UFNUdU1Cc08yaHd4T0dUbzhIQzhaYw?oc=5\" target=\"_blank\" rel=\"nofollow noopener\">Putin: Status da Crimeia e Donbass \u00e9 crucial para acordo sobre Ucr\u00e2nia<\/a>&nbsp;&nbsp;CNN Brasil<\/li>\n<li><a href=\"https:\/\/news.google.com\/rss\/articles\/CBMiYkFVX3lxTE1qc3dGY1dINkpEQ1E5UjYyOHpIR0tGcGRFcnlpMjJ3Q29MV2RpLWd2b2k5TGVDaDVfamZuZExhWUZjMy1YVkExcEdkTWwxWXp3RDlPRUYwUWY2ZklYMVFSTzhB?oc=5\" target=\"_blank\" rel=\"nofollow noopener\">Putin refor\u00e7a amea\u00e7a e diz que s\u00f3 haver\u00e1 paz se Ucr\u00e2nia ceder territ\u00f3rios<\/a>&nbsp;&nbsp;BBC<\/li>\n<\/ol>\n","protected":false},"excerpt":{"rendered":"Putin lan\u00e7a aviso antes de encontro com enviado dos EUA: &#8220;Se a Europa quer entrar em guerra, estamos&hellip;\n","protected":false},"author":2,"featured_media":173347,"comment_status":"","ping_status":"","sticky":false,"template":"","format":"standard","meta":{"footnotes":""},"categories":[50],"tags":[27,28,413,15,16,14,25,26,21,22,62,12,13,19,20,23,24,3813,839,17,18,840,29,30,31,2416,63,64,65],"class_list":{"0":"post-173346","1":"post","2":"type-post","3":"status-publish","4":"format-standard","5":"has-post-thumbnail","7":"category-mundo","8":"tag-breaking-news","9":"tag-breakingnews","10":"tag-eua","11":"tag-featured-news","12":"tag-featurednews","13":"tag-headlines","14":"tag-latest-news","15":"tag-latestnews","16":"tag-main-news","17":"tag-mainnews","18":"tag-mundo","19":"tag-news","20":"tag-noticias","21":"tag-noticias-principais","22":"tag-noticiasprincipais","23":"tag-principais-noticias","24":"tag-principaisnoticias","25":"tag-putin","26":"tag-russia","27":"tag-top-stories","28":"tag-topstories","29":"tag-ucrania","30":"tag-ultimas","31":"tag-ultimas-noticias","32":"tag-ultimasnoticias","33":"tag-volodymyr-zelensky","34":"tag-world","35":"tag-world-news","36":"tag-worldnews"},"share_on_mastodon":{"url":"","error":"Validation failed: Text character limit of 500 exceeded"},"_links":{"self":[{"href":"https:\/\/www.europesays.com\/pt\/wp-json\/wp\/v2\/posts\/173346","targetHints":{"allow":["GET"]}}],"collection":[{"href":"https:\/\/www.europesays.com\/pt\/wp-json\/wp\/v2\/posts"}],"about":[{"href":"https:\/\/www.europesays.com\/pt\/wp-json\/wp\/v2\/types\/post"}],"author":[{"embeddable":true,"href":"https:\/\/www.europesays.com\/pt\/wp-json\/wp\/v2\/users\/2"}],"replies":[{"embeddable":true,"href":"https:\/\/www.europesays.com\/pt\/wp-json\/wp\/v2\/comments?post=173346"}],"version-history":[{"count":0,"href":"https:\/\/www.europesays.com\/pt\/wp-json\/wp\/v2\/posts\/173346\/revisions"}],"wp:featuredmedia":[{"embeddable":true,"href":"https:\/\/www.europesays.com\/pt\/wp-json\/wp\/v2\/media\/173347"}],"wp:attachment":[{"href":"https:\/\/www.europesays.com\/pt\/wp-json\/wp\/v2\/media?parent=173346"}],"wp:term":[{"taxonomy":"category","embeddable":true,"href":"https:\/\/www.europesays.com\/pt\/wp-json\/wp\/v2\/categories?post=173346"},{"taxonomy":"post_tag","embeddable":true,"href":"https:\/\/www.europesays.com\/pt\/wp-json\/wp\/v2\/tags?post=173346"}],"curies":[{"name":"wp","href":"https:\/\/api.w.org\/{rel}","templated":true}]}}