{"id":173354,"date":"2025-12-02T17:58:15","date_gmt":"2025-12-02T17:58:15","guid":{"rendered":"https:\/\/www.europesays.com\/pt\/173354\/"},"modified":"2025-12-02T17:58:15","modified_gmt":"2025-12-02T17:58:15","slug":"inherit-casa-que-carrega-a-memoria-clair-archi-lab-co-ltd","status":"publish","type":"post","link":"https:\/\/www.europesays.com\/pt\/173354\/","title":{"rendered":"INHERIT &#8211; Casa que Carrega a Mem\u00f3ria \/ CLAIR archi lab Co., Ltd."},"content":{"rendered":"<p><a class=\"js-image-size__link \" href=\"https:\/\/www.archdaily.com.br\/br\/1036451\/inherit-casa-que-carrega-a-memoria-clair-archi-lab-c-ltd\/691f24894d20ca0001de5ccb-inherit-house-that-carries-forward-memory-clair-archi-lab-c-ltd-photo\" rel=\"attachment nofollow noopener\" style=\"width: 100%; height: 100%;\" target=\"_blank\"><img decoding=\"async\" alt=\"INHERIT - Casa que Carrega a Mem\u00f3ria \/ CLAIR archi lab Co., Ltd. - Imagem 1 de 32\" data-nr-picture-id=\"691f24894d20ca0001de5ccb\" fetchpriority=\"high\" height=\"400\" itemprop=\"image\" loading=\"eager\" longdesc=\"https:\/\/www.archdaily.com.br\/br\/1036451\/inherit-casa-que-carrega-a-memoria-clair-archi-lab-c-ltd\/691f24894d20ca0001de5ccb-inherit-house-that-carries-forward-memory-clair-archi-lab-c-ltd-photo\" src=\"https:\/\/www.europesays.com\/pt\/wp-content\/uploads\/2025\/12\/IMG_8165.jpg\" style=\"min-height: var(--featured-height, auto); aspect-ratio: auto 640 \/ 400\" width=\"640\"\/><\/a>\u00a9 Yoshiaki Ida<\/p>\n<p class=\"thumbs afd-desktop-e clearfix\"><a class=\"thumbs__link\" data-nr-picture-id=\"691f24874d20ca0001de5cc3\" href=\"https:\/\/www.archdaily.com.br\/br\/1036451\/inherit-casa-que-carrega-a-memoria-clair-archi-lab-c-ltd\/691f24874d20ca0001de5cc3-inherit-house-that-carries-forward-memory-clair-archi-lab-c-ltd-photo\" rel=\"attachment nofollow noopener\" target=\"_blank\"><img loading=\"lazy\" decoding=\"async\" alt=\"INHERIT - Casa que Carrega a Mem\u00f3ria \/ CLAIR archi lab Co., Ltd. - Fotografia de Exterior, Concreto, Aido\" class=\"thumbs__img b-lazy\" data-nr-picture-id=\"691f24874d20ca0001de5cc3\" data-pin-nopin=\"true\" src=\"https:\/\/www.europesays.com\/pt\/wp-content\/uploads\/2025\/12\/IMG_8173.jpg\" height=\"125\" longdesc=\"https:\/\/www.archdaily.com.br\/br\/1036451\/inherit-casa-que-carrega-a-memoria-clair-archi-lab-c-ltd\/691f24874d20ca0001de5cc3-inherit-house-that-carries-forward-memory-clair-archi-lab-c-ltd-photo\" title=\"\u00a9 Yoshiaki Ida\" width=\"125\"\/><\/a><a class=\"thumbs__link\" data-nr-picture-id=\"691f24894d20ca0001de5cca\" href=\"https:\/\/www.archdaily.com.br\/br\/1036451\/inherit-casa-que-carrega-a-memoria-clair-archi-lab-c-ltd\/691f24894d20ca0001de5cca-inherit-house-that-carries-forward-memory-clair-archi-lab-c-ltd-photo\" rel=\"attachment nofollow noopener\" target=\"_blank\"><img loading=\"lazy\" decoding=\"async\" alt=\"INHERIT - Casa que Carrega a Mem\u00f3ria \/ CLAIR archi lab Co., Ltd. - Imagem 3 de 32\" class=\"thumbs__img b-lazy\" data-nr-picture-id=\"691f24894d20ca0001de5cca\" data-pin-nopin=\"true\" src=\"https:\/\/www.europesays.com\/pt\/wp-content\/uploads\/2025\/12\/IMG_8166.jpg\" height=\"125\" longdesc=\"https:\/\/www.archdaily.com.br\/br\/1036451\/inherit-casa-que-carrega-a-memoria-clair-archi-lab-c-ltd\/691f24894d20ca0001de5cca-inherit-house-that-carries-forward-memory-clair-archi-lab-c-ltd-photo\" title=\"\u00a9 Yoshiaki Ida\" width=\"125\"\/><\/a><a class=\"thumbs__link\" data-nr-picture-id=\"691f24864d20ca0001de5cc2\" href=\"https:\/\/www.archdaily.com.br\/br\/1036451\/inherit-casa-que-carrega-a-memoria-clair-archi-lab-c-ltd\/691f24864d20ca0001de5cc2-inherit-house-that-carries-forward-memory-clair-archi-lab-c-ltd-photo\" rel=\"attachment nofollow noopener\" target=\"_blank\"><img loading=\"lazy\" decoding=\"async\" alt=\"INHERIT - Casa que Carrega a Mem\u00f3ria \/ CLAIR archi lab Co., Ltd. - Fotografia de Interiores, Cozinha, Concreto\" class=\"thumbs__img b-lazy\" data-nr-picture-id=\"691f24864d20ca0001de5cc2\" data-pin-nopin=\"true\" src=\"https:\/\/www.europesays.com\/pt\/wp-content\/uploads\/2025\/12\/IMG_8174.jpg\" height=\"125\" longdesc=\"https:\/\/www.archdaily.com.br\/br\/1036451\/inherit-casa-que-carrega-a-memoria-clair-archi-lab-c-ltd\/691f24864d20ca0001de5cc2-inherit-house-that-carries-forward-memory-clair-archi-lab-c-ltd-photo\" title=\"\u00a9 Yoshiaki Ida\" width=\"125\"\/><\/a><a class=\"thumbs__link\" data-nr-picture-id=\"691f24864d20ca0001de5cc1\" href=\"https:\/\/www.archdaily.com.br\/br\/1036451\/inherit-casa-que-carrega-a-memoria-clair-archi-lab-c-ltd\/691f24864d20ca0001de5cc1-inherit-house-that-carries-forward-memory-clair-archi-lab-c-ltd-photo\" rel=\"attachment nofollow noopener\" target=\"_blank\"><img loading=\"lazy\" decoding=\"async\" alt=\"INHERIT - Casa que Carrega a Mem\u00f3ria \/ CLAIR archi lab Co., Ltd. - Fotografia de Interiores, Cadeira, Concreto\" class=\"thumbs__img b-lazy\" data-nr-picture-id=\"691f24864d20ca0001de5cc1\" data-pin-nopin=\"true\" src=\"https:\/\/www.europesays.com\/pt\/wp-content\/uploads\/2025\/12\/IMG_8175.jpg\" height=\"125\" longdesc=\"https:\/\/www.archdaily.com.br\/br\/1036451\/inherit-casa-que-carrega-a-memoria-clair-archi-lab-c-ltd\/691f24864d20ca0001de5cc1-inherit-house-that-carries-forward-memory-clair-archi-lab-c-ltd-photo\" title=\"\u00a9 Yoshiaki Ida\" width=\"125\"\/><\/a><a class=\"gallery-link afd-desktop-e\" href=\"https:\/\/www.archdaily.com.br\/br\/1036451\/inherit-casa-que-carrega-a-memoria-clair-archi-lab-c-ltd\/691f24894d20ca0001de5ccb-inherit-house-that-carries-forward-memory-clair-archi-lab-c-ltd-photo\" rel=\"nofollow noopener\" target=\"_blank\"><img decoding=\"async\" alt=\"INHERIT - Casa que Carrega a Mem\u00f3ria \/ CLAIR archi lab Co., Ltd. - Mais Imagens\" class=\"thumbs__img b-lazy\" src=\"https:\/\/www.europesays.com\/pt\/wp-content\/uploads\/2025\/12\/IMG_8165.jpg\" itemprop=\"image\" bad-src=\"data:image\/gif;base64,R0lGODlhAQABAIAAAAUEBAAAACwAAAAAAQABAAACAkQBADs=\"\/>+ 27<\/a><\/p>\n<p>    Compartilhar<\/p>\n<p>Compartilhar<\/p>\n<ul class=\"afd-share__networks clearfix\">\n<li class=\"afd-share__social\"><a aria-label=\"Facebook\" class=\"afd-share__button\" data-insights-category=\"share\" data-insights-label=\"facebook_sharing_options\" data-insights-value=\"1036451\" data-social=\"facebook\" href=\"https:\/\/www.facebook.com\/sharer\/sharer.php?u=https:\/\/www.archdaily.com.br\/br\/1036451\/inherit-casa-que-carrega-a-memoria-clair-archi-lab-c-ltd\" rel=\"nofollow noopener\" target=\"_blank\"><\/a>\n<p>Facebook<\/p>\n<\/li>\n<li class=\"afd-share__social\"><a aria-label=\"Twitter\" class=\"afd-share__button\" data-insights-category=\"share\" data-insights-label=\"twitter_sharing_options\" data-insights-value=\"1036451\" data-social=\"twitter\" href=\"https:\/\/twitter.com\/intent\/tweet?text=INHERIT%20-%20Casa%20que%20Carrega%20a%20Mem%C3%B3ria%20%2F%20CLAIR%20archi%20lab%20Co.%2C%20Ltd.&amp;url=https:\/\/www.archdaily.com.br\/br\/1036451\/inherit-casa-que-carrega-a-memoria-clair-archi-lab-c-ltd&amp;via=archdailybr\" rel=\"nofollow noopener\" target=\"_blank\"><\/a>\n<p>Twitter<\/p>\n<\/li>\n<li class=\"afd-share__social\"><a class=\"afd-share__button\" data-insights-category=\"share\" data-insights-label=\"email_sharing_options\" data-insights-value=\"1036451\" data-social=\"email\" href=\"mailto:?subject=INHERIT - Casa que Carrega a Mem\u00f3ria \/ CLAIR archi lab Co., Ltd.&amp;body=https:\/\/www.archdaily.com.br\/br\/1036451\/inherit-casa-que-carrega-a-memoria-clair-archi-lab-c-ltd\"><\/a>\n<p>Mail<\/p>\n<\/li>\n<li class=\"afd-share__social\"><a aria-label=\"Pinterest\" class=\"afd-share__button\" data-insights-category=\"share\" data-insights-label=\"pinterest_sharing_options\" data-insights-value=\"1036451\" data-social=\"pinterest\" href=\"https:\/\/pinterest.com\/pin\/create\/button\/?url=https%3A%2F%2Fwww.archdaily.com.br%2Fbr%2F1036451%2Finherit-casa-que-carrega-a-memoria-clair-archi-lab-c-ltd&amp;media=https%3A%2F%2Fimages.adsttc.com%2Fmedia%2Fimages%2F691f%2F2489%2F4d20%2Fca00%2F01de%2F5ccb%2Flarge_jpg%2FIMG_8165.jpg%3F1763648684&amp;description=INHERIT%20-%20Casa%20que%20Carrega%20a%20Mem%C3%B3ria%20%2F%20CLAIR%20archi%20lab%20Co.%2C%20Ltd.\" rel=\"nofollow noopener\" target=\"_blank\"><\/a>\n<p>Pinterest<\/p>\n<\/li>\n<li class=\"afd-share__social\"><a aria-label=\"Whatsapp\" class=\"afd-share__button\" data-action=\"share\/whatsapp\/share\" data-insights-category=\"share\" data-insights-label=\"whatsapp_sharing_options\" data-insights-value=\"1036451\" data-social=\"whatsapp\" href=\"whatsapp:\/\/send?text=INHERIT+-+Casa+que+Carrega+a+Mem%C3%B3ria+%2F+CLAIR+archi+lab+Co.%2C+Ltd.+%7C+https%3A%2F%2Fwww.archdaily.com.br%2Fbr%2F1036451%2Finherit-casa-que-carrega-a-memoria-clair-archi-lab-c-ltd%3Futm_source%3DWhatsapp%26utm_medium%3DIM%26utm_campaign%3Dshare-button\" rel=\"nofollow\"><\/a>\n<p>Whatsapp<\/p>\n<\/li>\n<\/ul>\n<p>Ou<\/p>\n<p>https:\/\/www.archdaily.com.br\/br\/1036451\/inherit-casa-que-carrega-a-memoria-clair-archi-lab-c-ltd<br \/>\n<a class=\"js-image-size__link lazy-anchor\" href=\"https:\/\/www.archdaily.com.br\/br\/1036451\/inherit-casa-que-carrega-a-memoria-clair-archi-lab-c-ltd\/691f24874d20ca0001de5cc3-inherit-house-that-carries-forward-memory-clair-archi-lab-c-ltd-photo\" rel=\"nofollow noopener\" target=\"_blank\"><img decoding=\"async\" alt=\"INHERIT - Casa que Carrega a Mem\u00f3ria \/ CLAIR archi lab Co., Ltd. - Fotografia de Exterior, Concreto, Aido\" data-nr-picture-id=\"691f24874d20ca0001de5cc3\" height=\"427\" itemprop=\"image\" loading=\"lazy\" longdesc=\"https:\/\/www.archdaily.com.br\/br\/1036451\/inherit-casa-que-carrega-a-memoria-clair-archi-lab-c-ltd\/691f24874d20ca0001de5cc3-inherit-house-that-carries-forward-memory-clair-archi-lab-c-ltd-photo\" src=\"https:\/\/www.europesays.com\/pt\/wp-content\/uploads\/2025\/12\/1764698292_935_IMG_8173.jpg\" width=\"640\"\/>\u00a9 Yoshiaki Ida<\/a><\/p>\n<p>\u201cINHERIT\u201d investiga como a arquitetura pode reter e prolongar as camadas invis\u00edveis de um lugar \u2014 sua hist\u00f3ria, suas mem\u00f3rias e o esp\u00edrito silencioso que habita a terra.<\/p>\n<p><a class=\"js-image-size__link lazy-anchor\" href=\"https:\/\/www.archdaily.com.br\/br\/1036451\/inherit-casa-que-carrega-a-memoria-clair-archi-lab-c-ltd\/691f24894d20ca0001de5cca-inherit-house-that-carries-forward-memory-clair-archi-lab-c-ltd-photo\" rel=\"nofollow noopener\" target=\"_blank\"><img decoding=\"async\" alt=\"INHERIT - Casa que Carrega a Mem\u00f3ria \/ CLAIR archi lab Co., Ltd. - Imagem 3 de 32\" data-nr-picture-id=\"691f24894d20ca0001de5cca\" height=\"427\" itemprop=\"image\" loading=\"lazy\" longdesc=\"https:\/\/www.archdaily.com.br\/br\/1036451\/inherit-casa-que-carrega-a-memoria-clair-archi-lab-c-ltd\/691f24894d20ca0001de5cca-inherit-house-that-carries-forward-memory-clair-archi-lab-c-ltd-photo\" src=\"https:\/\/www.europesays.com\/pt\/wp-content\/uploads\/2025\/12\/1764698292_657_IMG_8166.jpg\" width=\"640\"\/>\u00a9 Yoshiaki Ida<\/a><a class=\"js-image-size__link lazy-anchor\" href=\"https:\/\/www.archdaily.com.br\/br\/1036451\/inherit-casa-que-carrega-a-memoria-clair-archi-lab-c-ltd\/691f24854d20ca0001de5cbf-inherit-house-that-carries-forward-memory-clair-archi-lab-c-ltd-photo\" rel=\"nofollow noopener\" target=\"_blank\"><img decoding=\"async\" alt=\"INHERIT - Casa que Carrega a Mem\u00f3ria \/ CLAIR archi lab Co., Ltd. - Imagem 7 de 32\" data-nr-picture-id=\"691f24854d20ca0001de5cbf\" height=\"427\" itemprop=\"image\" loading=\"lazy\" longdesc=\"https:\/\/www.archdaily.com.br\/br\/1036451\/inherit-casa-que-carrega-a-memoria-clair-archi-lab-c-ltd\/691f24854d20ca0001de5cbf-inherit-house-that-carries-forward-memory-clair-archi-lab-c-ltd-photo\" src=\"https:\/\/www.europesays.com\/pt\/wp-content\/uploads\/2025\/12\/IMG_8177.jpg\" width=\"640\"\/>\u00a9 Yoshiaki Ida<\/a><\/p>\n<p>O terreno est\u00e1 localizado na Ilha Miyako, um ambiente moldado pelo vento, pela luz intensa do sol, pela pedra de coral e pela escala \u00edntima das comunidades locais. Em vez de apagar essas marcas, o projeto procura deix\u00e1-las falar.<\/p>\n<p><a class=\"js-image-size__link lazy-anchor\" href=\"https:\/\/www.archdaily.com.br\/br\/1036451\/inherit-casa-que-carrega-a-memoria-clair-archi-lab-c-ltd\/691f24864d20ca0001de5cc2-inherit-house-that-carries-forward-memory-clair-archi-lab-c-ltd-photo\" rel=\"nofollow noopener\" target=\"_blank\"><img decoding=\"async\" alt=\"INHERIT - Casa que Carrega a Mem\u00f3ria \/ CLAIR archi lab Co., Ltd. - Fotografia de Interiores, Cozinha, Concreto\" data-nr-picture-id=\"691f24864d20ca0001de5cc2\" height=\"427\" itemprop=\"image\" loading=\"lazy\" longdesc=\"https:\/\/www.archdaily.com.br\/br\/1036451\/inherit-casa-que-carrega-a-memoria-clair-archi-lab-c-ltd\/691f24864d20ca0001de5cc2-inherit-house-that-carries-forward-memory-clair-archi-lab-c-ltd-photo\" src=\"https:\/\/www.europesays.com\/pt\/wp-content\/uploads\/2025\/12\/1764698293_771_IMG_8174.jpg\" width=\"640\"\/>\u00a9 Yoshiaki Ida<\/a><a class=\"js-image-size__link lazy-anchor\" href=\"https:\/\/www.archdaily.com.br\/br\/1036451\/inherit-casa-que-carrega-a-memoria-clair-archi-lab-c-ltd\/691f24884d20ca0001de5cc9-inherit-house-that-carries-forward-memory-clair-archi-lab-c-ltd-photo\" rel=\"nofollow noopener\" target=\"_blank\"><img decoding=\"async\" alt=\"INHERIT - Casa que Carrega a Mem\u00f3ria \/ CLAIR archi lab Co., Ltd. - Fotografia de Interiores, Sala de Jantar, Cadeira\" data-nr-picture-id=\"691f24884d20ca0001de5cc9\" height=\"427\" itemprop=\"image\" loading=\"lazy\" longdesc=\"https:\/\/www.archdaily.com.br\/br\/1036451\/inherit-casa-que-carrega-a-memoria-clair-archi-lab-c-ltd\/691f24884d20ca0001de5cc9-inherit-house-that-carries-forward-memory-clair-archi-lab-c-ltd-photo\" src=\"https:\/\/www.europesays.com\/pt\/wp-content\/uploads\/2025\/12\/IMG_8167.jpg\" width=\"640\"\/>\u00a9 Yoshiaki Ida<\/a><a class=\"js-image-size__link lazy-anchor\" href=\"https:\/\/www.archdaily.com.br\/br\/1036451\/inherit-casa-que-carrega-a-memoria-clair-archi-lab-c-ltd\/691f24864d20ca0001de5cc1-inherit-house-that-carries-forward-memory-clair-archi-lab-c-ltd-photo\" rel=\"nofollow noopener\" target=\"_blank\"><img decoding=\"async\" alt=\"INHERIT - Casa que Carrega a Mem\u00f3ria \/ CLAIR archi lab Co., Ltd. - Fotografia de Interiores, Cadeira, Concreto\" data-nr-picture-id=\"691f24864d20ca0001de5cc1\" height=\"427\" itemprop=\"image\" loading=\"lazy\" longdesc=\"https:\/\/www.archdaily.com.br\/br\/1036451\/inherit-casa-que-carrega-a-memoria-clair-archi-lab-c-ltd\/691f24864d20ca0001de5cc1-inherit-house-that-carries-forward-memory-clair-archi-lab-c-ltd-photo\" src=\"https:\/\/www.europesays.com\/pt\/wp-content\/uploads\/2025\/12\/1764698294_621_IMG_8175.jpg\" width=\"640\"\/>\u00a9 Yoshiaki Ida<\/a><\/p>\n<p>A casa foi concebida preservando o potencial inerente do s\u00edtio: a dire\u00e7\u00e3o dos ventos, a suavidade das sombras, a forma como o solo guarda o tempo e a atmosfera deixada por quem ali viveu antes. Essas qualidades invis\u00edveis orientaram a configura\u00e7\u00e3o espacial e o posicionamento das aberturas, criando uma casa que respira junto com a paisagem ao redor.<\/p>\n<p><a class=\"js-image-size__link lazy-anchor\" href=\"https:\/\/www.archdaily.com.br\/br\/1036451\/inherit-casa-que-carrega-a-memoria-clair-archi-lab-c-ltd\/6920475861382e0e09c71810-inherit-house-that-carries-forward-memory-clair-archi-lab-c-ltd-plan\" rel=\"nofollow noopener\" target=\"_blank\"><img decoding=\"async\" alt=\"INHERIT - Casa que Carrega a Mem\u00f3ria \/ CLAIR archi lab Co., Ltd. - Imagem 30 de 32\" data-nr-picture-id=\"6920475861382e0e09c71810\" height=\"427\" itemprop=\"image\" loading=\"lazy\" longdesc=\"https:\/\/www.archdaily.com.br\/br\/1036451\/inherit-casa-que-carrega-a-memoria-clair-archi-lab-c-ltd\/6920475861382e0e09c71810-inherit-house-that-carries-forward-memory-clair-archi-lab-c-ltd-plan\" src=\"https:\/\/www.europesays.com\/pt\/wp-content\/uploads\/2025\/12\/plan-30.jpg\" width=\"640\"\/>Planta<\/a><\/p>\n<p>Por meio de uma paleta contida de concreto, luz natural e transi\u00e7\u00f5es sutis, a arquitetura torna-se um recipiente onde passado e presente coexistem em quietude. A resid\u00eancia tamb\u00e9m abriga um pequeno est\u00fadio de pilates, no qual a luz e o sil\u00eancio ampliam as qualidades meditativas do espa\u00e7o.<\/p>\n<p><a class=\"js-image-size__link lazy-anchor\" href=\"https:\/\/www.archdaily.com.br\/br\/1036451\/inherit-casa-que-carrega-a-memoria-clair-archi-lab-c-ltd\/691f24894d20ca0001de5cd6-inherit-house-that-carries-forward-memory-clair-archi-lab-c-ltd-photo\" rel=\"nofollow noopener\" target=\"_blank\"><img decoding=\"async\" alt=\"INHERIT - Casa que Carrega a Mem\u00f3ria \/ CLAIR archi lab Co., Ltd. - Imagem 10 de 32\" data-nr-picture-id=\"691f24894d20ca0001de5cd6\" height=\"427\" itemprop=\"image\" loading=\"lazy\" longdesc=\"https:\/\/www.archdaily.com.br\/br\/1036451\/inherit-casa-que-carrega-a-memoria-clair-archi-lab-c-ltd\/691f24894d20ca0001de5cd6-inherit-house-that-carries-forward-memory-clair-archi-lab-c-ltd-photo\" src=\"https:\/\/www.europesays.com\/pt\/wp-content\/uploads\/2025\/12\/IMG_8154.jpg\" width=\"640\"\/>\u00a9 Yoshiaki Ida<\/a><a class=\"js-image-size__link lazy-anchor\" href=\"https:\/\/www.archdaily.com.br\/br\/1036451\/inherit-casa-que-carrega-a-memoria-clair-archi-lab-c-ltd\/691f24894d20ca0001de5ccc-inherit-house-that-carries-forward-memory-clair-archi-lab-c-ltd-photo\" rel=\"nofollow noopener\" target=\"_blank\"><img decoding=\"async\" alt=\"INHERIT - Casa que Carrega a Mem\u00f3ria \/ CLAIR archi lab Co., Ltd. - Fotografia de Exterior, Concreto, Aido\" data-nr-picture-id=\"691f24894d20ca0001de5ccc\" height=\"427\" itemprop=\"image\" loading=\"lazy\" longdesc=\"https:\/\/www.archdaily.com.br\/br\/1036451\/inherit-casa-que-carrega-a-memoria-clair-archi-lab-c-ltd\/691f24894d20ca0001de5ccc-inherit-house-that-carries-forward-memory-clair-archi-lab-c-ltd-photo\" src=\"https:\/\/www.europesays.com\/pt\/wp-content\/uploads\/2025\/12\/IMG_8164.jpg\" width=\"640\"\/>\u00a9 Yoshiaki Ida<\/a><\/p>\n<p>O projeto n\u00e3o busca criar algo novo em isolamento. Em vez disso, ele herda a terra \u2014 permitindo que uma nova vida se desdobre sem abandonar o que j\u00e1 existia ali. O filme e as fotografias registram instantes em que luz, mat\u00e9ria e sil\u00eancio se encontram: sombras longas que atravessam o concreto texturizado, reflexos suaves moldados pela luz subtropical de Okinawa e a tonalidade lenta, quase atemporal, que permeia a casa.<\/p>\n<p>      <script async src=\"https:\/\/platform.twitter.com\/widgets.js\" charset=\"utf-8\"><\/script><\/p>\n","protected":false},"excerpt":{"rendered":"\u00a9 Yoshiaki Ida + 27 Compartilhar Compartilhar Facebook Twitter Mail Pinterest Whatsapp Ou https:\/\/www.archdaily.com.br\/br\/1036451\/inherit-casa-que-carrega-a-memoria-clair-archi-lab-c-ltd \u00a9 Yoshiaki Ida \u201cINHERIT\u201d&hellip;\n","protected":false},"author":2,"featured_media":173355,"comment_status":"","ping_status":"","sticky":false,"template":"","format":"standard","meta":{"footnotes":""},"categories":[144],"tags":[304,361,207,205,206,203,201,202,204,114,115,36187,32,33],"class_list":{"0":"post-173354","1":"post","2":"type-post","3":"status-publish","4":"format-standard","5":"has-post-thumbnail","7":"category-arte-e-design","8":"tag-arquitetura","9":"tag-arquitetura-residencial","10":"tag-arte","11":"tag-arte-e-design","12":"tag-artedesign","13":"tag-arts","14":"tag-arts-and-design","15":"tag-artsanddesign","16":"tag-design","17":"tag-entertainment","18":"tag-entretenimento","19":"tag-miyakojima","20":"tag-portugal","21":"tag-pt"},"share_on_mastodon":{"url":"","error":""},"_links":{"self":[{"href":"https:\/\/www.europesays.com\/pt\/wp-json\/wp\/v2\/posts\/173354","targetHints":{"allow":["GET"]}}],"collection":[{"href":"https:\/\/www.europesays.com\/pt\/wp-json\/wp\/v2\/posts"}],"about":[{"href":"https:\/\/www.europesays.com\/pt\/wp-json\/wp\/v2\/types\/post"}],"author":[{"embeddable":true,"href":"https:\/\/www.europesays.com\/pt\/wp-json\/wp\/v2\/users\/2"}],"replies":[{"embeddable":true,"href":"https:\/\/www.europesays.com\/pt\/wp-json\/wp\/v2\/comments?post=173354"}],"version-history":[{"count":0,"href":"https:\/\/www.europesays.com\/pt\/wp-json\/wp\/v2\/posts\/173354\/revisions"}],"wp:featuredmedia":[{"embeddable":true,"href":"https:\/\/www.europesays.com\/pt\/wp-json\/wp\/v2\/media\/173355"}],"wp:attachment":[{"href":"https:\/\/www.europesays.com\/pt\/wp-json\/wp\/v2\/media?parent=173354"}],"wp:term":[{"taxonomy":"category","embeddable":true,"href":"https:\/\/www.europesays.com\/pt\/wp-json\/wp\/v2\/categories?post=173354"},{"taxonomy":"post_tag","embeddable":true,"href":"https:\/\/www.europesays.com\/pt\/wp-json\/wp\/v2\/tags?post=173354"}],"curies":[{"name":"wp","href":"https:\/\/api.w.org\/{rel}","templated":true}]}}