{"id":173362,"date":"2025-12-02T18:06:27","date_gmt":"2025-12-02T18:06:27","guid":{"rendered":"https:\/\/www.europesays.com\/pt\/173362\/"},"modified":"2025-12-02T18:06:27","modified_gmt":"2025-12-02T18:06:27","slug":"fungo-descoberto-em-chernobil-rumo-a-marte-pode-proteger-astronautas-da-radiacao-espacial","status":"publish","type":"post","link":"https:\/\/www.europesays.com\/pt\/173362\/","title":{"rendered":"Fungo descoberto em Chernobil rumo a Marte pode proteger astronautas da radia\u00e7\u00e3o espacial"},"content":{"rendered":"<p>\n  De&amp;nbsp<b>Euronews<\/b>\n<\/p>\n<p>\n         Publicado a<br \/>\n            02\/12\/2025 &#8211; 16:45 GMT+1\n            <\/p>\n<p>Enquanto preparam poss\u00edveis miss\u00f5es a Marte, cientistas estudam um fungo encontrado na zona radioativa de Chernobyl, na Ucr\u00e2nia, que poder\u00e1 converter radia\u00e7\u00e3o em energia.<\/p>\n<p>Conhecido como Cladosporium sphaerospermum, o fungo aproveita a radia\u00e7\u00e3o ionizante atrav\u00e9s do seu pigmento escuro, a melanina. O mecanismo proposto converte a radia\u00e7\u00e3o em energia qu\u00edmica. <\/p>\n<p>Chamado <a href=\"https:\/\/www.frontiersin.org\/journals\/microbiology\/articles\/10.3389\/fmicb.2022.877625\/full\" target=\"_blank\" rel=\"noreferrer nofollow noopener\">radioss\u00edntese<\/a>, o processo continua a ser uma hip\u00f3tese n\u00e3o comprovada e ser\u00e1 semelhante \u00e0 forma como as plantas usam a clorofila para transformar energia luminosa em energia qu\u00edmica na fotoss\u00edntese. <\/p>\n<p>Em 2022, investigadores conclu\u00edram que o Cladosporium sphaerospermum pode ser cultivado na Esta\u00e7\u00e3o Espacial Internacional, em placas de Petri, sob condi\u00e7\u00f5es simuladas de radia\u00e7\u00e3o c\u00f3smica.<\/p>\n<p>Uma camada de 1,7 mil\u00edmetros reduziu em 2 por cento a radia\u00e7\u00e3o registada nos sensores sob a placa de Petri, concluiu o estudo.<\/p>\n<p>Os investigadores estimam depois que uma camada de 21 cent\u00edmetros poder\u00e1 quase anular toda a radia\u00e7\u00e3o existente \u00e0 superf\u00edcie de Marte. Essa camada poderia ser ainda mais fina, cerca de 9 cent\u00edmetros, se o fungo for misturado com solo marciano. \u200b<\/p>\n<p>O estudo de 2022 concluiu que poder\u00e1 ser uma forma eficaz de proteger humanos da radia\u00e7\u00e3o recorrendo a materiais locais, em vez de ter de enviar mais materiais da Terra para Marte, o que seria uma vantagem essencial para futuras miss\u00f5es.<\/p>\n<p>A melanina do fungo, um pigmento natural respons\u00e1vel pela cor do cabelo e dos olhos nos seres humanos, \u00e9 apontada como a raz\u00e3o pela qual consegue absorver radia\u00e7\u00e3o. Um estudo de 2007, de <a href=\"https:\/\/journals.plos.org\/plosone\/article?id=10.1371\/journal.pone.0000457\" target=\"_blank\" rel=\"noreferrer nofollow noopener\">investigadores<\/a> nos Estados Unidos mostrou que fungos com n\u00edveis elevados de melanina cresciam, na verdade, mais depressa quando expostos a doses elevadas de radia\u00e7\u00e3o.<\/p>\n<p>Segundo a <a href=\"https:\/\/www.georgetownspace.org\/contentmaster\/life-finds-a-way-radioactive-eating-fungus-on-the-iss\" target=\"_blank\" rel=\"noreferrer nofollow noopener\">Iniciativa<\/a> Espacial da Universidade de Georgetown, nos Estados Unidos, a radia\u00e7\u00e3o \u00e9 um dos principais desafios ao envio de astronautas em miss\u00f5es de longa dura\u00e7\u00e3o para a Lua e Marte.<\/p>\n<p>O fungo poder\u00e1 tamb\u00e9m proteger astronautas dos raios c\u00f3smicos gal\u00e1cticos, part\u00edculas carregadas de alta energia que chegam de fora do nosso Sistema Solar ou de explos\u00f5es de estrelas.<\/p>\n<p>Os raios c\u00f3smicos s\u00e3o outro desafio a resolver antes de miss\u00f5es espaciais mais longas, porque podem &#8220;quebrar cadeias de ADN, perturbar prote\u00ednas e \u2026 aumentar o risco de doen\u00e7as graves como o cancro&#8221;, disse a <a href=\"https:\/\/theconversation.com\/before-trips-to-mars-we-need-better-protection-from-cosmic-rays-268934\" target=\"_blank\" rel=\"noreferrer nofollow noopener\">investigadora<\/a> Zahida Sultanova, no The Conversation. <\/p>\n","protected":false},"excerpt":{"rendered":"De&amp;nbspEuronews Publicado a 02\/12\/2025 &#8211; 16:45 GMT+1 Enquanto preparam poss\u00edveis miss\u00f5es a Marte, cientistas estudam um fungo encontrado&hellip;\n","protected":false},"author":2,"featured_media":173363,"comment_status":"","ping_status":"","sticky":false,"template":"","format":"standard","meta":{"footnotes":""},"categories":[84],"tags":[109,107,108,1008,3190,8668,32,33,105,103,104,106,110],"class_list":{"0":"post-173362","1":"post","2":"type-post","3":"status-publish","4":"format-standard","5":"has-post-thumbnail","7":"category-ciencia-e-tecnologia","8":"tag-ciencia","9":"tag-ciencia-e-tecnologia","10":"tag-cienciaetecnologia","11":"tag-espaco","12":"tag-exploracao-espacial","13":"tag-missao-espacial","14":"tag-portugal","15":"tag-pt","16":"tag-science","17":"tag-science-and-technology","18":"tag-scienceandtechnology","19":"tag-technology","20":"tag-tecnologia"},"share_on_mastodon":{"url":"https:\/\/pubeurope.com\/@pt\/115651305972721010","error":""},"_links":{"self":[{"href":"https:\/\/www.europesays.com\/pt\/wp-json\/wp\/v2\/posts\/173362","targetHints":{"allow":["GET"]}}],"collection":[{"href":"https:\/\/www.europesays.com\/pt\/wp-json\/wp\/v2\/posts"}],"about":[{"href":"https:\/\/www.europesays.com\/pt\/wp-json\/wp\/v2\/types\/post"}],"author":[{"embeddable":true,"href":"https:\/\/www.europesays.com\/pt\/wp-json\/wp\/v2\/users\/2"}],"replies":[{"embeddable":true,"href":"https:\/\/www.europesays.com\/pt\/wp-json\/wp\/v2\/comments?post=173362"}],"version-history":[{"count":0,"href":"https:\/\/www.europesays.com\/pt\/wp-json\/wp\/v2\/posts\/173362\/revisions"}],"wp:featuredmedia":[{"embeddable":true,"href":"https:\/\/www.europesays.com\/pt\/wp-json\/wp\/v2\/media\/173363"}],"wp:attachment":[{"href":"https:\/\/www.europesays.com\/pt\/wp-json\/wp\/v2\/media?parent=173362"}],"wp:term":[{"taxonomy":"category","embeddable":true,"href":"https:\/\/www.europesays.com\/pt\/wp-json\/wp\/v2\/categories?post=173362"},{"taxonomy":"post_tag","embeddable":true,"href":"https:\/\/www.europesays.com\/pt\/wp-json\/wp\/v2\/tags?post=173362"}],"curies":[{"name":"wp","href":"https:\/\/api.w.org\/{rel}","templated":true}]}}