{"id":173374,"date":"2025-12-02T18:19:06","date_gmt":"2025-12-02T18:19:06","guid":{"rendered":"https:\/\/www.europesays.com\/pt\/173374\/"},"modified":"2025-12-02T18:19:06","modified_gmt":"2025-12-02T18:19:06","slug":"ebola-declarado-fim-do-surto-na-provincia-de-kasai-na-rdcongo","status":"publish","type":"post","link":"https:\/\/www.europesays.com\/pt\/173374\/","title":{"rendered":"\u00c9bola. Declarado fim do surto na prov\u00edncia de Kasai na RDCongo"},"content":{"rendered":"<p>&#13;<br \/>\n&#8220;Em nome do Governo &#8212; e tendo em conta todos os indicadores cient\u00edficos e operacionais que confirmam que a cadeia de transmiss\u00e3o do v\u00edrus foi interrompida &#8212; declaro oficialmente o fim do 16.\u00ba surto de \u00c9bola na Rep\u00fablica Democr\u00e1tica do Congo&#8221;, afirmou o ministro da Sa\u00fade P\u00fablica, Higiene e Bem-Estar Social, Samuel Roger Camba.&#13;\n<\/p>\n<p>&#13;<br \/>\nA resposta r\u00e1pida e coordenada do Minist\u00e9rio da Sa\u00fade, com o apoio da Organiza\u00e7\u00e3o Mundial da Sa\u00fade (OMS) e parceiros, foi fundamental para travar a propaga\u00e7\u00e3o do v\u00edrus, que afetou a Zona de Sa\u00fade de Bulape, uma comunidade rural com infraestruturas limitadas de estradas e telecomunica\u00e7\u00f5es. &#13;\n<\/p>\n<p>&#13;<br \/>\nNo total, foram registados 64 casos (53 confirmados, 11 prov\u00e1veis) e 45 mortes durante o surto.&#13;\n<\/p>\n<p>&#13;<br \/>\nUm total de 112 especialistas da OMS e profissionais de sa\u00fade da linha da frente foram mobilizados para apoiar as autoridades nacionais na r\u00e1pida amplia\u00e7\u00e3o e sustenta\u00e7\u00e3o da resposta. Mais de 150 toneladas de material e equipamento m\u00e9dico foram entregues para proteger os profissionais de sa\u00fade e as comunidades.&#13;\n<\/p>\n<p>&#13;<br \/>\n&#8220;Controlar e terminar este surto de \u00c9bola em tr\u00eas meses \u00e9 um feito not\u00e1vel. As autoridades nacionais, os profissionais de sa\u00fade da linha da frente, os parceiros e as comunidades agiram de forma r\u00e1pida e unida numa das localidades de dif\u00edcil acesso do pa\u00eds&#8221;, afirmou Mohamed Janabi, diretor regional da OMS para \u00c1frica. &#13;\n<\/p>\n<p>&#13;<br \/>\nE acrescentou: &#8220;A OMS orgulha-se de ter apoiado a resposta e de ter deixado para tr\u00e1s sistemas mais robustos, desde a \u00e1gua pot\u00e1vel a cuidados mais seguros, que proteger\u00e3o as comunidades muito depois do fim do surto&#8221;.&#13;\n<\/p>\n<p>&#13;<br \/>\nEste foi o 16.\u00ba surto no pa\u00eds desde que a doen\u00e7a foi identificada em 1976. Os surtos anteriores na prov\u00edncia de Kasai ocorreram em 2007 e 2008.&#13;\n<\/p>\n<p>&#13;<br \/>\nA doen\u00e7a pelo v\u00edrus \u00c9bola \u00e9 uma doen\u00e7a rara, mas grave e frequentemente fatal em humanos. A transmiss\u00e3o de pessoa para pessoa ocorre atrav\u00e9s do contacto direto com sangue ou fluidos corporais de uma pessoa doente ou que tenha falecido em consequ\u00eancia do \u00c9bola, ou com objetos e superf\u00edcies contaminados com fluidos corporais de uma pessoa doente com \u00c9bola ou com o corpo de uma pessoa que morreu em consequ\u00eancia do \u00c9bola.&#13;\n<\/p>\n<p>&#13;<br \/>\nCom o fim do surto declarado, os esfor\u00e7os est\u00e3o agora a concentrar-se na vigil\u00e2ncia integrada de doen\u00e7as, em vez da vigil\u00e2ncia espec\u00edfica do \u00c9bola. &#13;\n<\/p>\n<p>&#13;<br \/>\nA OMS continua a trabalhar em estreita colabora\u00e7\u00e3o com as autoridades nacionais e provinciais para manter a vigil\u00e2ncia e garantir a prepara\u00e7\u00e3o, bem como uma resposta r\u00e1pida e eficaz em caso de novos surtos.&#13;<\/p>\n","protected":false},"excerpt":{"rendered":"&#13; &#8220;Em nome do Governo &#8212; e tendo em conta todos os indicadores cient\u00edficos e operacionais que confirmam&hellip;\n","protected":false},"author":2,"featured_media":151896,"comment_status":"","ping_status":"","sticky":false,"template":"","format":"standard","meta":{"footnotes":""},"categories":[86],"tags":[36190,116,36189,36191,32,33,117],"class_list":{"0":"post-173374","1":"post","2":"type-post","3":"status-publish","4":"format-standard","5":"has-post-thumbnail","7":"category-saude","8":"tag-democratica","9":"tag-health","10":"tag-kasai","11":"tag-mohamed","12":"tag-portugal","13":"tag-pt","14":"tag-saude"},"share_on_mastodon":{"url":"https:\/\/pubeurope.com\/@pt\/115651357121612810","error":""},"_links":{"self":[{"href":"https:\/\/www.europesays.com\/pt\/wp-json\/wp\/v2\/posts\/173374","targetHints":{"allow":["GET"]}}],"collection":[{"href":"https:\/\/www.europesays.com\/pt\/wp-json\/wp\/v2\/posts"}],"about":[{"href":"https:\/\/www.europesays.com\/pt\/wp-json\/wp\/v2\/types\/post"}],"author":[{"embeddable":true,"href":"https:\/\/www.europesays.com\/pt\/wp-json\/wp\/v2\/users\/2"}],"replies":[{"embeddable":true,"href":"https:\/\/www.europesays.com\/pt\/wp-json\/wp\/v2\/comments?post=173374"}],"version-history":[{"count":0,"href":"https:\/\/www.europesays.com\/pt\/wp-json\/wp\/v2\/posts\/173374\/revisions"}],"wp:featuredmedia":[{"embeddable":true,"href":"https:\/\/www.europesays.com\/pt\/wp-json\/wp\/v2\/media\/151896"}],"wp:attachment":[{"href":"https:\/\/www.europesays.com\/pt\/wp-json\/wp\/v2\/media?parent=173374"}],"wp:term":[{"taxonomy":"category","embeddable":true,"href":"https:\/\/www.europesays.com\/pt\/wp-json\/wp\/v2\/categories?post=173374"},{"taxonomy":"post_tag","embeddable":true,"href":"https:\/\/www.europesays.com\/pt\/wp-json\/wp\/v2\/tags?post=173374"}],"curies":[{"name":"wp","href":"https:\/\/api.w.org\/{rel}","templated":true}]}}