{"id":173386,"date":"2025-12-02T18:37:14","date_gmt":"2025-12-02T18:37:14","guid":{"rendered":"https:\/\/www.europesays.com\/pt\/173386\/"},"modified":"2025-12-02T18:37:14","modified_gmt":"2025-12-02T18:37:14","slug":"f-c-porto-homenageia-pinto-da-costa-mas-a-familia-nao-recebeu-o-dragao-de-ouro","status":"publish","type":"post","link":"https:\/\/www.europesays.com\/pt\/173386\/","title":{"rendered":"F. C. Porto homenageia Pinto da Costa mas a fam\u00edlia n\u00e3o recebeu o Drag\u00e3o de Ouro"},"content":{"rendered":"<p data-remotead-prev-elm=\"true\" data-remotead-elm-id=\"inread\">&#8220;Como associado do nosso clube faz mais de 50 anos e filho da figura maior da hist\u00f3ria centen\u00e1ria do nosso amado F. C. Porto, \u00e9 banhado numa saudade e sentimento de perda sem fim, que vejo com orgulho e honra o meu pai ser recordado e homenageado com o mais alto galard\u00e3o que o nosso clube atribui. Todos sabemos que dizia n\u00e3o querer homenagens! A humildade dele sempre falou mais alto. Mas na realidade, tamb\u00e9m todos sabemos que no fundo as adorava, e era no seu &#8220;museu pessoal&#8221; que as guardava com toda a estima e carinho, as milhares dessas mesmas homenagens que recebeu em vida! Fossem elas de an\u00f3nimos ou das mais prestigiadas institui\u00e7\u00f5es, eram todas elas guardadas religiosamente e cuidadas pessoalmente por si!&#8221;, iniciou a mensagem, antes de relembrar todo o legado de Jorge Nuno Pinto da Costa ao servi\u00e7o dos azuis e brancos.<\/p>\n<p>&#8220;Que este n\u00e3o seja o \u00faltimo, mas sim um de muitos outros momentos que venham a acontecer para perpetuar a obra , m\u00e9rito, capacidade e conquistas que o fizeram o maior Presidente da hist\u00f3ria do futebol mundial. Acima de tudo, a sua paix\u00e3o, dedica\u00e7\u00e3o e entrega ao nosso clube fez com que todos n\u00f3s tenhamos um orgulho sem fim, espelhado nos trof\u00e9us conquistados e expostos no mais belo museu desportivo do mundo; uma das suas obras \u00edmpares sonhadas e tornadas realidade pelo Presidente dos Presidentes!&#8221;, referiu.<\/p>\n<p>&#8220;Que em cada vit\u00f3ria futura, todos sem exce\u00e7\u00e3o, dos funcion\u00e1rios, aos associados, dos atletas aos treinadores, passando pelos colaboradores e terminando nos dirigentes, festejem os \u00eaxitos relembrando a base e a g\u00e9nese das ra\u00edzes do sucesso por si plantadas. Com a pensamento nele, a mem\u00f3ria na sua obra e a determina\u00e7\u00e3o que nos ensinou, todos unidos , todos em sintonia e todos a remar para o mesmo lado, em prol do que sempre desejou, as vit\u00f3rias do Fc Porto sejam para sempre relembradas como um triunfo baseado no sonho que se tornou o grandioso FC Porto que nos deixou!&#8221;, concluiu.<\/p>\n<p>Jorge Nuno Pinto da Costa, considerado o &#8220;Presidente dos Presidentes&#8221; do F. C. Porto, foi agraciado com um Drag\u00e3o de Honra, tornando-se na primeira figura a receber tr\u00eas pr\u00e9mios nesta categoria.<\/p>\n","protected":false},"excerpt":{"rendered":"&#8220;Como associado do nosso clube faz mais de 50 anos e filho da figura maior da hist\u00f3ria centen\u00e1ria&hellip;\n","protected":false},"author":2,"featured_media":173387,"comment_status":"","ping_status":"","sticky":false,"template":"","format":"standard","meta":{"footnotes":""},"categories":[87],"tags":[135,20558,5223,32,33,134],"class_list":{"0":"post-173386","1":"post","2":"type-post","3":"status-publish","4":"format-standard","5":"has-post-thumbnail","7":"category-desporto","8":"tag-desporto","9":"tag-f-c-porto","10":"tag-pinto-da-costa","11":"tag-portugal","12":"tag-pt","13":"tag-sports"},"share_on_mastodon":{"url":"https:\/\/pubeurope.com\/@pt\/115651427871845784","error":""},"_links":{"self":[{"href":"https:\/\/www.europesays.com\/pt\/wp-json\/wp\/v2\/posts\/173386","targetHints":{"allow":["GET"]}}],"collection":[{"href":"https:\/\/www.europesays.com\/pt\/wp-json\/wp\/v2\/posts"}],"about":[{"href":"https:\/\/www.europesays.com\/pt\/wp-json\/wp\/v2\/types\/post"}],"author":[{"embeddable":true,"href":"https:\/\/www.europesays.com\/pt\/wp-json\/wp\/v2\/users\/2"}],"replies":[{"embeddable":true,"href":"https:\/\/www.europesays.com\/pt\/wp-json\/wp\/v2\/comments?post=173386"}],"version-history":[{"count":0,"href":"https:\/\/www.europesays.com\/pt\/wp-json\/wp\/v2\/posts\/173386\/revisions"}],"wp:featuredmedia":[{"embeddable":true,"href":"https:\/\/www.europesays.com\/pt\/wp-json\/wp\/v2\/media\/173387"}],"wp:attachment":[{"href":"https:\/\/www.europesays.com\/pt\/wp-json\/wp\/v2\/media?parent=173386"}],"wp:term":[{"taxonomy":"category","embeddable":true,"href":"https:\/\/www.europesays.com\/pt\/wp-json\/wp\/v2\/categories?post=173386"},{"taxonomy":"post_tag","embeddable":true,"href":"https:\/\/www.europesays.com\/pt\/wp-json\/wp\/v2\/tags?post=173386"}],"curies":[{"name":"wp","href":"https:\/\/api.w.org\/{rel}","templated":true}]}}