{"id":173400,"date":"2025-12-02T18:48:31","date_gmt":"2025-12-02T18:48:31","guid":{"rendered":"https:\/\/www.europesays.com\/pt\/173400\/"},"modified":"2025-12-02T18:48:31","modified_gmt":"2025-12-02T18:48:31","slug":"stranger-things-5-episodios-mais-bem-avaliados-da-serie","status":"publish","type":"post","link":"https:\/\/www.europesays.com\/pt\/173400\/","title":{"rendered":"Stranger Things: 5 epis\u00f3dios mais bem avaliados da s\u00e9rie"},"content":{"rendered":"<p>A quinta temporada de \u201c<a href=\"https:\/\/recreio.com.br\/tags\/stranger-things\" target=\"_blank\" rel=\"noopener nofollow\">Stranger Things<\/a>\u201d mal chegou e j\u00e1 colocou um dos epis\u00f3dios do Volume 1 como o melhor avaliado de toda a s\u00e9rie no IMDb, site que, al\u00e9m de informa\u00e7\u00f5es sobre filmes e s\u00e9ries, traz tamb\u00e9m as notas dos usu\u00e1rios sobre as obras para TV e cinema.<\/p>\n<p>Os quatro primeiros epis\u00f3dios da temporada final da s\u00e9rie criada por<a href=\"https:\/\/www.instagram.com\/rossduffer\/\" target=\"_blank\" rel=\"noopener nofollow\"> <strong>Matt<\/strong> e <strong>Ross Duffer<\/strong> <\/a>foram lan\u00e7ados na \u00faltima quarta-feira, 26, na Netflix, onde chegaram com a seguinte sinopse:<\/p>\n<blockquote>\n<p>\u201cHawkins est\u00e1 marcado pela abertura das Fendas, e nossos her\u00f3is est\u00e3o unidos por um \u00fanico objetivo: encontrar e matar Vecna. Mas ele desapareceu \u2014 seu paradeiro e planos s\u00e3o desconhecidos. Para complicar ainda mais a miss\u00e3o, o governo colocou a cidade em quarentena militar e intensificou a busca por Eleven, for\u00e7ando-a a voltar a se esconder. Conforme o anivers\u00e1rio do desaparecimento de Will se aproxima, um temor pesado e familiar tamb\u00e9m se intensifica. A batalha final se aproxima \u2014 e com ela, uma escurid\u00e3o mais poderosa e mortal do que qualquer coisa que eles j\u00e1 enfrentaram. Para acabar com esse pesadelo, eles precisar\u00e3o de todos \u2014 o grupo inteiro \u2014 unidos, pela \u00faltima vez.\u201d<\/p>\n<\/blockquote>\n<p>Dessa forma, al\u00e9m dos novos epis\u00f3dios, \u00e9 poss\u00edvel ver as notas de cada cap\u00edtulo das temporadas anteriores no <a href=\"https:\/\/en.wikipedia.org\/wiki\/IMDb\" target=\"_blank\" rel=\"noopener nofollow\">IMDb<\/a>, e comparando-os, \u00e9 poss\u00edvel chegar a lista dos 5 epis\u00f3dios mais bem avaliados da s\u00e9rie; veja quais s\u00e3o:<\/p>\n<p> 1. Feiticeiro: 9.7\/10 <img loading=\"lazy\" decoding=\"async\" class=\"size-full wp-image-59043 img-fluid lazy\" alt=\"Vecna e Will em cena de &quot;Stranger Things&quot;\" width=\"1280\" height=\"720\" src=\"https:\/\/www.europesays.com\/pt\/wp-content\/uploads\/2025\/12\/stranger-things-vecna-will-final-volume-1-capa.jpg\"  \/>Vecna e Will em cena de \u201cStranger Things\u201d \u2013 Divulga\u00e7\u00e3o\/Netflix <\/p>\n<p>Da temporada 5, \u201cFeiticeiro\u201d \u00e9 o quarto epis\u00f3dio da season e o detentor da maior avalia\u00e7\u00e3o da hist\u00f3ria da s\u00e9rie, acumulando nota de 9, 7 de 10 com 38 mil avalia\u00e7\u00f5es.<\/p>\n<p>Na trama, \u00e9 poss\u00edvel descobrir mais sobre o plano de Vecna, o paradeiro de Max, o ser poderoso escondido pelos militares e, \u00e9 claro, a nova habilidade de Will.<\/p>\n<p> 2. O Massacre no Laborat\u00f3rio de Hawkins: 9.6\/10 <img loading=\"lazy\" decoding=\"async\" class=\"size-full wp-image-58820 img-fluid lazy\" alt=\"\" width=\"1862\" height=\"932\" src=\"https:\/\/www.europesays.com\/pt\/wp-content\/uploads\/2025\/12\/Temporada-4-Capitulo-Sete-O-massacre-no-laboratorio-de-Hawkins-Stranger-Things.png\"  \/>Cena do epis\u00f3dio \u201cCap\u00edtulo Sete O massacre no laborat\u00f3rio de Hawkins\u201d da temporada 2 de \u201cStranger Things\u201d \u2013 Reprodu\u00e7\u00e3o\/Netflix <\/p>\n<p>Epis\u00f3dio 7 da temporada 4, \u201cO Massacre no Laborat\u00f3rio de Hawkins\u201d apresenta o confronto entre Eleven e Henry Creel (One), mostrando ainda como Henry se transformou em Vecna ap\u00f3s Eleven o mandar para o Mundo Invertido. A trama conquistou nota 9,6 de 10 no IMBb.<\/p>\n<p> 3. Querido Billy: 9.5\/10 <img loading=\"lazy\" decoding=\"async\" class=\"size-full wp-image-35201 img-fluid lazy\" alt=\"Sadie Sink como Max em cena do epis\u00f3dio 'Querido Billy' em \u2018Stranger Things\u2019\" width=\"1280\" height=\"720\" src=\"https:\/\/www.europesays.com\/pt\/wp-content\/uploads\/2025\/12\/max_capa.jpg\"\/>Sadie Sink como Max em cena do epis\u00f3dio \u2018Querido Billy\u2019 em \u2018Stranger Things\u2019 \u2013 Divulga\u00e7\u00e3o\/ Netflix <\/p>\n<p>Tamb\u00e9m na quarta temporada, o cap\u00edtulo quatro, intitulado \u201cQuerido Billy\u201d, ganha destaque com nota 9.5. No enredo, Max tem a mente invadida por Vecna no cemit\u00e9rio enquanto visita o tumulo de Billy, mas consegue recobrar sua consci\u00eancia e retornar a salvo ao relembrar momentos felizes ao som de \u201cRunning Up That Hill\u201d, de <strong>Kate Bush<\/strong>.<\/p>\n<p> 4. De ponta-cabe\u00e7a e O Portal: 9,3 <img loading=\"lazy\" decoding=\"async\" class=\"size-full wp-image-59317 img-fluid lazy\" alt=\"\" width=\"1280\" height=\"720\" src=\"https:\/\/www.europesays.com\/pt\/wp-content\/uploads\/2025\/12\/De-ponta-cabeca-e-O-Portal-Stranger-Things_capa.jpg\"  \/>Cenas dos epis\u00f3dios \u201cDe ponta-cabe\u00e7a\u201d e \u201cO Portal\u201d, de Stranger Things \u2013 Reprodu\u00e7\u00e3o\/Netflix <\/p>\n<p>Com 35 mil votos, \u201cDe ponta-cabe\u00e7a\u201d \u00e9 o oitavo epis\u00f3dio da primeira temporada, o qual recebeu nota de 9,3. \u00c9 nesse cap\u00edtulo que Will \u00e9 encontrado ap\u00f3s ser sequestrado em 6 de novembro de 1983 por um demogorgon e levado ao Mundo Invertido.<\/p>\n<p>Al\u00e9m dele, \u201cO Portal\u201d, epis\u00f3dio final da segunda temporada, tamb\u00e9m obt\u00e9m a mesma nota a partir de 33 mil avalia\u00e7\u00f5es. Na trama, Eleven usa seus poderes para fechar o portal principal para o Mundo Invertido.<\/p>\n<p> 5. A batalha de Starcourt e O Devorador de Mentes: 9,2\/10 <img loading=\"lazy\" decoding=\"async\" class=\"size-full wp-image-59318 img-fluid lazy\" alt=\"\" width=\"1280\" height=\"720\" src=\"https:\/\/www.europesays.com\/pt\/wp-content\/uploads\/2025\/12\/A-batalha-de-Starcourt-e-O-Devorador-de-Mentes-Stranger-Things_capa.jpg\"  \/>Cenas de \u201cA batalha de Starcourt\u201d e \u201cO Devorador de Mentes\u201d, epis\u00f3dios de Stranger Things \u2013 Reprodu\u00e7\u00e3o\/Netflix <\/p>\n<p>Tamb\u00e9m em um empate, h\u00e1 dois epis\u00f3dios da s\u00e9rie da <a href=\"https:\/\/www.netflix.com\/br\/\" target=\"_blank\" rel=\"noopener nofollow\">Netflix<\/a> que ocupam o quinto do lugar da lista com nota de 9,2, o primeiro com 39 mil e o segundo com 30 mil avalia\u00e7\u00f5es; s\u00e3o eles:<\/p>\n<p>\u201cA batalha de Starcourt\u201d: oitavo e \u00faltimo epis\u00f3dio da terceira temporada, o qual acompanha os her\u00f3is lutando contra o Devorador de Mentes enquanto tentam fechar o portal para o Mundo Invertido aberto pelos russos.<\/p>\n<p>\u201cO Devorador de Mentes\u201d: cap\u00edtulo oito da segunda temporada, a narrativa segue Will, Joyce, Hopper e outros personagens presos no laborat\u00f3rio de Hawkis a beira da morte ap\u00f3s o lugar se infestado por demogorgons, sendo salvos por uma morte surpreendente. \u00c9 tamb\u00e9m nesse epis\u00f3dio que Will tenta se livrar do dom\u00ednio do Devorador de Mentes.<\/p>\n<p>        <a href=\"https:\/\/recreio.com.br\/noticias\/author\/izabela-queiroz\" rel=\"nofollow noopener\" target=\"_blank\">&#13;<br \/>\n          <img alt=\"Izabela Queiroz\" src=\"https:\/\/www.europesays.com\/pt\/wp-content\/uploads\/2025\/12\/1764701311_503_73c0b9c1056486c3f0ac887fc031213cdd608512c3b419d28e1ba5da81c3eb12\"  class=\"avatar avatar-115 photo rounded-circle mr-3\" height=\"115\" width=\"115\" loading=\"lazy\" decoding=\"async\"\/>        <\/a><\/p>\n<p>Izabela Queiroz, jornalista por paix\u00e3o e cin\u00e9fila de carteirinha. Formada pela UNINOVE, encontrou na escrita o lugar ideal para unir tudo o que mais gosta: filmes, s\u00e9ries e m\u00fasica. Nos textos, h\u00e1 quase sempre refer\u00eancias a algo relacionado \u00e0 cultura pop que a marcou. Fora deles, a encontrar\u00e1 assistindo hist\u00f3rias com reviravoltas chocantes, romances cativantes e dramas que a fazem chorar.<\/p>\n<p>\t                                            <script async src=\"\/\/www.instagram.com\/embed.js\"><\/script><\/p>\n","protected":false},"excerpt":{"rendered":"A quinta temporada de \u201cStranger Things\u201d mal chegou e j\u00e1 colocou um dos epis\u00f3dios do Volume 1 como&hellip;\n","protected":false},"author":2,"featured_media":173401,"comment_status":"","ping_status":"","sticky":false,"template":"","format":"standard","meta":{"footnotes":""},"categories":[142],"tags":[114,115,716,32,33,941,1611,151],"class_list":{"0":"post-173400","1":"post","2":"type-post","3":"status-publish","4":"format-standard","5":"has-post-thumbnail","7":"category-tv","8":"tag-entertainment","9":"tag-entretenimento","10":"tag-netflix","11":"tag-portugal","12":"tag-pt","13":"tag-series","14":"tag-stranger-things","15":"tag-tv"},"share_on_mastodon":{"url":"https:\/\/pubeurope.com\/@pt\/115651471752273565","error":""},"_links":{"self":[{"href":"https:\/\/www.europesays.com\/pt\/wp-json\/wp\/v2\/posts\/173400","targetHints":{"allow":["GET"]}}],"collection":[{"href":"https:\/\/www.europesays.com\/pt\/wp-json\/wp\/v2\/posts"}],"about":[{"href":"https:\/\/www.europesays.com\/pt\/wp-json\/wp\/v2\/types\/post"}],"author":[{"embeddable":true,"href":"https:\/\/www.europesays.com\/pt\/wp-json\/wp\/v2\/users\/2"}],"replies":[{"embeddable":true,"href":"https:\/\/www.europesays.com\/pt\/wp-json\/wp\/v2\/comments?post=173400"}],"version-history":[{"count":0,"href":"https:\/\/www.europesays.com\/pt\/wp-json\/wp\/v2\/posts\/173400\/revisions"}],"wp:featuredmedia":[{"embeddable":true,"href":"https:\/\/www.europesays.com\/pt\/wp-json\/wp\/v2\/media\/173401"}],"wp:attachment":[{"href":"https:\/\/www.europesays.com\/pt\/wp-json\/wp\/v2\/media?parent=173400"}],"wp:term":[{"taxonomy":"category","embeddable":true,"href":"https:\/\/www.europesays.com\/pt\/wp-json\/wp\/v2\/categories?post=173400"},{"taxonomy":"post_tag","embeddable":true,"href":"https:\/\/www.europesays.com\/pt\/wp-json\/wp\/v2\/tags?post=173400"}],"curies":[{"name":"wp","href":"https:\/\/api.w.org\/{rel}","templated":true}]}}