{"id":173406,"date":"2025-12-02T18:53:10","date_gmt":"2025-12-02T18:53:10","guid":{"rendered":"https:\/\/www.europesays.com\/pt\/173406\/"},"modified":"2025-12-02T18:53:10","modified_gmt":"2025-12-02T18:53:10","slug":"jornalista-marcante-de-portugal-morre-aos-67-anos","status":"publish","type":"post","link":"https:\/\/www.europesays.com\/pt\/173406\/","title":{"rendered":"Jornalista Marcante de Portugal Morre aos 67 Anos"},"content":{"rendered":"<p>A jornalista Constan\u00e7a Cunha e S\u00e1 morreu esta ter\u00e7a-feira, aos 67 anos.<\/p>\n<p>Nascida em 23 de agosto de 1958, em Lisboa, foi professora de filosofia durante tr\u00eas anos mas iniciou-se no jornalismo aos 29 anos, na primeira gera\u00e7\u00e3o da revista\u00a0S\u00e1bado, ent\u00e3o dirigida por Joaquim Letria. Fez parte da reda\u00e7\u00e3o do seman\u00e1rio Independente, jornal de que chegou a ser diretora, e foi redatora principal do Di\u00e1rio Econ\u00f3mico.<\/p>\n<p>Durante muitos anos, integrou a reda\u00e7\u00e3o da TVI, em que foi editora de Pol\u00edtica, mas abandonou esta esta\u00e7\u00e3o de televis\u00e3o em 2020 quando a Cofina estava em vias de entrar na Media Capital. &#8220;Sa\u00ed da TVI, que durante muitos anos foi a minha casa, por uma quest\u00e3o de dignidade, sa\u00fade mental e higiene. Nunca acabaria a minha vida profissional a trabalhar para a Cofina. Lamento&#8221;, justificou ent\u00e3o.<\/p>\n<p>Um ano depois, acabaria por voltar \u00e0 TVI para fazer coment\u00e1rio pol\u00edtico.<\/p>\n<p>Amante de livros e m\u00fasica cl\u00e1ssica, fumadora, tinha a acutil\u00e2ncia e a intelig\u00eancia como algumas das caracter\u00edsticas mais marcantes.<\/p>\n<p>&#8220;Inteligente, culta, frontal, com tanta ironia quanto exig\u00eancia. Nela encarnou o escr\u00fapulo jornal\u00edstico. Amava a vida em e com todas as contradi\u00e7\u00f5es. Humana, demasiado humana para o nosso tempo &#8211; o tempo da artificial intelig\u00eancia. Adeus, Constan\u00e7a&#8221;, reagiu Paulo Rangel, ministro dos Neg\u00f3cios Estrangeiros.<\/p>\n","protected":false},"excerpt":{"rendered":"A jornalista Constan\u00e7a Cunha e S\u00e1 morreu esta ter\u00e7a-feira, aos 67 anos. Nascida em 23 de agosto de&hellip;\n","protected":false},"author":2,"featured_media":173407,"comment_status":"","ping_status":"","sticky":false,"template":"","format":"standard","meta":{"footnotes":""},"categories":[85],"tags":[36124,114,115,2409,32,33],"class_list":{"0":"post-173406","1":"post","2":"type-post","3":"status-publish","4":"format-standard","5":"has-post-thumbnail","7":"category-entretenimento","8":"tag-constanca-cunha-e-sa","9":"tag-entertainment","10":"tag-entretenimento","11":"tag-obito","12":"tag-portugal","13":"tag-pt"},"share_on_mastodon":{"url":"https:\/\/pubeurope.com\/@pt\/115651491021231049","error":""},"_links":{"self":[{"href":"https:\/\/www.europesays.com\/pt\/wp-json\/wp\/v2\/posts\/173406","targetHints":{"allow":["GET"]}}],"collection":[{"href":"https:\/\/www.europesays.com\/pt\/wp-json\/wp\/v2\/posts"}],"about":[{"href":"https:\/\/www.europesays.com\/pt\/wp-json\/wp\/v2\/types\/post"}],"author":[{"embeddable":true,"href":"https:\/\/www.europesays.com\/pt\/wp-json\/wp\/v2\/users\/2"}],"replies":[{"embeddable":true,"href":"https:\/\/www.europesays.com\/pt\/wp-json\/wp\/v2\/comments?post=173406"}],"version-history":[{"count":0,"href":"https:\/\/www.europesays.com\/pt\/wp-json\/wp\/v2\/posts\/173406\/revisions"}],"wp:featuredmedia":[{"embeddable":true,"href":"https:\/\/www.europesays.com\/pt\/wp-json\/wp\/v2\/media\/173407"}],"wp:attachment":[{"href":"https:\/\/www.europesays.com\/pt\/wp-json\/wp\/v2\/media?parent=173406"}],"wp:term":[{"taxonomy":"category","embeddable":true,"href":"https:\/\/www.europesays.com\/pt\/wp-json\/wp\/v2\/categories?post=173406"},{"taxonomy":"post_tag","embeddable":true,"href":"https:\/\/www.europesays.com\/pt\/wp-json\/wp\/v2\/tags?post=173406"}],"curies":[{"name":"wp","href":"https:\/\/api.w.org\/{rel}","templated":true}]}}